{"id":23953,"date":"2024-01-19T09:41:55","date_gmt":"2024-01-19T08:41:55","guid":{"rendered":"https:\/\/agora.xtec.cat\/iesagustiserra\/?p=23953"},"modified":"2024-01-26T14:43:30","modified_gmt":"2024-01-26T13:43:30","slug":"4t-deso-visita-loficina-jove","status":"publish","type":"post","link":"https:\/\/agora.xtec.cat\/iesagustiserra\/general\/4t-deso-visita-loficina-jove\/","title":{"rendered":"4t d&#8217;ESO visita l&#8217;Oficina jove"},"content":{"rendered":"<p>Autora<em>: Marta Sol\u00e9<\/em><\/p>\n<hr \/>\n<p style=\"text-align: justify;\">Un element fonamental de l&#8217;educaci\u00f3 \u00e9s donar oportunitats a l\u2019alumnat per viure experi\u00e8ncies que els ajudin a cr\u00e9ixer i prendre decisions informades sobre el seu futur.<\/p>\n<p style=\"text-align: justify;\">Recentment, el grup de<strong> 4t d&#8217;ESO<\/strong> de l&#8217;Institut, va poder d&#8217;explorar un recurs molt valu\u00f3s per al seu futur.\u00a0Aquesta activitat <span style=\"font-weight: 400;\">forma part del <strong><a href=\"https:\/\/www.sabadell.cat\/ca\/ciutat-i-escola\" target=\"_blank\" rel=\"noopener\">programa Ciutat i Escola amb el suport de l\u2019Ajuntament de Sabadell.<\/a><a href=\"https:\/\/www.sabadell.cat\/ca\/ciutat-i-escola\" target=\"_blank\" rel=\"noopener\"><img loading=\"lazy\" decoding=\"async\" class=\"wp-image-23965\" src=\"https:\/\/agora.xtec.cat\/iesagustiserra\/wp-content\/uploads\/usu1681\/2024\/01\/Ajuntament-color-plegat-i-petit.jpg\" alt=\"\" width=\"65\" height=\"23\" \/><\/a><\/strong><\/span>.<\/p>\n<p style=\"text-align: justify;\">Vam gaudir d\u2019una sessi\u00f3 informativa sobre les assessories gratu\u00eftes que l&#8217;<a href=\"https:\/\/web.sabadell.cat\/joves\" target=\"_blank\" rel=\"noopener\">Oficina Jove<\/a> ofereix als joves residents de la nostra comunitat.<\/p>\n<p style=\"text-align: justify;\">L&#8217;Oficina Jove de la Ciutat \u00e9s un recurs molt recomanable per als joves de la nostra comunitat. Aquest centre, creat per a donar suport i guia als joves en la seva transici\u00f3 a l&#8217;edat adulta, ofereix una \u00e0mplia gamma de serveis i recursos que ajuden els estudiants a prendre decisions importants sobre l&#8217;educaci\u00f3, la formaci\u00f3 i la carrera professional.<\/p>\n<p style=\"text-align: justify;\">En la seva visita a l<a href=\"https:\/\/web.sabadell.cat\/joves\" target=\"_blank\" rel=\"noopener\">&#8216;Oficina Jove<\/a>, els estudiants de 4t d&#8217;ESO van ser presentats a diverses \u00e0rees d&#8217;assessorament, incloent-hi:<\/p>\n<ul style=\"text-align: justify;\">\n<li style=\"list-style-type: none;\">\n<ul>\n<li>Acompanyament emocional: Orientem i acompanyem als joves en situacions de dificultats o bloqueig emocional sigui quin sigui el motiu.<\/li>\n<li>Punt lila: Atenci\u00f3, orientaci\u00f3 i assessorament entorn de les desigualtats de g\u00e8nere i les viol\u00e8ncies masclistes.<\/li>\n<li>Educaci\u00f3 i formaci\u00f3: Cicles formatius, universitat, convalidacions, beques, estudis a l&#8217;estranger, recerca\u2026<\/li>\n<li>Ocupaci\u00f3: Primeres feines, de temporada, curr\u00edculum, resoldre dubtes, com inscriure&#8217;s al SOC, Referents d&#8217;Ocupaci\u00f3\u2026<\/li>\n<li>Mobilitat internacional: Treballar, estudiar, estades, intercanvis, camps de treball, voluntariat a l&#8217;estranger\u2026<\/li>\n<li>Associacionisme: Orientem en la creaci\u00f3 d&#8217;entitats o associacions juvenils. Subvencions, log\u00edstica o infraestructures.<\/li>\n<li>Drogues i pantalles: Atenci\u00f3 i orientaci\u00f3 als joves i a les seves fam\u00edlies sobre consum i efectes de les drogues i l&#8217;ab\u00fas de pantalles.<\/li>\n<\/ul>\n<\/li>\n<\/ul>\n<p style=\"text-align: justify;\">L\u2019alumnat va gaudir d&#8217;una visita informativa i interactiva a l&#8217;<a href=\"https:\/\/web.sabadell.cat\/joves\" target=\"_blank\" rel=\"noopener\">Oficina Jove<\/a>. Van tenir l&#8217;oportunitat de fer preguntes, con\u00e8ixer als experts i, el m\u00e9s important, obtenir una comprensi\u00f3 m\u00e9s gran de les oportunitats disponibles per a ells a mesura que es preparen per a la seva transici\u00f3 a la vida adulta.<\/p>\n<p style=\"text-align: justify;\">Un dels estudiants va comentar: &#8220;No sabia que hi havia tantes opcions disponibles per a nosaltres. L&#8217;Oficina Jove m&#8217;ha donat una idea m\u00e9s clara del que vull fer despr\u00e9s de l&#8217;institut.&#8221;<\/p>\n<p style=\"text-align: justify;\">Agra\u00efm a l&#8217;<a href=\"https:\/\/web.sabadell.cat\/joves\" target=\"_blank\" rel=\"noopener\">Oficina Jove<\/a> l\u2019amabilitat i disposici\u00f3 per obrir-nos les portes i ajudar-nos a guiar al nostre alumnat cap a un futur prometedor.<\/p>\n<div id='gallery-1' class='gallery galleryid-23953 gallery-columns-2 gallery-size-full'><figure class='gallery-item'>\n\t\t\t<div class='gallery-icon landscape'>\n\t\t\t\t<a href='https:\/\/agora.xtec.cat\/iesagustiserra\/general\/4t-deso-visita-loficina-jove\/attachment\/oficina-jove-1\/'><img loading=\"lazy\" decoding=\"async\" width=\"1024\" height=\"768\" src=\"https:\/\/agora.xtec.cat\/iesagustiserra\/wp-content\/uploads\/usu1681\/2024\/01\/oficina-jove-1.jpg\" class=\"attachment-full size-full\" alt=\"\" srcset=\"https:\/\/agora.xtec.cat\/iesagustiserra\/wp-content\/uploads\/usu1681\/2024\/01\/oficina-jove-1.jpg 1024w, https:\/\/agora.xtec.cat\/iesagustiserra\/wp-content\/uploads\/usu1681\/2024\/01\/oficina-jove-1-300x225.jpg 300w, https:\/\/agora.xtec.cat\/iesagustiserra\/wp-content\/uploads\/usu1681\/2024\/01\/oficina-jove-1-768x576.jpg 768w, https:\/\/agora.xtec.cat\/iesagustiserra\/wp-content\/uploads\/usu1681\/2024\/01\/oficina-jove-1-200x150.jpg 200w\" sizes=\"auto, (max-width: 1024px) 100vw, 1024px\" \/><\/a>\n\t\t\t<\/div><\/figure><figure class='gallery-item'>\n\t\t\t<div class='gallery-icon landscape'>\n\t\t\t\t<a href='https:\/\/agora.xtec.cat\/iesagustiserra\/general\/4t-deso-visita-loficina-jove\/attachment\/oficina-jove-2-2\/'><img loading=\"lazy\" decoding=\"async\" width=\"1024\" height=\"768\" src=\"https:\/\/agora.xtec.cat\/iesagustiserra\/wp-content\/uploads\/usu1681\/2024\/01\/oficina-jove-2.jpg\" class=\"attachment-full size-full\" alt=\"\" srcset=\"https:\/\/agora.xtec.cat\/iesagustiserra\/wp-content\/uploads\/usu1681\/2024\/01\/oficina-jove-2.jpg 1024w, https:\/\/agora.xtec.cat\/iesagustiserra\/wp-content\/uploads\/usu1681\/2024\/01\/oficina-jove-2-300x225.jpg 300w, https:\/\/agora.xtec.cat\/iesagustiserra\/wp-content\/uploads\/usu1681\/2024\/01\/oficina-jove-2-768x576.jpg 768w, https:\/\/agora.xtec.cat\/iesagustiserra\/wp-content\/uploads\/usu1681\/2024\/01\/oficina-jove-2-200x150.jpg 200w\" sizes=\"auto, (max-width: 1024px) 100vw, 1024px\" \/><\/a>\n\t\t\t<\/div><\/figure>\n\t\t<\/div>\n\n","protected":false},"excerpt":{"rendered":"<p>Autora: Marta Sol\u00e9 Un element fonamental de l&#8217;educaci\u00f3 \u00e9s donar oportunitats a l\u2019alumnat per viure experi\u00e8ncies que els ajudin a [&hellip;]<\/p>\n","protected":false},"author":1,"featured_media":23956,"comment_status":"open","ping_status":"closed","sticky":false,"template":"","format":"standard","meta":{"site-sidebar-layout":"default","site-content-layout":"","ast-site-content-layout":"","site-content-style":"default","site-sidebar-style":"default","ast-global-header-display":"","ast-banner-title-visibility":"","ast-main-header-display":"","ast-hfb-above-header-display":"","ast-hfb-below-header-display":"","ast-hfb-mobile-header-display":"","site-post-title":"","ast-breadcrumbs-content":"","ast-featured-img":"","footer-sml-layout":"","theme-transparent-header-meta":"","adv-header-id-meta":"","stick-header-meta":"","header-above-stick-meta":"","header-main-stick-meta":"","header-below-stick-meta":"","astra-migrate-meta-layouts":"default","ast-page-background-enabled":"default","ast-page-background-meta":{"desktop":{"background-color":"var(--ast-global-color-4)","background-image":"","background-repeat":"repeat","background-position":"center center","background-size":"auto","background-attachment":"scroll","background-type":"","background-media":"","overlay-type":"","overlay-color":"","overlay-opacity":"","overlay-gradient":""},"tablet":{"background-color":"","background-image":"","background-repeat":"repeat","background-position":"center center","background-size":"auto","background-attachment":"scroll","background-type":"","background-media":"","overlay-type":"","overlay-color":"","overlay-opacity":"","overlay-gradient":""},"mobile":{"background-color":"","background-image":"","background-repeat":"repeat","background-position":"center center","background-size":"auto","background-attachment":"scroll","background-type":"","background-media":"","overlay-type":"","overlay-color":"","overlay-opacity":"","overlay-gradient":""}},"ast-content-background-meta":{"desktop":{"background-color":"var(--ast-global-color-5)","background-image":"","background-repeat":"repeat","background-position":"center center","background-size":"auto","background-attachment":"scroll","background-type":"","background-media":"","overlay-type":"","overlay-color":"","overlay-opacity":"","overlay-gradient":""},"tablet":{"background-color":"var(--ast-global-color-5)","background-image":"","background-repeat":"repeat","background-position":"center center","background-size":"auto","background-attachment":"scroll","background-type":"","background-media":"","overlay-type":"","overlay-color":"","overlay-opacity":"","overlay-gradient":""},"mobile":{"background-color":"var(--ast-global-color-5)","background-image":"","background-repeat":"repeat","background-position":"center center","background-size":"auto","background-attachment":"scroll","background-type":"","background-media":"","overlay-type":"","overlay-color":"","overlay-opacity":"","overlay-gradient":""}},"footnotes":""},"categories":[7,24,25,26,700,1,29],"tags":[297,871,1074],"class_list":["post-23953","post","type-post","status-publish","format-standard","has-post-thumbnail","hentry","category-eso-4","category-eso-4a","category-eso-4b","category-eso-4c","category-eso-4d","category-general","category-portada","tag-4teso","tag-curs-2023-24","tag-oficina-jove"],"post_mailing_queue_ids":[],"_links":{"self":[{"href":"https:\/\/agora.xtec.cat\/iesagustiserra\/wp-json\/wp\/v2\/posts\/23953","targetHints":{"allow":["GET"]}}],"collection":[{"href":"https:\/\/agora.xtec.cat\/iesagustiserra\/wp-json\/wp\/v2\/posts"}],"about":[{"href":"https:\/\/agora.xtec.cat\/iesagustiserra\/wp-json\/wp\/v2\/types\/post"}],"author":[{"embeddable":true,"href":"https:\/\/agora.xtec.cat\/iesagustiserra\/wp-json\/wp\/v2\/users\/1"}],"replies":[{"embeddable":true,"href":"https:\/\/agora.xtec.cat\/iesagustiserra\/wp-json\/wp\/v2\/comments?post=23953"}],"version-history":[{"count":4,"href":"https:\/\/agora.xtec.cat\/iesagustiserra\/wp-json\/wp\/v2\/posts\/23953\/revisions"}],"predecessor-version":[{"id":24064,"href":"https:\/\/agora.xtec.cat\/iesagustiserra\/wp-json\/wp\/v2\/posts\/23953\/revisions\/24064"}],"wp:featuredmedia":[{"embeddable":true,"href":"https:\/\/agora.xtec.cat\/iesagustiserra\/wp-json\/wp\/v2\/media\/23956"}],"wp:attachment":[{"href":"https:\/\/agora.xtec.cat\/iesagustiserra\/wp-json\/wp\/v2\/media?parent=23953"}],"wp:term":[{"taxonomy":"category","embeddable":true,"href":"https:\/\/agora.xtec.cat\/iesagustiserra\/wp-json\/wp\/v2\/categories?post=23953"},{"taxonomy":"post_tag","embeddable":true,"href":"https:\/\/agora.xtec.cat\/iesagustiserra\/wp-json\/wp\/v2\/tags?post=23953"}],"curies":[{"name":"wp","href":"https:\/\/api.w.org\/{rel}","templated":true}]}}