{"id":23802,"date":"2023-12-20T10:28:18","date_gmt":"2023-12-20T09:28:18","guid":{"rendered":"https:\/\/agora.xtec.cat\/iesagustiserra\/?p=23802"},"modified":"2023-12-20T10:40:23","modified_gmt":"2023-12-20T09:40:23","slug":"lart-de-la-linia-amb-2n-i-4t-de-leso","status":"publish","type":"post","link":"https:\/\/agora.xtec.cat\/iesagustiserra\/general\/lart-de-la-linia-amb-2n-i-4t-de-leso\/","title":{"rendered":"L&#8217;art de la l\u00ednia amb 2n i 4t de l&#8217;ESO"},"content":{"rendered":"<p style=\"text-align: left;\">Autora: <em>Pepa Sabater de Visual i Pl\u00e0stica<\/em><\/p>\n<h3 style=\"text-align: center;\"><strong>L&#8217;ART DE LA L\u00cdNIA.<\/strong><\/h3>\n<blockquote>\n<p style=\"text-align: center;\"><strong><span style=\"color: #ff6600;\">El tra\u00e7 solt, contorns de siluetes i dissenys abstractes amb la t\u00e8cnica de Zentangle<\/span><\/strong><\/p>\n<\/blockquote>\n<h5 style=\"text-align: center;\"><a class=\"button normal\" style=\"padding: 0.5em; margin: 0.1em; color: white !important; background-color: #767676;\" href=\"https:\/\/agora.xtec.cat\/iesagustiserra\/wp-content\/uploads\/usu1681\/2023\/12\/Text-exposicio-lart-de-la-linia-Visual-i-plastica-2n-i-4t-ESO-Pepa-Sabater.pdf\" target=\"_blank\" rel=\"noopener noreferrer\">SABER M\u00c9S SOBRE L&#8217;EXPOSICI\u00d3<\/a><\/h5>\n<p style=\"text-align: justify;\">L&#8217;alumnat de <strong>2n i 4t d\u2019ESO<\/strong> ha realitzat una exposici\u00f3 amb els treballs creats en la mat\u00e8ria de Visual i Pl\u00e0stica durant el primer trimestre. L\u2019exposici\u00f3 recull una mostra de la feina de l\u00ednia solta amb realitzaci\u00f3 de bucles abstractes que expressen l\u00ednies vives sense interrupci\u00f3 del seu tra\u00e7, aix\u00f2 suposa l\u2019assoliment d\u2019una pr\u00e0ctica repetida en la disciplina de l\u2019aula i l&#8217;expressi\u00f3 de la seva destresa en aquest tipus de tra\u00e7, un tra\u00e7 que fa front al buit i blanc del paper amb un sol moviment espontani que preveu el resultat i demostra una maduresa creativa. Tamb\u00e9\u00a0podem veure el tra\u00e7at de siluetes de fulles d\u2019arbres on s\u2019ha practicat la mem\u00f2ria visual del seu contorn fent un seguiment dels detalls i aconseguint una proporci\u00f3 major als models vistos, mitjan\u00e7ant l\u2019aprenentatge intu\u00eftiu i t\u00e8cnic de la lectura d\u2019imatges i amb tot el que aporta mentalment un proc\u00e9s lent i profund d\u2019observaci\u00f3 de la realitat.<\/p>\n<p style=\"text-align: justify;\">Finalment, l&#8217;alumnat ha dissenyat l\u2019interior de formes abstractes i siluetes amb la t\u00e8cnica del \u00ab<strong>Zentangle<\/strong>\u00bb, realitzant composicions originals amb un impacte visual i pl\u00e0stic ple de bellesa. \u00abEl <em>Zentangle<\/em>\u00bb \u00e9s una t\u00e8cnica que consisteix a crear dibuixos a partir de patrons abstractes anomenats <em>tangles<\/em> o embolic de l\u00ednies sobre la base d&#8217;estructures b\u00e0siques i realitzat de manera meditativa o conscient, no consisteix a fer simples gargots. S\u2019hi dibuixen formes geom\u00e8triques, corbes i l\u00ednies repetitives dins d\u2019un espai regular o irregular seguint un fil que dona estructura a la composici\u00f3 total de l\u2019espai. L\u2019objectiu principal del <em>zentangle<\/em> \u00e9s induir a la meditaci\u00f3 i la calma, per tant, podem dir que est\u00e0 incl\u00f2s en l\u2019anomenada modalitat d\u2019art-ter\u00e0pia. Es vol, que el dibuix sigui un acte conscient, agradable, meditatiu i de celebraci\u00f3. \u00c9s un art per a tothom que no requereix una habilitat especial i els resultats del qual s\u00f3n sempre sorprenents i hipn\u00f2tics.<\/p>\n<div id='gallery-1' class='gallery galleryid-23802 gallery-columns-2 gallery-size-full'><figure class='gallery-item'>\n\t\t\t<div class='gallery-icon landscape'>\n\t\t\t\t<a href='https:\/\/agora.xtec.cat\/iesagustiserra\/general\/lart-de-la-linia-amb-2n-i-4t-de-leso\/attachment\/exposicio-art-de-la-linia-2n-a-visual-i-plastica\/'><img loading=\"lazy\" decoding=\"async\" width=\"2560\" height=\"1408\" src=\"https:\/\/agora.xtec.cat\/iesagustiserra\/wp-content\/uploads\/usu1681\/2023\/12\/Exposicio-Art-de-la-linia-2n-A-visual-i-plastica-scaled-e1703065022761.jpg\" class=\"attachment-full size-full\" alt=\"\" srcset=\"https:\/\/agora.xtec.cat\/iesagustiserra\/wp-content\/uploads\/usu1681\/2023\/12\/Exposicio-Art-de-la-linia-2n-A-visual-i-plastica-scaled-e1703065022761.jpg 2560w, https:\/\/agora.xtec.cat\/iesagustiserra\/wp-content\/uploads\/usu1681\/2023\/12\/Exposicio-Art-de-la-linia-2n-A-visual-i-plastica-scaled-e1703065022761-300x165.jpg 300w, https:\/\/agora.xtec.cat\/iesagustiserra\/wp-content\/uploads\/usu1681\/2023\/12\/Exposicio-Art-de-la-linia-2n-A-visual-i-plastica-scaled-e1703065022761-1024x563.jpg 1024w, https:\/\/agora.xtec.cat\/iesagustiserra\/wp-content\/uploads\/usu1681\/2023\/12\/Exposicio-Art-de-la-linia-2n-A-visual-i-plastica-scaled-e1703065022761-768x422.jpg 768w, https:\/\/agora.xtec.cat\/iesagustiserra\/wp-content\/uploads\/usu1681\/2023\/12\/Exposicio-Art-de-la-linia-2n-A-visual-i-plastica-scaled-e1703065022761-1536x845.jpg 1536w, https:\/\/agora.xtec.cat\/iesagustiserra\/wp-content\/uploads\/usu1681\/2023\/12\/Exposicio-Art-de-la-linia-2n-A-visual-i-plastica-scaled-e1703065022761-2048x1126.jpg 2048w\" sizes=\"auto, (max-width: 2560px) 100vw, 2560px\" \/><\/a>\n\t\t\t<\/div><\/figure><figure class='gallery-item'>\n\t\t\t<div class='gallery-icon landscape'>\n\t\t\t\t<a href='https:\/\/agora.xtec.cat\/iesagustiserra\/general\/lart-de-la-linia-amb-2n-i-4t-de-leso\/attachment\/exposicio-art-de-la-linia-2n-b-visual-i-plastica\/'><img loading=\"lazy\" decoding=\"async\" width=\"2560\" height=\"1408\" src=\"https:\/\/agora.xtec.cat\/iesagustiserra\/wp-content\/uploads\/usu1681\/2023\/12\/Exposicio-Art-de-la-linia-2n-B-visual-i-plastica-scaled-e1703065057120.jpg\" class=\"attachment-full size-full\" alt=\"\" srcset=\"https:\/\/agora.xtec.cat\/iesagustiserra\/wp-content\/uploads\/usu1681\/2023\/12\/Exposicio-Art-de-la-linia-2n-B-visual-i-plastica-scaled-e1703065057120.jpg 2560w, https:\/\/agora.xtec.cat\/iesagustiserra\/wp-content\/uploads\/usu1681\/2023\/12\/Exposicio-Art-de-la-linia-2n-B-visual-i-plastica-scaled-e1703065057120-300x165.jpg 300w, https:\/\/agora.xtec.cat\/iesagustiserra\/wp-content\/uploads\/usu1681\/2023\/12\/Exposicio-Art-de-la-linia-2n-B-visual-i-plastica-scaled-e1703065057120-1024x563.jpg 1024w, https:\/\/agora.xtec.cat\/iesagustiserra\/wp-content\/uploads\/usu1681\/2023\/12\/Exposicio-Art-de-la-linia-2n-B-visual-i-plastica-scaled-e1703065057120-768x422.jpg 768w, https:\/\/agora.xtec.cat\/iesagustiserra\/wp-content\/uploads\/usu1681\/2023\/12\/Exposicio-Art-de-la-linia-2n-B-visual-i-plastica-scaled-e1703065057120-1536x845.jpg 1536w, https:\/\/agora.xtec.cat\/iesagustiserra\/wp-content\/uploads\/usu1681\/2023\/12\/Exposicio-Art-de-la-linia-2n-B-visual-i-plastica-scaled-e1703065057120-2048x1126.jpg 2048w\" sizes=\"auto, (max-width: 2560px) 100vw, 2560px\" \/><\/a>\n\t\t\t<\/div><\/figure><figure class='gallery-item'>\n\t\t\t<div class='gallery-icon landscape'>\n\t\t\t\t<a href='https:\/\/agora.xtec.cat\/iesagustiserra\/general\/lart-de-la-linia-amb-2n-i-4t-de-leso\/attachment\/exposicio-art-de-la-linia-2n-c-visual-i-plastica\/'><img loading=\"lazy\" decoding=\"async\" width=\"2560\" height=\"1076\" src=\"https:\/\/agora.xtec.cat\/iesagustiserra\/wp-content\/uploads\/usu1681\/2023\/12\/Exposicio-Art-de-la-linia-2n-C-visual-i-plastica-scaled.jpg\" class=\"attachment-full size-full\" alt=\"\" srcset=\"https:\/\/agora.xtec.cat\/iesagustiserra\/wp-content\/uploads\/usu1681\/2023\/12\/Exposicio-Art-de-la-linia-2n-C-visual-i-plastica-scaled.jpg 2560w, https:\/\/agora.xtec.cat\/iesagustiserra\/wp-content\/uploads\/usu1681\/2023\/12\/Exposicio-Art-de-la-linia-2n-C-visual-i-plastica-300x126.jpg 300w, https:\/\/agora.xtec.cat\/iesagustiserra\/wp-content\/uploads\/usu1681\/2023\/12\/Exposicio-Art-de-la-linia-2n-C-visual-i-plastica-1024x430.jpg 1024w, https:\/\/agora.xtec.cat\/iesagustiserra\/wp-content\/uploads\/usu1681\/2023\/12\/Exposicio-Art-de-la-linia-2n-C-visual-i-plastica-768x323.jpg 768w, https:\/\/agora.xtec.cat\/iesagustiserra\/wp-content\/uploads\/usu1681\/2023\/12\/Exposicio-Art-de-la-linia-2n-C-visual-i-plastica-1536x645.jpg 1536w, https:\/\/agora.xtec.cat\/iesagustiserra\/wp-content\/uploads\/usu1681\/2023\/12\/Exposicio-Art-de-la-linia-2n-C-visual-i-plastica-2048x861.jpg 2048w\" sizes=\"auto, (max-width: 2560px) 100vw, 2560px\" \/><\/a>\n\t\t\t<\/div><\/figure><figure class='gallery-item'>\n\t\t\t<div class='gallery-icon landscape'>\n\t\t\t\t<a href='https:\/\/agora.xtec.cat\/iesagustiserra\/general\/lart-de-la-linia-amb-2n-i-4t-de-leso\/attachment\/exposicio-art-de-la-linia-2n-d-visual-i-plastica\/'><img loading=\"lazy\" decoding=\"async\" width=\"2560\" height=\"1065\" src=\"https:\/\/agora.xtec.cat\/iesagustiserra\/wp-content\/uploads\/usu1681\/2023\/12\/Exposicio-Art-de-la-linia-2n-D-visual-i-plastica-scaled.jpg\" class=\"attachment-full size-full\" alt=\"\" srcset=\"https:\/\/agora.xtec.cat\/iesagustiserra\/wp-content\/uploads\/usu1681\/2023\/12\/Exposicio-Art-de-la-linia-2n-D-visual-i-plastica-scaled.jpg 2560w, https:\/\/agora.xtec.cat\/iesagustiserra\/wp-content\/uploads\/usu1681\/2023\/12\/Exposicio-Art-de-la-linia-2n-D-visual-i-plastica-300x125.jpg 300w, https:\/\/agora.xtec.cat\/iesagustiserra\/wp-content\/uploads\/usu1681\/2023\/12\/Exposicio-Art-de-la-linia-2n-D-visual-i-plastica-1024x426.jpg 1024w, https:\/\/agora.xtec.cat\/iesagustiserra\/wp-content\/uploads\/usu1681\/2023\/12\/Exposicio-Art-de-la-linia-2n-D-visual-i-plastica-768x319.jpg 768w, https:\/\/agora.xtec.cat\/iesagustiserra\/wp-content\/uploads\/usu1681\/2023\/12\/Exposicio-Art-de-la-linia-2n-D-visual-i-plastica-1536x639.jpg 1536w, https:\/\/agora.xtec.cat\/iesagustiserra\/wp-content\/uploads\/usu1681\/2023\/12\/Exposicio-Art-de-la-linia-2n-D-visual-i-plastica-2048x852.jpg 2048w\" sizes=\"auto, (max-width: 2560px) 100vw, 2560px\" \/><\/a>\n\t\t\t<\/div><\/figure>\n\t\t<\/div>\n\n<div id='gallery-2' class='gallery galleryid-23802 gallery-columns-1 gallery-size-full'><figure class='gallery-item'>\n\t\t\t<div class='gallery-icon landscape'>\n\t\t\t\t<a href='https:\/\/agora.xtec.cat\/iesagustiserra\/general\/lart-de-la-linia-amb-2n-i-4t-de-leso\/attachment\/exposicio-art-de-la-linia-4t-ci-b-visual-i-plastica_0\/'><img loading=\"lazy\" decoding=\"async\" width=\"1024\" height=\"418\" src=\"https:\/\/agora.xtec.cat\/iesagustiserra\/wp-content\/uploads\/usu1681\/2023\/12\/Exposicio-Art-de-la-linia-4t-Ci-B-visual-i-plastica_0.jpg\" class=\"attachment-full size-full\" alt=\"\" srcset=\"https:\/\/agora.xtec.cat\/iesagustiserra\/wp-content\/uploads\/usu1681\/2023\/12\/Exposicio-Art-de-la-linia-4t-Ci-B-visual-i-plastica_0.jpg 1024w, https:\/\/agora.xtec.cat\/iesagustiserra\/wp-content\/uploads\/usu1681\/2023\/12\/Exposicio-Art-de-la-linia-4t-Ci-B-visual-i-plastica_0-300x122.jpg 300w, https:\/\/agora.xtec.cat\/iesagustiserra\/wp-content\/uploads\/usu1681\/2023\/12\/Exposicio-Art-de-la-linia-4t-Ci-B-visual-i-plastica_0-768x314.jpg 768w\" sizes=\"auto, (max-width: 1024px) 100vw, 1024px\" \/><\/a>\n\t\t\t<\/div><\/figure><figure class='gallery-item'>\n\t\t\t<div class='gallery-icon landscape'>\n\t\t\t\t<a href='https:\/\/agora.xtec.cat\/iesagustiserra\/general\/lart-de-la-linia-amb-2n-i-4t-de-leso\/attachment\/exposicio-art-de-la-linia-4t-ci-b-visual-i-plastica_1\/'><img loading=\"lazy\" decoding=\"async\" width=\"1024\" height=\"359\" src=\"https:\/\/agora.xtec.cat\/iesagustiserra\/wp-content\/uploads\/usu1681\/2023\/12\/Exposicio-Art-de-la-linia-4t-Ci-B-visual-i-plastica_1.jpg\" class=\"attachment-full size-full\" alt=\"\" srcset=\"https:\/\/agora.xtec.cat\/iesagustiserra\/wp-content\/uploads\/usu1681\/2023\/12\/Exposicio-Art-de-la-linia-4t-Ci-B-visual-i-plastica_1.jpg 1024w, https:\/\/agora.xtec.cat\/iesagustiserra\/wp-content\/uploads\/usu1681\/2023\/12\/Exposicio-Art-de-la-linia-4t-Ci-B-visual-i-plastica_1-300x105.jpg 300w, https:\/\/agora.xtec.cat\/iesagustiserra\/wp-content\/uploads\/usu1681\/2023\/12\/Exposicio-Art-de-la-linia-4t-Ci-B-visual-i-plastica_1-768x269.jpg 768w\" sizes=\"auto, (max-width: 1024px) 100vw, 1024px\" \/><\/a>\n\t\t\t<\/div><\/figure>\n\t\t<\/div>\n\n<p>&nbsp;<\/p>\n","protected":false},"excerpt":{"rendered":"<p>Autora: Pepa Sabater de Visual i Pl\u00e0stica L&#8217;ART DE LA L\u00cdNIA. El tra\u00e7 solt, contorns de siluetes i dissenys abstractes [&hellip;]<\/p>\n","protected":false},"author":1,"featured_media":23817,"comment_status":"open","ping_status":"closed","sticky":false,"template":"","format":"standard","meta":{"site-sidebar-layout":"default","site-content-layout":"","ast-site-content-layout":"","site-content-style":"default","site-sidebar-style":"default","ast-global-header-display":"","ast-banner-title-visibility":"","ast-main-header-display":"","ast-hfb-above-header-display":"","ast-hfb-below-header-display":"","ast-hfb-mobile-header-display":"","site-post-title":"","ast-breadcrumbs-content":"","ast-featured-img":"","footer-sml-layout":"","theme-transparent-header-meta":"","adv-header-id-meta":"","stick-header-meta":"","header-above-stick-meta":"","header-main-stick-meta":"","header-below-stick-meta":"","astra-migrate-meta-layouts":"default","ast-page-background-enabled":"default","ast-page-background-meta":{"desktop":{"background-color":"var(--ast-global-color-4)","background-image":"","background-repeat":"repeat","background-position":"center center","background-size":"auto","background-attachment":"scroll","background-type":"","background-media":"","overlay-type":"","overlay-color":"","overlay-opacity":"","overlay-gradient":""},"tablet":{"background-color":"","background-image":"","background-repeat":"repeat","background-position":"center center","background-size":"auto","background-attachment":"scroll","background-type":"","background-media":"","overlay-type":"","overlay-color":"","overlay-opacity":"","overlay-gradient":""},"mobile":{"background-color":"","background-image":"","background-repeat":"repeat","background-position":"center center","background-size":"auto","background-attachment":"scroll","background-type":"","background-media":"","overlay-type":"","overlay-color":"","overlay-opacity":"","overlay-gradient":""}},"ast-content-background-meta":{"desktop":{"background-color":"var(--ast-global-color-5)","background-image":"","background-repeat":"repeat","background-position":"center center","background-size":"auto","background-attachment":"scroll","background-type":"","background-media":"","overlay-type":"","overlay-color":"","overlay-opacity":"","overlay-gradient":""},"tablet":{"background-color":"var(--ast-global-color-5)","background-image":"","background-repeat":"repeat","background-position":"center center","background-size":"auto","background-attachment":"scroll","background-type":"","background-media":"","overlay-type":"","overlay-color":"","overlay-opacity":"","overlay-gradient":""},"mobile":{"background-color":"var(--ast-global-color-5)","background-image":"","background-repeat":"repeat","background-position":"center center","background-size":"auto","background-attachment":"scroll","background-type":"","background-media":"","overlay-type":"","overlay-color":"","overlay-opacity":"","overlay-gradient":""}},"footnotes":""},"categories":[5,14,15,290,7,25,26,1,29],"tags":[796,742,452,944,438,1067,1068,210],"class_list":["post-23802","post","type-post","status-publish","format-standard","has-post-thumbnail","hentry","category-eso-2","category-eso-2a","category-eso-2b","category-eso-2d","category-eso-4","category-eso-4b","category-eso-4c","category-general","category-portada","tag-2n-a-eso","tag-2n-b-eso","tag-2n-c-eso","tag-2n-d-eso","tag-4tb","tag-4tc","tag-art","tag-visual-i-plastica"],"post_mailing_queue_ids":[],"_links":{"self":[{"href":"https:\/\/agora.xtec.cat\/iesagustiserra\/wp-json\/wp\/v2\/posts\/23802","targetHints":{"allow":["GET"]}}],"collection":[{"href":"https:\/\/agora.xtec.cat\/iesagustiserra\/wp-json\/wp\/v2\/posts"}],"about":[{"href":"https:\/\/agora.xtec.cat\/iesagustiserra\/wp-json\/wp\/v2\/types\/post"}],"author":[{"embeddable":true,"href":"https:\/\/agora.xtec.cat\/iesagustiserra\/wp-json\/wp\/v2\/users\/1"}],"replies":[{"embeddable":true,"href":"https:\/\/agora.xtec.cat\/iesagustiserra\/wp-json\/wp\/v2\/comments?post=23802"}],"version-history":[{"count":6,"href":"https:\/\/agora.xtec.cat\/iesagustiserra\/wp-json\/wp\/v2\/posts\/23802\/revisions"}],"predecessor-version":[{"id":23816,"href":"https:\/\/agora.xtec.cat\/iesagustiserra\/wp-json\/wp\/v2\/posts\/23802\/revisions\/23816"}],"wp:featuredmedia":[{"embeddable":true,"href":"https:\/\/agora.xtec.cat\/iesagustiserra\/wp-json\/wp\/v2\/media\/23817"}],"wp:attachment":[{"href":"https:\/\/agora.xtec.cat\/iesagustiserra\/wp-json\/wp\/v2\/media?parent=23802"}],"wp:term":[{"taxonomy":"category","embeddable":true,"href":"https:\/\/agora.xtec.cat\/iesagustiserra\/wp-json\/wp\/v2\/categories?post=23802"},{"taxonomy":"post_tag","embeddable":true,"href":"https:\/\/agora.xtec.cat\/iesagustiserra\/wp-json\/wp\/v2\/tags?post=23802"}],"curies":[{"name":"wp","href":"https:\/\/api.w.org\/{rel}","templated":true}]}}