{"id":23015,"date":"2023-10-10T11:18:49","date_gmt":"2023-10-10T09:18:49","guid":{"rendered":"https:\/\/agora.xtec.cat\/iesagustiserra\/?p=23015"},"modified":"2023-10-10T11:20:47","modified_gmt":"2023-10-10T09:20:47","slug":"nou-cicle-formatiu-de-grau-superior-de-marqueting-i-publicitat","status":"publish","type":"post","link":"https:\/\/agora.xtec.cat\/iesagustiserra\/general\/nou-cicle-formatiu-de-grau-superior-de-marqueting-i-publicitat\/","title":{"rendered":"Nou Cicle Formatiu de Grau Superior de M\u00e0rqueting i publicitat"},"content":{"rendered":"<p style=\"text-align: justify;\"><span style=\"font-weight: 400;\">Aquest any estem d\u2019estrena! Hem iniciat la primera promoci\u00f3 del <strong><a href=\"https:\/\/agora.xtec.cat\/iesagustiserra\/estudis\/cicles-formatius\/comerc-i-marketing\/marqueting-i-publicitat-2\/\" target=\"_blank\" rel=\"noopener\">Cicle Formatiu de Grau Superior de M\u00e0rqueting i publicitat<\/a><\/strong> en horari de tarda i no podem estar m\u00e9s contents amb l\u2019acollida i la demanda que ha tingut. Un total de 90 estudiants han sol\u00b7licitat la inscripci\u00f3 al cicle, per\u00f2 tan sols 35 han pogut accedir oficialment. Amb una nota de tall de quasi un 8, l\u2019alumnat s\u2019ha mostrat molt motivat, involucrat i amb moltes ganes d\u2019aprendre. Es tracta d\u2019un grup amb moltes habilitats socials i comunicatives i grans capacitats d\u2019aprenentatge.\u00a0<\/span><\/p>\n<p style=\"text-align: justify;\"><span style=\"font-weight: 400;\">A m\u00e9s a m\u00e9s, hem tingut la sort de comptar amb la col\u00b7laboraci\u00f3 del <strong><a href=\"https:\/\/agora.xtec.cat\/iesagustiserra\/estudis\/cicles-formatius\/arts-grafiques-2\/\" target=\"_blank\" rel=\"noopener\">Departament d\u2019Arts gr\u00e0fiques<\/a><\/strong> per la impartici\u00f3 del m\u00f2dul de disseny i elaboraci\u00f3 de material de comunicaci\u00f3 amb els ordinadors MAC i la prestaci\u00f3 d\u2019altres materials fotogr\u00e0fics.<\/span><\/p>\n<p style=\"text-align: justify;\"><span style=\"font-weight: 400;\">Des del Departament de Comer\u00e7 i m\u00e0rqueting, s\u2019estan creant noves col\u00b7laboracions amb empreses dedicades al m\u00e0rqueting digital, desenvolupament web i aplicacions, SEO i SEM, xarxes socials i esdeveniments, per tal que l\u2019alumnat pugui realitzar les seves pr\u00e0ctiques en modalitat DUAL o FCT (Formaci\u00f3 en centres de treball) a les ag\u00e8ncies de m\u00e0rqueting m\u00e9s not\u00f2ries del Vall\u00e8s.<\/span><\/p>\n<p style=\"text-align: justify;\"><span style=\"font-weight: 400;\">Seguim treballant per oferir la millor oferta formativa a l&#8217;institut Agust\u00ed Serra i Fontanet.<\/span><\/p>\n<div id='gallery-1' class='gallery galleryid-23015 gallery-columns-2 gallery-size-full'><figure class='gallery-item'>\n\t\t\t<div class='gallery-icon landscape'>\n\t\t\t\t<a href='https:\/\/agora.xtec.cat\/iesagustiserra\/general\/nou-cicle-formatiu-de-grau-superior-de-marqueting-i-publicitat\/attachment\/nou-cicle-formatiu-de-grau-superior-de-marqueting-i-publicitat-al-nostre-centre-1\/'><img loading=\"lazy\" decoding=\"async\" width=\"1024\" height=\"768\" src=\"https:\/\/agora.xtec.cat\/iesagustiserra\/wp-content\/uploads\/usu1681\/2023\/10\/Nou-Cicle-Formatiu-de-Grau-Superior-de-Marqueting-i-Publicitat-al-nostre-centre-1.jpg\" class=\"attachment-full size-full\" alt=\"\" srcset=\"https:\/\/agora.xtec.cat\/iesagustiserra\/wp-content\/uploads\/usu1681\/2023\/10\/Nou-Cicle-Formatiu-de-Grau-Superior-de-Marqueting-i-Publicitat-al-nostre-centre-1.jpg 1024w, https:\/\/agora.xtec.cat\/iesagustiserra\/wp-content\/uploads\/usu1681\/2023\/10\/Nou-Cicle-Formatiu-de-Grau-Superior-de-Marqueting-i-Publicitat-al-nostre-centre-1-300x225.jpg 300w, https:\/\/agora.xtec.cat\/iesagustiserra\/wp-content\/uploads\/usu1681\/2023\/10\/Nou-Cicle-Formatiu-de-Grau-Superior-de-Marqueting-i-Publicitat-al-nostre-centre-1-768x576.jpg 768w, https:\/\/agora.xtec.cat\/iesagustiserra\/wp-content\/uploads\/usu1681\/2023\/10\/Nou-Cicle-Formatiu-de-Grau-Superior-de-Marqueting-i-Publicitat-al-nostre-centre-1-200x150.jpg 200w\" sizes=\"auto, (max-width: 1024px) 100vw, 1024px\" \/><\/a>\n\t\t\t<\/div><\/figure><figure class='gallery-item'>\n\t\t\t<div class='gallery-icon landscape'>\n\t\t\t\t<a href='https:\/\/agora.xtec.cat\/iesagustiserra\/general\/nou-cicle-formatiu-de-grau-superior-de-marqueting-i-publicitat\/attachment\/nou-cicle-formatiu-de-grau-superior-de-marqueting-i-publicitat-al-nostre-centre-2\/'><img loading=\"lazy\" decoding=\"async\" width=\"1024\" height=\"768\" src=\"https:\/\/agora.xtec.cat\/iesagustiserra\/wp-content\/uploads\/usu1681\/2023\/10\/Nou-Cicle-Formatiu-de-Grau-Superior-de-Marqueting-i-Publicitat-al-nostre-centre-2.jpg\" class=\"attachment-full size-full\" alt=\"\" srcset=\"https:\/\/agora.xtec.cat\/iesagustiserra\/wp-content\/uploads\/usu1681\/2023\/10\/Nou-Cicle-Formatiu-de-Grau-Superior-de-Marqueting-i-Publicitat-al-nostre-centre-2.jpg 1024w, https:\/\/agora.xtec.cat\/iesagustiserra\/wp-content\/uploads\/usu1681\/2023\/10\/Nou-Cicle-Formatiu-de-Grau-Superior-de-Marqueting-i-Publicitat-al-nostre-centre-2-300x225.jpg 300w, https:\/\/agora.xtec.cat\/iesagustiserra\/wp-content\/uploads\/usu1681\/2023\/10\/Nou-Cicle-Formatiu-de-Grau-Superior-de-Marqueting-i-Publicitat-al-nostre-centre-2-768x576.jpg 768w, https:\/\/agora.xtec.cat\/iesagustiserra\/wp-content\/uploads\/usu1681\/2023\/10\/Nou-Cicle-Formatiu-de-Grau-Superior-de-Marqueting-i-Publicitat-al-nostre-centre-2-200x150.jpg 200w\" sizes=\"auto, (max-width: 1024px) 100vw, 1024px\" \/><\/a>\n\t\t\t<\/div><\/figure>\n\t\t<\/div>\n\n<div id='gallery-2' class='gallery galleryid-23015 gallery-columns-3 gallery-size-full'><figure class='gallery-item'>\n\t\t\t<div class='gallery-icon portrait'>\n\t\t\t\t<a href='https:\/\/agora.xtec.cat\/iesagustiserra\/general\/nou-cicle-formatiu-de-grau-superior-de-marqueting-i-publicitat\/attachment\/nou-cicle-formatiu-de-grau-superior-de-marqueting-i-publicitat-al-nostre-centre-3\/'><img loading=\"lazy\" decoding=\"async\" width=\"769\" height=\"1024\" src=\"https:\/\/agora.xtec.cat\/iesagustiserra\/wp-content\/uploads\/usu1681\/2023\/10\/Nou-Cicle-Formatiu-de-Grau-Superior-de-Marqueting-i-Publicitat-al-nostre-centre-3.jpg\" class=\"attachment-full size-full\" alt=\"\" srcset=\"https:\/\/agora.xtec.cat\/iesagustiserra\/wp-content\/uploads\/usu1681\/2023\/10\/Nou-Cicle-Formatiu-de-Grau-Superior-de-Marqueting-i-Publicitat-al-nostre-centre-3.jpg 769w, https:\/\/agora.xtec.cat\/iesagustiserra\/wp-content\/uploads\/usu1681\/2023\/10\/Nou-Cicle-Formatiu-de-Grau-Superior-de-Marqueting-i-Publicitat-al-nostre-centre-3-225x300.jpg 225w\" sizes=\"auto, (max-width: 769px) 100vw, 769px\" \/><\/a>\n\t\t\t<\/div><\/figure><figure class='gallery-item'>\n\t\t\t<div class='gallery-icon portrait'>\n\t\t\t\t<a href='https:\/\/agora.xtec.cat\/iesagustiserra\/general\/nou-cicle-formatiu-de-grau-superior-de-marqueting-i-publicitat\/attachment\/nou-cicle-formatiu-de-grau-superior-de-marqueting-i-publicitat-al-nostre-centre-4\/'><img loading=\"lazy\" decoding=\"async\" width=\"768\" height=\"1024\" src=\"https:\/\/agora.xtec.cat\/iesagustiserra\/wp-content\/uploads\/usu1681\/2023\/10\/Nou-Cicle-Formatiu-de-Grau-Superior-de-Marqueting-i-Publicitat-al-nostre-centre-4.jpg\" class=\"attachment-full size-full\" alt=\"\" srcset=\"https:\/\/agora.xtec.cat\/iesagustiserra\/wp-content\/uploads\/usu1681\/2023\/10\/Nou-Cicle-Formatiu-de-Grau-Superior-de-Marqueting-i-Publicitat-al-nostre-centre-4.jpg 768w, https:\/\/agora.xtec.cat\/iesagustiserra\/wp-content\/uploads\/usu1681\/2023\/10\/Nou-Cicle-Formatiu-de-Grau-Superior-de-Marqueting-i-Publicitat-al-nostre-centre-4-225x300.jpg 225w\" sizes=\"auto, (max-width: 768px) 100vw, 768px\" \/><\/a>\n\t\t\t<\/div><\/figure><figure class='gallery-item'>\n\t\t\t<div class='gallery-icon portrait'>\n\t\t\t\t<a href='https:\/\/agora.xtec.cat\/iesagustiserra\/general\/nou-cicle-formatiu-de-grau-superior-de-marqueting-i-publicitat\/attachment\/nou-cicle-formatiu-de-grau-superior-de-marqueting-i-publicitat-al-nostre-centre-5\/'><img loading=\"lazy\" decoding=\"async\" width=\"768\" height=\"1024\" src=\"https:\/\/agora.xtec.cat\/iesagustiserra\/wp-content\/uploads\/usu1681\/2023\/10\/Nou-Cicle-Formatiu-de-Grau-Superior-de-Marqueting-i-Publicitat-al-nostre-centre-5.jpg\" class=\"attachment-full size-full\" alt=\"\" srcset=\"https:\/\/agora.xtec.cat\/iesagustiserra\/wp-content\/uploads\/usu1681\/2023\/10\/Nou-Cicle-Formatiu-de-Grau-Superior-de-Marqueting-i-Publicitat-al-nostre-centre-5.jpg 768w, https:\/\/agora.xtec.cat\/iesagustiserra\/wp-content\/uploads\/usu1681\/2023\/10\/Nou-Cicle-Formatiu-de-Grau-Superior-de-Marqueting-i-Publicitat-al-nostre-centre-5-225x300.jpg 225w\" sizes=\"auto, (max-width: 768px) 100vw, 768px\" \/><\/a>\n\t\t\t<\/div><\/figure>\n\t\t<\/div>\n\n<hr \/>\n<p>&nbsp;<\/p>\n","protected":false},"excerpt":{"rendered":"<p>Aquest any estem d\u2019estrena! Hem iniciat la primera promoci\u00f3 del Cicle Formatiu de Grau Superior de M\u00e0rqueting i publicitat en [&hellip;]<\/p>\n","protected":false},"author":293,"featured_media":23025,"comment_status":"open","ping_status":"closed","sticky":false,"template":"","format":"standard","meta":{"site-sidebar-layout":"default","site-content-layout":"","ast-site-content-layout":"","site-content-style":"default","site-sidebar-style":"default","ast-global-header-display":"","ast-banner-title-visibility":"","ast-main-header-display":"","ast-hfb-above-header-display":"","ast-hfb-below-header-display":"","ast-hfb-mobile-header-display":"","site-post-title":"","ast-breadcrumbs-content":"","ast-featured-img":"","footer-sml-layout":"","theme-transparent-header-meta":"","adv-header-id-meta":"","stick-header-meta":"","header-above-stick-meta":"","header-main-stick-meta":"","header-below-stick-meta":"","astra-migrate-meta-layouts":"default","ast-page-background-enabled":"default","ast-page-background-meta":{"desktop":{"background-color":"var(--ast-global-color-4)","background-image":"","background-repeat":"repeat","background-position":"center center","background-size":"auto","background-attachment":"scroll","background-type":"","background-media":"","overlay-type":"","overlay-color":"","overlay-opacity":"","overlay-gradient":""},"tablet":{"background-color":"","background-image":"","background-repeat":"repeat","background-position":"center center","background-size":"auto","background-attachment":"scroll","background-type":"","background-media":"","overlay-type":"","overlay-color":"","overlay-opacity":"","overlay-gradient":""},"mobile":{"background-color":"","background-image":"","background-repeat":"repeat","background-position":"center center","background-size":"auto","background-attachment":"scroll","background-type":"","background-media":"","overlay-type":"","overlay-color":"","overlay-opacity":"","overlay-gradient":""}},"ast-content-background-meta":{"desktop":{"background-color":"var(--ast-global-color-5)","background-image":"","background-repeat":"repeat","background-position":"center center","background-size":"auto","background-attachment":"scroll","background-type":"","background-media":"","overlay-type":"","overlay-color":"","overlay-opacity":"","overlay-gradient":""},"tablet":{"background-color":"var(--ast-global-color-5)","background-image":"","background-repeat":"repeat","background-position":"center center","background-size":"auto","background-attachment":"scroll","background-type":"","background-media":"","overlay-type":"","overlay-color":"","overlay-opacity":"","overlay-gradient":""},"mobile":{"background-color":"var(--ast-global-color-5)","background-image":"","background-repeat":"repeat","background-position":"center center","background-size":"auto","background-attachment":"scroll","background-type":"","background-media":"","overlay-type":"","overlay-color":"","overlay-opacity":"","overlay-gradient":""}},"footnotes":""},"categories":[238,237,173,1,969,29],"tags":[989,221,871,990,974],"class_list":["post-23015","post","type-post","status-publish","format-standard","has-post-thumbnail","hentry","category-arts-grafiques","category-comerc-marqueting","category-fp-dual","category-general","category-marqueting_publicitat","category-portada","tag-cfgs-grau-superior-de-marqueting-i-publicitat","tag-cicles-formatius","tag-curs-2023-24","tag-departament-arts-grafiques","tag-inici-curs"],"post_mailing_queue_ids":[],"_links":{"self":[{"href":"https:\/\/agora.xtec.cat\/iesagustiserra\/wp-json\/wp\/v2\/posts\/23015","targetHints":{"allow":["GET"]}}],"collection":[{"href":"https:\/\/agora.xtec.cat\/iesagustiserra\/wp-json\/wp\/v2\/posts"}],"about":[{"href":"https:\/\/agora.xtec.cat\/iesagustiserra\/wp-json\/wp\/v2\/types\/post"}],"author":[{"embeddable":true,"href":"https:\/\/agora.xtec.cat\/iesagustiserra\/wp-json\/wp\/v2\/users\/293"}],"replies":[{"embeddable":true,"href":"https:\/\/agora.xtec.cat\/iesagustiserra\/wp-json\/wp\/v2\/comments?post=23015"}],"version-history":[{"count":6,"href":"https:\/\/agora.xtec.cat\/iesagustiserra\/wp-json\/wp\/v2\/posts\/23015\/revisions"}],"predecessor-version":[{"id":23032,"href":"https:\/\/agora.xtec.cat\/iesagustiserra\/wp-json\/wp\/v2\/posts\/23015\/revisions\/23032"}],"wp:featuredmedia":[{"embeddable":true,"href":"https:\/\/agora.xtec.cat\/iesagustiserra\/wp-json\/wp\/v2\/media\/23025"}],"wp:attachment":[{"href":"https:\/\/agora.xtec.cat\/iesagustiserra\/wp-json\/wp\/v2\/media?parent=23015"}],"wp:term":[{"taxonomy":"category","embeddable":true,"href":"https:\/\/agora.xtec.cat\/iesagustiserra\/wp-json\/wp\/v2\/categories?post=23015"},{"taxonomy":"post_tag","embeddable":true,"href":"https:\/\/agora.xtec.cat\/iesagustiserra\/wp-json\/wp\/v2\/tags?post=23015"}],"curies":[{"name":"wp","href":"https:\/\/api.w.org\/{rel}","templated":true}]}}