{"id":19725,"date":"2023-03-14T17:02:36","date_gmt":"2023-03-14T16:02:36","guid":{"rendered":"https:\/\/agora.xtec.cat\/iesagustiserra\/?p=19725"},"modified":"2024-11-07T09:29:34","modified_gmt":"2024-11-07T08:29:34","slug":"lactivitat-de-ciutat-i-escola-lorigen-de-sabadell-amb-2n-cfgs-eas","status":"publish","type":"post","link":"https:\/\/agora.xtec.cat\/iesagustiserra\/general\/lactivitat-de-ciutat-i-escola-lorigen-de-sabadell-amb-2n-cfgs-eas\/","title":{"rendered":"L&#8217;activitat de Ciutat i Escola &#8220;L&#8217;origen de Sabadell&#8221; amb 2n CFGS EAS"},"content":{"rendered":"<p style=\"text-align: justify;\">L&#8217;alumnat de<a href=\"https:\/\/agora.xtec.cat\/iesagustiserra\/estudis\/cicles-formatius\/activitats-fisiques-i-esportives\/cfgs-ensenyament-i-animacio-socioesportiva\/\" target=\"_blank\" rel=\"noopener\"><strong> 2n del Cicle Formatiu de Grau Superior d&#8217;Ensenyament i Animaci\u00f3 Socioesportiva<\/strong><\/a> ha dut a terme l&#8217;activitat <strong>L&#8217;origen<\/strong> <strong>de Sabadell: un riu d&#8217;hist\u00f2ries<\/strong>, que forma part del programa Ciutat i Escola amb el suport de l\u2019<a href=\"https:\/\/www.sabadell.cat\/ca\/pdf\/normativa\/51.pdf\">Ajuntament de Sabadell<\/a>.<\/p>\n<p style=\"text-align: justify;\">L&#8217;itinerari permet fer una passejada per la hist\u00f2ria de la ciutat des de l&#8217;Arraona medieval fins al Sabadell industrial del segle XIX, a trav\u00e9s d&#8217;ubicacions emblem\u00e0tiques com la <strong>Torre de l&#8217;Aigua<\/strong>, <strong>El Mol\u00ed del Torrella<\/strong>, <strong>el pont de la Salut i l&#8217;ermita de Sant Nicolau<\/strong>. Els coneixements adquirits seran aplicats en <span style=\"font-family: inherit; font-size: 1em;\">futurs aprenentatges servei.<\/span><\/p>\n<div id='gallery-1' class='gallery galleryid-19725 gallery-columns-1 gallery-size-full'><figure class='gallery-item'>\n\t\t\t<div class='gallery-icon landscape'>\n\t\t\t\t<a href='https:\/\/agora.xtec.cat\/iesagustiserra\/general\/lactivitat-de-ciutat-i-escola-lorigen-de-sabadell-amb-2n-cfgs-eas\/attachment\/whatsapp-image-2023-03-13-at-12-12-58\/'><img loading=\"lazy\" decoding=\"async\" width=\"1024\" height=\"768\" src=\"https:\/\/agora.xtec.cat\/iesagustiserra\/wp-content\/uploads\/usu1681\/2023\/03\/WhatsApp-Image-2023-03-13-at-12.12.58.jpeg\" class=\"attachment-full size-full\" alt=\"\" srcset=\"https:\/\/agora.xtec.cat\/iesagustiserra\/wp-content\/uploads\/usu1681\/2023\/03\/WhatsApp-Image-2023-03-13-at-12.12.58.jpeg 1024w, https:\/\/agora.xtec.cat\/iesagustiserra\/wp-content\/uploads\/usu1681\/2023\/03\/WhatsApp-Image-2023-03-13-at-12.12.58-300x225.jpeg 300w, https:\/\/agora.xtec.cat\/iesagustiserra\/wp-content\/uploads\/usu1681\/2023\/03\/WhatsApp-Image-2023-03-13-at-12.12.58-768x576.jpeg 768w, https:\/\/agora.xtec.cat\/iesagustiserra\/wp-content\/uploads\/usu1681\/2023\/03\/WhatsApp-Image-2023-03-13-at-12.12.58-200x150.jpeg 200w\" sizes=\"auto, (max-width: 1024px) 100vw, 1024px\" \/><\/a>\n\t\t\t<\/div><\/figure><figure class='gallery-item'>\n\t\t\t<div class='gallery-icon landscape'>\n\t\t\t\t<a href='https:\/\/agora.xtec.cat\/iesagustiserra\/general\/lactivitat-de-ciutat-i-escola-lorigen-de-sabadell-amb-2n-cfgs-eas\/attachment\/whatsapp-image-2023-03-13-at-12-12-57\/'><img loading=\"lazy\" decoding=\"async\" width=\"1024\" height=\"768\" src=\"https:\/\/agora.xtec.cat\/iesagustiserra\/wp-content\/uploads\/usu1681\/2023\/03\/WhatsApp-Image-2023-03-13-at-12.12.57.jpeg\" class=\"attachment-full size-full\" alt=\"\" srcset=\"https:\/\/agora.xtec.cat\/iesagustiserra\/wp-content\/uploads\/usu1681\/2023\/03\/WhatsApp-Image-2023-03-13-at-12.12.57.jpeg 1024w, https:\/\/agora.xtec.cat\/iesagustiserra\/wp-content\/uploads\/usu1681\/2023\/03\/WhatsApp-Image-2023-03-13-at-12.12.57-300x225.jpeg 300w, https:\/\/agora.xtec.cat\/iesagustiserra\/wp-content\/uploads\/usu1681\/2023\/03\/WhatsApp-Image-2023-03-13-at-12.12.57-768x576.jpeg 768w, https:\/\/agora.xtec.cat\/iesagustiserra\/wp-content\/uploads\/usu1681\/2023\/03\/WhatsApp-Image-2023-03-13-at-12.12.57-200x150.jpeg 200w\" sizes=\"auto, (max-width: 1024px) 100vw, 1024px\" \/><\/a>\n\t\t\t<\/div><\/figure><figure class='gallery-item'>\n\t\t\t<div class='gallery-icon landscape'>\n\t\t\t\t<a href='https:\/\/agora.xtec.cat\/iesagustiserra\/general\/lactivitat-de-ciutat-i-escola-lorigen-de-sabadell-amb-2n-cfgs-eas\/attachment\/whatsapp-image-2023-03-13-at-12-11-52\/'><img loading=\"lazy\" decoding=\"async\" width=\"1024\" height=\"768\" src=\"https:\/\/agora.xtec.cat\/iesagustiserra\/wp-content\/uploads\/usu1681\/2023\/03\/WhatsApp-Image-2023-03-13-at-12.11.52.jpeg\" class=\"attachment-full size-full\" alt=\"\" srcset=\"https:\/\/agora.xtec.cat\/iesagustiserra\/wp-content\/uploads\/usu1681\/2023\/03\/WhatsApp-Image-2023-03-13-at-12.11.52.jpeg 1024w, https:\/\/agora.xtec.cat\/iesagustiserra\/wp-content\/uploads\/usu1681\/2023\/03\/WhatsApp-Image-2023-03-13-at-12.11.52-300x225.jpeg 300w, https:\/\/agora.xtec.cat\/iesagustiserra\/wp-content\/uploads\/usu1681\/2023\/03\/WhatsApp-Image-2023-03-13-at-12.11.52-768x576.jpeg 768w, https:\/\/agora.xtec.cat\/iesagustiserra\/wp-content\/uploads\/usu1681\/2023\/03\/WhatsApp-Image-2023-03-13-at-12.11.52-200x150.jpeg 200w\" sizes=\"auto, (max-width: 1024px) 100vw, 1024px\" \/><\/a>\n\t\t\t<\/div><\/figure><figure class='gallery-item'>\n\t\t\t<div class='gallery-icon landscape'>\n\t\t\t\t<a href='https:\/\/agora.xtec.cat\/iesagustiserra\/general\/lactivitat-de-ciutat-i-escola-lorigen-de-sabadell-amb-2n-cfgs-eas\/attachment\/whatsapp-image-2023-03-13-at-11-28-02-3\/'><img loading=\"lazy\" decoding=\"async\" width=\"1024\" height=\"768\" src=\"https:\/\/agora.xtec.cat\/iesagustiserra\/wp-content\/uploads\/usu1681\/2023\/03\/WhatsApp-Image-2023-03-13-at-11.28.02-3-e1678782446682.jpeg\" class=\"attachment-full size-full\" alt=\"\" \/><\/a>\n\t\t\t<\/div><\/figure>\n\t\t<\/div>\n\n<div id='gallery-2' class='gallery galleryid-19725 gallery-columns-1 gallery-size-full'><figure class='gallery-item'>\n\t\t\t<div class='gallery-icon portrait'>\n\t\t\t\t<a href='https:\/\/agora.xtec.cat\/iesagustiserra\/general\/lactivitat-de-ciutat-i-escola-lorigen-de-sabadell-amb-2n-cfgs-eas\/attachment\/whatsapp-image-2023-03-13-at-11-28-02-2\/'><img loading=\"lazy\" decoding=\"async\" width=\"1024\" height=\"1365\" src=\"https:\/\/agora.xtec.cat\/iesagustiserra\/wp-content\/uploads\/usu1681\/2023\/03\/WhatsApp-Image-2023-03-13-at-11.28.02-2-e1678782515183.jpeg\" class=\"attachment-full size-full\" alt=\"\" \/><\/a>\n\t\t\t<\/div><\/figure>\n\t\t<\/div>\n\n","protected":false},"excerpt":{"rendered":"<p>L&#8217;alumnat de 2n del Cicle Formatiu de Grau Superior d&#8217;Ensenyament i Animaci\u00f3 Socioesportiva ha dut a terme l&#8217;activitat L&#8217;origen de [&hellip;]<\/p>\n","protected":false},"author":232,"featured_media":19740,"comment_status":"open","ping_status":"closed","sticky":false,"template":"","format":"standard","meta":{"site-sidebar-layout":"default","site-content-layout":"","ast-site-content-layout":"","site-content-style":"default","site-sidebar-style":"default","ast-global-header-display":"","ast-banner-title-visibility":"","ast-main-header-display":"","ast-hfb-above-header-display":"","ast-hfb-below-header-display":"","ast-hfb-mobile-header-display":"","site-post-title":"","ast-breadcrumbs-content":"","ast-featured-img":"","footer-sml-layout":"","theme-transparent-header-meta":"","adv-header-id-meta":"","stick-header-meta":"","header-above-stick-meta":"","header-main-stick-meta":"","header-below-stick-meta":"","astra-migrate-meta-layouts":"default","ast-page-background-enabled":"default","ast-page-background-meta":{"desktop":{"background-color":"var(--ast-global-color-4)","background-image":"","background-repeat":"repeat","background-position":"center center","background-size":"auto","background-attachment":"scroll","background-type":"","background-media":"","overlay-type":"","overlay-color":"","overlay-opacity":"","overlay-gradient":""},"tablet":{"background-color":"","background-image":"","background-repeat":"repeat","background-position":"center center","background-size":"auto","background-attachment":"scroll","background-type":"","background-media":"","overlay-type":"","overlay-color":"","overlay-opacity":"","overlay-gradient":""},"mobile":{"background-color":"","background-image":"","background-repeat":"repeat","background-position":"center center","background-size":"auto","background-attachment":"scroll","background-type":"","background-media":"","overlay-type":"","overlay-color":"","overlay-opacity":"","overlay-gradient":""}},"ast-content-background-meta":{"desktop":{"background-color":"var(--ast-global-color-5)","background-image":"","background-repeat":"repeat","background-position":"center center","background-size":"auto","background-attachment":"scroll","background-type":"","background-media":"","overlay-type":"","overlay-color":"","overlay-opacity":"","overlay-gradient":""},"tablet":{"background-color":"var(--ast-global-color-5)","background-image":"","background-repeat":"repeat","background-position":"center center","background-size":"auto","background-attachment":"scroll","background-type":"","background-media":"","overlay-type":"","overlay-color":"","overlay-opacity":"","overlay-gradient":""},"mobile":{"background-color":"var(--ast-global-color-5)","background-image":"","background-repeat":"repeat","background-position":"center center","background-size":"auto","background-attachment":"scroll","background-type":"","background-media":"","overlay-type":"","overlay-color":"","overlay-opacity":"","overlay-gradient":""}},"footnotes":""},"categories":[256,30,1,29],"tags":[850,681,578,608],"class_list":["post-19725","post","type-post","status-publish","format-standard","has-post-thumbnail","hentry","category-activitatsfisiquesesportives","category-cicles-formatius","category-general","category-portada","tag-aprenentatge-servei","tag-cfgs-densenyament-i-animacio-socioesportiva","tag-ciutat-i-escola-sabadell","tag-curs-22-23"],"post_mailing_queue_ids":[],"_links":{"self":[{"href":"https:\/\/agora.xtec.cat\/iesagustiserra\/wp-json\/wp\/v2\/posts\/19725","targetHints":{"allow":["GET"]}}],"collection":[{"href":"https:\/\/agora.xtec.cat\/iesagustiserra\/wp-json\/wp\/v2\/posts"}],"about":[{"href":"https:\/\/agora.xtec.cat\/iesagustiserra\/wp-json\/wp\/v2\/types\/post"}],"author":[{"embeddable":true,"href":"https:\/\/agora.xtec.cat\/iesagustiserra\/wp-json\/wp\/v2\/users\/232"}],"replies":[{"embeddable":true,"href":"https:\/\/agora.xtec.cat\/iesagustiserra\/wp-json\/wp\/v2\/comments?post=19725"}],"version-history":[{"count":4,"href":"https:\/\/agora.xtec.cat\/iesagustiserra\/wp-json\/wp\/v2\/posts\/19725\/revisions"}],"predecessor-version":[{"id":29487,"href":"https:\/\/agora.xtec.cat\/iesagustiserra\/wp-json\/wp\/v2\/posts\/19725\/revisions\/29487"}],"wp:featuredmedia":[{"embeddable":true,"href":"https:\/\/agora.xtec.cat\/iesagustiserra\/wp-json\/wp\/v2\/media\/19740"}],"wp:attachment":[{"href":"https:\/\/agora.xtec.cat\/iesagustiserra\/wp-json\/wp\/v2\/media?parent=19725"}],"wp:term":[{"taxonomy":"category","embeddable":true,"href":"https:\/\/agora.xtec.cat\/iesagustiserra\/wp-json\/wp\/v2\/categories?post=19725"},{"taxonomy":"post_tag","embeddable":true,"href":"https:\/\/agora.xtec.cat\/iesagustiserra\/wp-json\/wp\/v2\/tags?post=19725"}],"curies":[{"name":"wp","href":"https:\/\/api.w.org\/{rel}","templated":true}]}}