{"id":18683,"date":"2023-01-18T09:25:54","date_gmt":"2023-01-18T08:25:54","guid":{"rendered":"https:\/\/agora.xtec.cat\/iesagustiserra\/?p=18683"},"modified":"2023-01-18T09:25:54","modified_gmt":"2023-01-18T08:25:54","slug":"1r-cfgs-dadministracio-i-finances-visita-la-plataforma-logistica-de-dia","status":"publish","type":"post","link":"https:\/\/agora.xtec.cat\/iesagustiserra\/general\/1r-cfgs-dadministracio-i-finances-visita-la-plataforma-logistica-de-dia\/","title":{"rendered":"1r CFGS d\u2019Administraci\u00f3 i Finances visita la Plataforma Log\u00edstica de DIA"},"content":{"rendered":"<p style=\"text-align: justify;\">El passat dilluns 16 de gener, l&#8217;alumnat de<strong> 1r CFGS <\/strong>(Cicles formatius de grau superior)<strong> d&#8217;Administraci\u00f3 i Finances<\/strong>, va visitar la <strong>Plataforma Log\u00edstica de l&#8217;empresa DIA<\/strong>, ubicada al pol\u00edgon industrial de Can Roqueta de Sabadell.<\/p>\n<p style=\"text-align: justify;\">L&#8217;objectiu d&#8217;aquesta visita guiada era con\u00e8ixer, en primera persona, el funcionament d&#8217;una plataforma log\u00edstica regional i refor\u00e7ar, d&#8217;aquesta manera, tots els continguts explicats al m\u00f2dul 10, de Gesti\u00f3 log\u00edstica i comercial.<\/p>\n<p style=\"text-align: justify;\">La visita es va iniciar amb l&#8217;explicaci\u00f3, per part del Gerent de RH i Administraci\u00f3, dels or\u00edgens i principis de l&#8217;empresa DIA Retail, SL, creada a Espanya, i amb establiments distribu\u00efts pel nostre pa\u00eds i per Portugal, Brasil i Argentina. La seu central de l&#8217;empresa est\u00e0 ubicada a Madrid.<\/p>\n<p style=\"text-align: justify;\">Un cop feta aquesta explicaci\u00f3, ja vam endinsar-nos en la seva plataforma log\u00edstica, podent comprovar el seu funcionament i processos. L&#8217;alumnat va poder realitzar totes les consultes que van creure convenients, que van ser resoltes pels responsables i coordinadors del Dept. Log\u00edstic de l&#8217;empresa.<\/p>\n<p style=\"text-align: justify;\">Volem agrair l&#8217;habilitat i el tracte rebut per l&#8217;equip professional de DIA i la mostra de predisposici\u00f3 a continuar col\u00b7laborant amb l&#8217;Institut Agust\u00ed Serra, ja que, actualment, tenen a 2 dels nostres alumnes de 2n CFGS d&#8217;Administraci\u00f3 i Finances duent a terme la formaci\u00f3 DUAL amb ells.<\/p>\n<p style=\"text-align: justify;\">Ha estat un plaer poder enriquir el nostre aprenentatge veient, de primera m\u00e0, com s&#8217;apliquen a les empreses molts dels conceptes que treballem a l&#8217;aula!<\/p>\n<div id='gallery-1' class='gallery galleryid-18683 gallery-columns-2 gallery-size-full'><figure class='gallery-item'>\n\t\t\t<div class='gallery-icon landscape'>\n\t\t\t\t<a href='https:\/\/agora.xtec.cat\/iesagustiserra\/general\/1r-cfgs-dadministracio-i-finances-visita-la-plataforma-logistica-de-dia\/attachment\/visita-plataforma-logistica-dia-1\/'><img loading=\"lazy\" decoding=\"async\" width=\"1024\" height=\"768\" src=\"https:\/\/agora.xtec.cat\/iesagustiserra\/wp-content\/uploads\/usu1681\/2023\/01\/VISITA-Plataforma-Logistica-DIA-1.jpg\" class=\"attachment-full size-full\" alt=\"VISITA Plataforma Log\u00edstica DIA (1)\" srcset=\"https:\/\/agora.xtec.cat\/iesagustiserra\/wp-content\/uploads\/usu1681\/2023\/01\/VISITA-Plataforma-Logistica-DIA-1.jpg 1024w, https:\/\/agora.xtec.cat\/iesagustiserra\/wp-content\/uploads\/usu1681\/2023\/01\/VISITA-Plataforma-Logistica-DIA-1-300x225.jpg 300w, https:\/\/agora.xtec.cat\/iesagustiserra\/wp-content\/uploads\/usu1681\/2023\/01\/VISITA-Plataforma-Logistica-DIA-1-768x576.jpg 768w, https:\/\/agora.xtec.cat\/iesagustiserra\/wp-content\/uploads\/usu1681\/2023\/01\/VISITA-Plataforma-Logistica-DIA-1-200x150.jpg 200w\" sizes=\"auto, (max-width: 1024px) 100vw, 1024px\" \/><\/a>\n\t\t\t<\/div><\/figure><figure class='gallery-item'>\n\t\t\t<div class='gallery-icon landscape'>\n\t\t\t\t<a href='https:\/\/agora.xtec.cat\/iesagustiserra\/general\/1r-cfgs-dadministracio-i-finances-visita-la-plataforma-logistica-de-dia\/attachment\/visita-plataforma-logistica-dia-3\/'><img loading=\"lazy\" decoding=\"async\" width=\"1024\" height=\"768\" src=\"https:\/\/agora.xtec.cat\/iesagustiserra\/wp-content\/uploads\/usu1681\/2023\/01\/VISITA-Plataforma-Logistica-DIA-3.jpg\" class=\"attachment-full size-full\" alt=\"VISITA Plataforma Log\u00edstica DIA (3)\" srcset=\"https:\/\/agora.xtec.cat\/iesagustiserra\/wp-content\/uploads\/usu1681\/2023\/01\/VISITA-Plataforma-Logistica-DIA-3.jpg 1024w, https:\/\/agora.xtec.cat\/iesagustiserra\/wp-content\/uploads\/usu1681\/2023\/01\/VISITA-Plataforma-Logistica-DIA-3-300x225.jpg 300w, https:\/\/agora.xtec.cat\/iesagustiserra\/wp-content\/uploads\/usu1681\/2023\/01\/VISITA-Plataforma-Logistica-DIA-3-768x576.jpg 768w, https:\/\/agora.xtec.cat\/iesagustiserra\/wp-content\/uploads\/usu1681\/2023\/01\/VISITA-Plataforma-Logistica-DIA-3-200x150.jpg 200w\" sizes=\"auto, (max-width: 1024px) 100vw, 1024px\" \/><\/a>\n\t\t\t<\/div><\/figure><figure class='gallery-item'>\n\t\t\t<div class='gallery-icon landscape'>\n\t\t\t\t<a href='https:\/\/agora.xtec.cat\/iesagustiserra\/general\/1r-cfgs-dadministracio-i-finances-visita-la-plataforma-logistica-de-dia\/attachment\/visita-plataforma-logistica-dia-4\/'><img loading=\"lazy\" decoding=\"async\" width=\"1024\" height=\"768\" src=\"https:\/\/agora.xtec.cat\/iesagustiserra\/wp-content\/uploads\/usu1681\/2023\/01\/VISITA-Plataforma-Logistica-DIA-4.jpg\" class=\"attachment-full size-full\" alt=\"VISITA Plataforma Log\u00edstica DIA (4)\" srcset=\"https:\/\/agora.xtec.cat\/iesagustiserra\/wp-content\/uploads\/usu1681\/2023\/01\/VISITA-Plataforma-Logistica-DIA-4.jpg 1024w, https:\/\/agora.xtec.cat\/iesagustiserra\/wp-content\/uploads\/usu1681\/2023\/01\/VISITA-Plataforma-Logistica-DIA-4-300x225.jpg 300w, https:\/\/agora.xtec.cat\/iesagustiserra\/wp-content\/uploads\/usu1681\/2023\/01\/VISITA-Plataforma-Logistica-DIA-4-768x576.jpg 768w, https:\/\/agora.xtec.cat\/iesagustiserra\/wp-content\/uploads\/usu1681\/2023\/01\/VISITA-Plataforma-Logistica-DIA-4-200x150.jpg 200w\" sizes=\"auto, (max-width: 1024px) 100vw, 1024px\" \/><\/a>\n\t\t\t<\/div><\/figure><figure class='gallery-item'>\n\t\t\t<div class='gallery-icon landscape'>\n\t\t\t\t<a href='https:\/\/agora.xtec.cat\/iesagustiserra\/general\/1r-cfgs-dadministracio-i-finances-visita-la-plataforma-logistica-de-dia\/attachment\/visita-plataforma-logistica-dia-7-2\/'><img loading=\"lazy\" decoding=\"async\" width=\"1024\" height=\"768\" src=\"https:\/\/agora.xtec.cat\/iesagustiserra\/wp-content\/uploads\/usu1681\/2023\/01\/VISITA-Plataforma-Logistica-DIA-7-1.jpg\" class=\"attachment-full size-full\" alt=\"VISITA Plataforma Log\u00edstica DIA (7)\" srcset=\"https:\/\/agora.xtec.cat\/iesagustiserra\/wp-content\/uploads\/usu1681\/2023\/01\/VISITA-Plataforma-Logistica-DIA-7-1.jpg 1024w, https:\/\/agora.xtec.cat\/iesagustiserra\/wp-content\/uploads\/usu1681\/2023\/01\/VISITA-Plataforma-Logistica-DIA-7-1-300x225.jpg 300w, https:\/\/agora.xtec.cat\/iesagustiserra\/wp-content\/uploads\/usu1681\/2023\/01\/VISITA-Plataforma-Logistica-DIA-7-1-768x576.jpg 768w, https:\/\/agora.xtec.cat\/iesagustiserra\/wp-content\/uploads\/usu1681\/2023\/01\/VISITA-Plataforma-Logistica-DIA-7-1-200x150.jpg 200w\" sizes=\"auto, (max-width: 1024px) 100vw, 1024px\" \/><\/a>\n\t\t\t<\/div><\/figure>\n\t\t<\/div>\n\n","protected":false},"excerpt":{"rendered":"<p>El passat dilluns 16 de gener, l\u2019alumnat de 1r CFGS d\u2019Administraci\u00f3 i Finances, va visitar la Plataforma Log\u00edstica de l\u2019empresa DIA, ubicada al pol\u00edgon industrial de Can Roqueta de Sabadell.\u00a0<\/p>\n","protected":false},"author":1,"featured_media":18686,"comment_status":"open","ping_status":"closed","sticky":false,"template":"","format":"standard","meta":{"site-sidebar-layout":"default","site-content-layout":"","ast-site-content-layout":"","site-content-style":"default","site-sidebar-style":"default","ast-global-header-display":"","ast-banner-title-visibility":"","ast-main-header-display":"","ast-hfb-above-header-display":"","ast-hfb-below-header-display":"","ast-hfb-mobile-header-display":"","site-post-title":"","ast-breadcrumbs-content":"","ast-featured-img":"","footer-sml-layout":"","theme-transparent-header-meta":"","adv-header-id-meta":"","stick-header-meta":"","header-above-stick-meta":"","header-main-stick-meta":"","header-below-stick-meta":"","astra-migrate-meta-layouts":"default","ast-page-background-enabled":"default","ast-page-background-meta":{"desktop":{"background-color":"var(--ast-global-color-4)","background-image":"","background-repeat":"repeat","background-position":"center center","background-size":"auto","background-attachment":"scroll","background-type":"","background-media":"","overlay-type":"","overlay-color":"","overlay-opacity":"","overlay-gradient":""},"tablet":{"background-color":"","background-image":"","background-repeat":"repeat","background-position":"center center","background-size":"auto","background-attachment":"scroll","background-type":"","background-media":"","overlay-type":"","overlay-color":"","overlay-opacity":"","overlay-gradient":""},"mobile":{"background-color":"","background-image":"","background-repeat":"repeat","background-position":"center center","background-size":"auto","background-attachment":"scroll","background-type":"","background-media":"","overlay-type":"","overlay-color":"","overlay-opacity":"","overlay-gradient":""}},"ast-content-background-meta":{"desktop":{"background-color":"var(--ast-global-color-5)","background-image":"","background-repeat":"repeat","background-position":"center center","background-size":"auto","background-attachment":"scroll","background-type":"","background-media":"","overlay-type":"","overlay-color":"","overlay-opacity":"","overlay-gradient":""},"tablet":{"background-color":"var(--ast-global-color-5)","background-image":"","background-repeat":"repeat","background-position":"center center","background-size":"auto","background-attachment":"scroll","background-type":"","background-media":"","overlay-type":"","overlay-color":"","overlay-opacity":"","overlay-gradient":""},"mobile":{"background-color":"var(--ast-global-color-5)","background-image":"","background-repeat":"repeat","background-position":"center center","background-size":"auto","background-attachment":"scroll","background-type":"","background-media":"","overlay-type":"","overlay-color":"","overlay-opacity":"","overlay-gradient":""}},"footnotes":""},"categories":[706,236,1,29],"tags":[799,608,800],"class_list":["post-18683","post","type-post","status-publish","format-standard","has-post-thumbnail","hentry","category-administracio_finances","category-administracio-gestio","category-general","category-portada","tag-1r-cffgs-administracio-i-finances","tag-curs-22-23","tag-plataforma-logistica-de-lempresa-dia"],"post_mailing_queue_ids":[],"_links":{"self":[{"href":"https:\/\/agora.xtec.cat\/iesagustiserra\/wp-json\/wp\/v2\/posts\/18683","targetHints":{"allow":["GET"]}}],"collection":[{"href":"https:\/\/agora.xtec.cat\/iesagustiserra\/wp-json\/wp\/v2\/posts"}],"about":[{"href":"https:\/\/agora.xtec.cat\/iesagustiserra\/wp-json\/wp\/v2\/types\/post"}],"author":[{"embeddable":true,"href":"https:\/\/agora.xtec.cat\/iesagustiserra\/wp-json\/wp\/v2\/users\/1"}],"replies":[{"embeddable":true,"href":"https:\/\/agora.xtec.cat\/iesagustiserra\/wp-json\/wp\/v2\/comments?post=18683"}],"version-history":[{"count":3,"href":"https:\/\/agora.xtec.cat\/iesagustiserra\/wp-json\/wp\/v2\/posts\/18683\/revisions"}],"predecessor-version":[{"id":18692,"href":"https:\/\/agora.xtec.cat\/iesagustiserra\/wp-json\/wp\/v2\/posts\/18683\/revisions\/18692"}],"wp:featuredmedia":[{"embeddable":true,"href":"https:\/\/agora.xtec.cat\/iesagustiserra\/wp-json\/wp\/v2\/media\/18686"}],"wp:attachment":[{"href":"https:\/\/agora.xtec.cat\/iesagustiserra\/wp-json\/wp\/v2\/media?parent=18683"}],"wp:term":[{"taxonomy":"category","embeddable":true,"href":"https:\/\/agora.xtec.cat\/iesagustiserra\/wp-json\/wp\/v2\/categories?post=18683"},{"taxonomy":"post_tag","embeddable":true,"href":"https:\/\/agora.xtec.cat\/iesagustiserra\/wp-json\/wp\/v2\/tags?post=18683"}],"curies":[{"name":"wp","href":"https:\/\/api.w.org\/{rel}","templated":true}]}}