{"id":18253,"date":"2022-11-29T09:45:24","date_gmt":"2022-11-29T08:45:24","guid":{"rendered":"https:\/\/agora.xtec.cat\/iesagustiserra\/?p=18253"},"modified":"2022-11-29T09:45:58","modified_gmt":"2022-11-29T08:45:58","slug":"black-friday-o-divendres-negre-amb-activitats-comercials-de-mati","status":"publish","type":"post","link":"https:\/\/agora.xtec.cat\/iesagustiserra\/general\/black-friday-o-divendres-negre-amb-activitats-comercials-de-mati\/","title":{"rendered":"Black Friday o Divendres Negre amb Activitats comercials de mat\u00ed"},"content":{"rendered":"<p style=\"text-align: justify;\">El passat dijous dia 24 de novembre vam fer una sortida amb l&#8217;alumnat de segon d<strong>&#8216;Activitats comercials de mat\u00ed.<\/strong><\/p>\n<p style=\"text-align: justify;\">Aprofitant el <strong>Black Friday<\/strong>, vam fer una visita al centre de Terrassa per tal d\u2019analitzar<strong> aparadors i espais comercials<\/strong>. La sortida s&#8217;emmarca dins del m\u00f2dul formatiu de <strong>Dinamitzaci\u00f3 del punt de venda<\/strong> i s&#8217;ha realitzat aprofitant la campanya importada dels Estats Units, el Black Friday o<strong> Divendres Negre<\/strong>. Si b\u00e9 la campanya americana es concentra en el darrer divendres de novembre, abans d&#8217;entrar de ple en la campanya de Nadal, aqu\u00ed els descomptes s\u00f3n m\u00e9s oscil\u00b7lants i es poden allargar durant una setmana.<\/p>\n<p style=\"text-align: justify;\">\u00c9s important que abans de comen\u00e7ar a muntar els aparadors, a la nostra aula-taller A4, l&#8217;alumnat observi i analitzi de primera m\u00e0 el visual <strong>marxandatge<\/strong> del nostre entorn.<\/p>\n<p style=\"text-align: justify;\">Aquesta activitat \u00e9s una oportunitat per contrastar els coneixements adquirits a classe. A les seg\u00fcents sessions es continuar\u00e0 treballant tot el material i imatges captades i continuar aprofundint en les mat\u00e8ries.<\/p>\n<div id='gallery-1' class='gallery galleryid-18253 gallery-columns-1 gallery-size-full'><figure class='gallery-item'>\n\t\t\t<div class='gallery-icon landscape'>\n\t\t\t\t<a href='https:\/\/agora.xtec.cat\/iesagustiserra\/general\/black-friday-o-divendres-negre-amb-activitats-comercials-de-mati\/attachment\/foto-sortida-aparadorisme\/'><img loading=\"lazy\" decoding=\"async\" width=\"1024\" height=\"768\" src=\"https:\/\/agora.xtec.cat\/iesagustiserra\/wp-content\/uploads\/usu1681\/2022\/11\/Foto.sortida.aparadorisme.jpeg\" class=\"attachment-full size-full\" alt=\"Foto.sortida.aparadorisme\" srcset=\"https:\/\/agora.xtec.cat\/iesagustiserra\/wp-content\/uploads\/usu1681\/2022\/11\/Foto.sortida.aparadorisme.jpeg 1024w, https:\/\/agora.xtec.cat\/iesagustiserra\/wp-content\/uploads\/usu1681\/2022\/11\/Foto.sortida.aparadorisme-300x225.jpeg 300w, https:\/\/agora.xtec.cat\/iesagustiserra\/wp-content\/uploads\/usu1681\/2022\/11\/Foto.sortida.aparadorisme-768x576.jpeg 768w, https:\/\/agora.xtec.cat\/iesagustiserra\/wp-content\/uploads\/usu1681\/2022\/11\/Foto.sortida.aparadorisme-200x150.jpeg 200w\" sizes=\"auto, (max-width: 1024px) 100vw, 1024px\" \/><\/a>\n\t\t\t<\/div><\/figure><figure class='gallery-item'>\n\t\t\t<div class='gallery-icon landscape'>\n\t\t\t\t<a href='https:\/\/agora.xtec.cat\/iesagustiserra\/general\/black-friday-o-divendres-negre-amb-activitats-comercials-de-mati\/attachment\/foto-sortida-aparadorisme-2-2\/'><img loading=\"lazy\" decoding=\"async\" width=\"1024\" height=\"695\" src=\"https:\/\/agora.xtec.cat\/iesagustiserra\/wp-content\/uploads\/usu1681\/2022\/11\/Foto.sortida.aparadorisme.2-1.jpeg\" class=\"attachment-full size-full\" alt=\"Foto sortida aparadorisme.\" srcset=\"https:\/\/agora.xtec.cat\/iesagustiserra\/wp-content\/uploads\/usu1681\/2022\/11\/Foto.sortida.aparadorisme.2-1.jpeg 1024w, https:\/\/agora.xtec.cat\/iesagustiserra\/wp-content\/uploads\/usu1681\/2022\/11\/Foto.sortida.aparadorisme.2-1-300x204.jpeg 300w, https:\/\/agora.xtec.cat\/iesagustiserra\/wp-content\/uploads\/usu1681\/2022\/11\/Foto.sortida.aparadorisme.2-1-768x521.jpeg 768w\" sizes=\"auto, (max-width: 1024px) 100vw, 1024px\" \/><\/a>\n\t\t\t<\/div><\/figure>\n\t\t<\/div>\n\n","protected":false},"excerpt":{"rendered":"<p>El passat dijous dia 24 de novembre vam fer una sortida amb l&#8217;alumnat de segon d&#8217;Activitats comercials de mat\u00ed.<\/p>\n<p>Aprofitant el Black Friday, vam fer una visita al centre de Terrassa per tal d\u2019analitzar aparadors i espais comercials.<\/p>\n<p>Entreu!<\/p>\n","protected":false},"author":1,"featured_media":18255,"comment_status":"open","ping_status":"closed","sticky":false,"template":"","format":"standard","meta":{"site-sidebar-layout":"default","site-content-layout":"","ast-site-content-layout":"","site-content-style":"default","site-sidebar-style":"default","ast-global-header-display":"","ast-banner-title-visibility":"","ast-main-header-display":"","ast-hfb-above-header-display":"","ast-hfb-below-header-display":"","ast-hfb-mobile-header-display":"","site-post-title":"","ast-breadcrumbs-content":"","ast-featured-img":"","footer-sml-layout":"","theme-transparent-header-meta":"","adv-header-id-meta":"","stick-header-meta":"","header-above-stick-meta":"","header-main-stick-meta":"","header-below-stick-meta":"","astra-migrate-meta-layouts":"default","ast-page-background-enabled":"default","ast-page-background-meta":{"desktop":{"background-color":"var(--ast-global-color-4)","background-image":"","background-repeat":"repeat","background-position":"center center","background-size":"auto","background-attachment":"scroll","background-type":"","background-media":"","overlay-type":"","overlay-color":"","overlay-opacity":"","overlay-gradient":""},"tablet":{"background-color":"","background-image":"","background-repeat":"repeat","background-position":"center center","background-size":"auto","background-attachment":"scroll","background-type":"","background-media":"","overlay-type":"","overlay-color":"","overlay-opacity":"","overlay-gradient":""},"mobile":{"background-color":"","background-image":"","background-repeat":"repeat","background-position":"center center","background-size":"auto","background-attachment":"scroll","background-type":"","background-media":"","overlay-type":"","overlay-color":"","overlay-opacity":"","overlay-gradient":""}},"ast-content-background-meta":{"desktop":{"background-color":"var(--ast-global-color-5)","background-image":"","background-repeat":"repeat","background-position":"center center","background-size":"auto","background-attachment":"scroll","background-type":"","background-media":"","overlay-type":"","overlay-color":"","overlay-opacity":"","overlay-gradient":""},"tablet":{"background-color":"var(--ast-global-color-5)","background-image":"","background-repeat":"repeat","background-position":"center center","background-size":"auto","background-attachment":"scroll","background-type":"","background-media":"","overlay-type":"","overlay-color":"","overlay-opacity":"","overlay-gradient":""},"mobile":{"background-color":"var(--ast-global-color-5)","background-image":"","background-repeat":"repeat","background-position":"center center","background-size":"auto","background-attachment":"scroll","background-type":"","background-media":"","overlay-type":"","overlay-color":"","overlay-opacity":"","overlay-gradient":""}},"footnotes":""},"categories":[237,1,29],"tags":[541,338,608,767],"class_list":["post-18253","post","type-post","status-publish","format-standard","has-post-thumbnail","hentry","category-comerc-marqueting","category-general","category-portada","tag-activitats-comercials","tag-comerc-i-marqueting","tag-curs-22-23","tag-marxandatge"],"post_mailing_queue_ids":[],"_links":{"self":[{"href":"https:\/\/agora.xtec.cat\/iesagustiserra\/wp-json\/wp\/v2\/posts\/18253","targetHints":{"allow":["GET"]}}],"collection":[{"href":"https:\/\/agora.xtec.cat\/iesagustiserra\/wp-json\/wp\/v2\/posts"}],"about":[{"href":"https:\/\/agora.xtec.cat\/iesagustiserra\/wp-json\/wp\/v2\/types\/post"}],"author":[{"embeddable":true,"href":"https:\/\/agora.xtec.cat\/iesagustiserra\/wp-json\/wp\/v2\/users\/1"}],"replies":[{"embeddable":true,"href":"https:\/\/agora.xtec.cat\/iesagustiserra\/wp-json\/wp\/v2\/comments?post=18253"}],"version-history":[{"count":3,"href":"https:\/\/agora.xtec.cat\/iesagustiserra\/wp-json\/wp\/v2\/posts\/18253\/revisions"}],"predecessor-version":[{"id":18299,"href":"https:\/\/agora.xtec.cat\/iesagustiserra\/wp-json\/wp\/v2\/posts\/18253\/revisions\/18299"}],"wp:featuredmedia":[{"embeddable":true,"href":"https:\/\/agora.xtec.cat\/iesagustiserra\/wp-json\/wp\/v2\/media\/18255"}],"wp:attachment":[{"href":"https:\/\/agora.xtec.cat\/iesagustiserra\/wp-json\/wp\/v2\/media?parent=18253"}],"wp:term":[{"taxonomy":"category","embeddable":true,"href":"https:\/\/agora.xtec.cat\/iesagustiserra\/wp-json\/wp\/v2\/categories?post=18253"},{"taxonomy":"post_tag","embeddable":true,"href":"https:\/\/agora.xtec.cat\/iesagustiserra\/wp-json\/wp\/v2\/tags?post=18253"}],"curies":[{"name":"wp","href":"https:\/\/api.w.org\/{rel}","templated":true}]}}