{"id":17906,"date":"2022-11-10T08:09:47","date_gmt":"2022-11-10T07:09:47","guid":{"rendered":"https:\/\/agora.xtec.cat\/iesagustiserra\/?p=17906"},"modified":"2022-11-23T13:21:13","modified_gmt":"2022-11-23T12:21:13","slug":"disseny-visiten-la-fabrica-de-paper-j-vilaseca","status":"publish","type":"post","link":"https:\/\/agora.xtec.cat\/iesagustiserra\/general\/disseny-visiten-la-fabrica-de-paper-j-vilaseca\/","title":{"rendered":"Disseny visita la f\u00e0brica de paper J.Vilaseca"},"content":{"rendered":"<p>El grup de primer de <strong>Disseny i edici\u00f3 de publicacions impreses i multim\u00e8dia<\/strong> han visitat la f\u00e0brica paperera <strong><a href=\"https:\/\/www.jvilaseca.es\/\">J. Vilaseca de Capellades<\/a>.<\/strong><\/p>\n<p>El Toni i el Jaume, responsables de qualitat i producci\u00f3 de l&#8217;empresa, ens han explicat el proc\u00e9s de fabricaci\u00f3 del paper i les proves de qualitat que fan al laboratori.<\/p>\n<p>Un any m\u00e9s donem les gr\u00e0cies a l&#8217;empresa per fer possible que els alumnes visualitzin de forma pr\u00e0ctica la teoria que reben a classe.<\/p>\n<div id='gallery-1' class='gallery galleryid-17906 gallery-columns-3 gallery-size-full'><figure class='gallery-item'>\n\t\t\t<div class='gallery-icon landscape'>\n\t\t\t\t<a href='https:\/\/agora.xtec.cat\/iesagustiserra\/general\/disseny-visiten-la-fabrica-de-paper-j-vilaseca\/attachment\/disseny-visiten-la-fabrica-de-paper-j-vilaseca-5\/'><img loading=\"lazy\" decoding=\"async\" width=\"1024\" height=\"768\" src=\"https:\/\/agora.xtec.cat\/iesagustiserra\/wp-content\/uploads\/usu1681\/2022\/11\/Disseny-visiten-la-fabrica-de-paper-J.Vilaseca-5.jpg\" class=\"attachment-full size-full\" alt=\"Disseny visiten la f\u00e0brica de paper J.Vilaseca 5\" srcset=\"https:\/\/agora.xtec.cat\/iesagustiserra\/wp-content\/uploads\/usu1681\/2022\/11\/Disseny-visiten-la-fabrica-de-paper-J.Vilaseca-5.jpg 1024w, https:\/\/agora.xtec.cat\/iesagustiserra\/wp-content\/uploads\/usu1681\/2022\/11\/Disseny-visiten-la-fabrica-de-paper-J.Vilaseca-5-300x225.jpg 300w, https:\/\/agora.xtec.cat\/iesagustiserra\/wp-content\/uploads\/usu1681\/2022\/11\/Disseny-visiten-la-fabrica-de-paper-J.Vilaseca-5-768x576.jpg 768w, https:\/\/agora.xtec.cat\/iesagustiserra\/wp-content\/uploads\/usu1681\/2022\/11\/Disseny-visiten-la-fabrica-de-paper-J.Vilaseca-5-200x150.jpg 200w\" sizes=\"auto, (max-width: 1024px) 100vw, 1024px\" \/><\/a>\n\t\t\t<\/div><\/figure><figure class='gallery-item'>\n\t\t\t<div class='gallery-icon landscape'>\n\t\t\t\t<a href='https:\/\/agora.xtec.cat\/iesagustiserra\/general\/disseny-visiten-la-fabrica-de-paper-j-vilaseca\/attachment\/disseny-visiten-la-fabrica-de-paper-j-vilaseca-4\/'><img loading=\"lazy\" decoding=\"async\" width=\"1024\" height=\"768\" src=\"https:\/\/agora.xtec.cat\/iesagustiserra\/wp-content\/uploads\/usu1681\/2022\/11\/Disseny-visiten-la-fabrica-de-paper-J.Vilaseca-4.jpg\" class=\"attachment-full size-full\" alt=\"Disseny visiten la f\u00e0brica de paper J.Vilaseca 4\" srcset=\"https:\/\/agora.xtec.cat\/iesagustiserra\/wp-content\/uploads\/usu1681\/2022\/11\/Disseny-visiten-la-fabrica-de-paper-J.Vilaseca-4.jpg 1024w, https:\/\/agora.xtec.cat\/iesagustiserra\/wp-content\/uploads\/usu1681\/2022\/11\/Disseny-visiten-la-fabrica-de-paper-J.Vilaseca-4-300x225.jpg 300w, https:\/\/agora.xtec.cat\/iesagustiserra\/wp-content\/uploads\/usu1681\/2022\/11\/Disseny-visiten-la-fabrica-de-paper-J.Vilaseca-4-768x576.jpg 768w, https:\/\/agora.xtec.cat\/iesagustiserra\/wp-content\/uploads\/usu1681\/2022\/11\/Disseny-visiten-la-fabrica-de-paper-J.Vilaseca-4-200x150.jpg 200w\" sizes=\"auto, (max-width: 1024px) 100vw, 1024px\" \/><\/a>\n\t\t\t<\/div><\/figure><figure class='gallery-item'>\n\t\t\t<div class='gallery-icon landscape'>\n\t\t\t\t<a href='https:\/\/agora.xtec.cat\/iesagustiserra\/general\/disseny-visiten-la-fabrica-de-paper-j-vilaseca\/attachment\/disseny-visiten-la-fabrica-de-paper-j-vilaseca-3\/'><img loading=\"lazy\" decoding=\"async\" width=\"1024\" height=\"768\" src=\"https:\/\/agora.xtec.cat\/iesagustiserra\/wp-content\/uploads\/usu1681\/2022\/11\/Disseny-visiten-la-fabrica-de-paper-J.Vilaseca-3.jpg\" class=\"attachment-full size-full\" alt=\"Disseny visiten la f\u00e0brica de paper J.Vilaseca 3\" srcset=\"https:\/\/agora.xtec.cat\/iesagustiserra\/wp-content\/uploads\/usu1681\/2022\/11\/Disseny-visiten-la-fabrica-de-paper-J.Vilaseca-3.jpg 1024w, https:\/\/agora.xtec.cat\/iesagustiserra\/wp-content\/uploads\/usu1681\/2022\/11\/Disseny-visiten-la-fabrica-de-paper-J.Vilaseca-3-300x225.jpg 300w, https:\/\/agora.xtec.cat\/iesagustiserra\/wp-content\/uploads\/usu1681\/2022\/11\/Disseny-visiten-la-fabrica-de-paper-J.Vilaseca-3-768x576.jpg 768w, https:\/\/agora.xtec.cat\/iesagustiserra\/wp-content\/uploads\/usu1681\/2022\/11\/Disseny-visiten-la-fabrica-de-paper-J.Vilaseca-3-200x150.jpg 200w\" sizes=\"auto, (max-width: 1024px) 100vw, 1024px\" \/><\/a>\n\t\t\t<\/div><\/figure>\n\t\t<\/div>\n\n<div id='gallery-2' class='gallery galleryid-17906 gallery-columns-1 gallery-size-full'><figure class='gallery-item'>\n\t\t\t<div class='gallery-icon landscape'>\n\t\t\t\t<a href='https:\/\/agora.xtec.cat\/iesagustiserra\/general\/disseny-visiten-la-fabrica-de-paper-j-vilaseca\/attachment\/disseny-visiten-la-fabrica-de-paper-j-vilaseca-1\/'><img loading=\"lazy\" decoding=\"async\" width=\"1024\" height=\"768\" src=\"https:\/\/agora.xtec.cat\/iesagustiserra\/wp-content\/uploads\/usu1681\/2022\/11\/Disseny-visiten-la-fabrica-de-paper-J.Vilaseca-1.jpg\" class=\"attachment-full size-full\" alt=\"Disseny visiten la f\u00e0brica de paper J.Vilaseca 1\" srcset=\"https:\/\/agora.xtec.cat\/iesagustiserra\/wp-content\/uploads\/usu1681\/2022\/11\/Disseny-visiten-la-fabrica-de-paper-J.Vilaseca-1.jpg 1024w, https:\/\/agora.xtec.cat\/iesagustiserra\/wp-content\/uploads\/usu1681\/2022\/11\/Disseny-visiten-la-fabrica-de-paper-J.Vilaseca-1-300x225.jpg 300w, https:\/\/agora.xtec.cat\/iesagustiserra\/wp-content\/uploads\/usu1681\/2022\/11\/Disseny-visiten-la-fabrica-de-paper-J.Vilaseca-1-768x576.jpg 768w, https:\/\/agora.xtec.cat\/iesagustiserra\/wp-content\/uploads\/usu1681\/2022\/11\/Disseny-visiten-la-fabrica-de-paper-J.Vilaseca-1-200x150.jpg 200w\" sizes=\"auto, (max-width: 1024px) 100vw, 1024px\" \/><\/a>\n\t\t\t<\/div><\/figure>\n\t\t<\/div>\n\n<p>&nbsp;<\/p>\n","protected":false},"excerpt":{"rendered":"<p>El grup de primer de Disseny i edici\u00f3 de publicacions impreses i multim\u00e8dia han visitat la f\u00e0brica paperera J. Vilaseca de Capellades.<\/p>\n","protected":false},"author":1,"featured_media":17907,"comment_status":"open","ping_status":"closed","sticky":false,"template":"","format":"standard","meta":{"site-sidebar-layout":"default","site-content-layout":"","ast-site-content-layout":"","site-content-style":"default","site-sidebar-style":"default","ast-global-header-display":"","ast-banner-title-visibility":"","ast-main-header-display":"","ast-hfb-above-header-display":"","ast-hfb-below-header-display":"","ast-hfb-mobile-header-display":"","site-post-title":"","ast-breadcrumbs-content":"","ast-featured-img":"","footer-sml-layout":"","theme-transparent-header-meta":"","adv-header-id-meta":"","stick-header-meta":"","header-above-stick-meta":"","header-main-stick-meta":"","header-below-stick-meta":"","astra-migrate-meta-layouts":"default","ast-page-background-enabled":"default","ast-page-background-meta":{"desktop":{"background-color":"var(--ast-global-color-4)","background-image":"","background-repeat":"repeat","background-position":"center center","background-size":"auto","background-attachment":"scroll","background-type":"","background-media":"","overlay-type":"","overlay-color":"","overlay-opacity":"","overlay-gradient":""},"tablet":{"background-color":"","background-image":"","background-repeat":"repeat","background-position":"center center","background-size":"auto","background-attachment":"scroll","background-type":"","background-media":"","overlay-type":"","overlay-color":"","overlay-opacity":"","overlay-gradient":""},"mobile":{"background-color":"","background-image":"","background-repeat":"repeat","background-position":"center center","background-size":"auto","background-attachment":"scroll","background-type":"","background-media":"","overlay-type":"","overlay-color":"","overlay-opacity":"","overlay-gradient":""}},"ast-content-background-meta":{"desktop":{"background-color":"var(--ast-global-color-5)","background-image":"","background-repeat":"repeat","background-position":"center center","background-size":"auto","background-attachment":"scroll","background-type":"","background-media":"","overlay-type":"","overlay-color":"","overlay-opacity":"","overlay-gradient":""},"tablet":{"background-color":"var(--ast-global-color-5)","background-image":"","background-repeat":"repeat","background-position":"center center","background-size":"auto","background-attachment":"scroll","background-type":"","background-media":"","overlay-type":"","overlay-color":"","overlay-opacity":"","overlay-gradient":""},"mobile":{"background-color":"var(--ast-global-color-5)","background-image":"","background-repeat":"repeat","background-position":"center center","background-size":"auto","background-attachment":"scroll","background-type":"","background-media":"","overlay-type":"","overlay-color":"","overlay-opacity":"","overlay-gradient":""}},"footnotes":""},"categories":[238,708,1,29],"tags":[261,745,440,744,608,557,746],"class_list":["post-17906","post","type-post","status-publish","format-standard","has-post-thumbnail","hentry","category-arts-grafiques","category-disseny_edicio_publicacions_impreses_multimedia","category-general","category-portada","tag-arts-grafiques","tag-capellades","tag-cfgs","tag-cfgs-disseny-i-edicio-de-publicacions-impreses-i-multimedia","tag-curs-22-23","tag-j-vilaseca","tag-paper"],"post_mailing_queue_ids":[],"_links":{"self":[{"href":"https:\/\/agora.xtec.cat\/iesagustiserra\/wp-json\/wp\/v2\/posts\/17906","targetHints":{"allow":["GET"]}}],"collection":[{"href":"https:\/\/agora.xtec.cat\/iesagustiserra\/wp-json\/wp\/v2\/posts"}],"about":[{"href":"https:\/\/agora.xtec.cat\/iesagustiserra\/wp-json\/wp\/v2\/types\/post"}],"author":[{"embeddable":true,"href":"https:\/\/agora.xtec.cat\/iesagustiserra\/wp-json\/wp\/v2\/users\/1"}],"replies":[{"embeddable":true,"href":"https:\/\/agora.xtec.cat\/iesagustiserra\/wp-json\/wp\/v2\/comments?post=17906"}],"version-history":[{"count":3,"href":"https:\/\/agora.xtec.cat\/iesagustiserra\/wp-json\/wp\/v2\/posts\/17906\/revisions"}],"predecessor-version":[{"id":17925,"href":"https:\/\/agora.xtec.cat\/iesagustiserra\/wp-json\/wp\/v2\/posts\/17906\/revisions\/17925"}],"wp:featuredmedia":[{"embeddable":true,"href":"https:\/\/agora.xtec.cat\/iesagustiserra\/wp-json\/wp\/v2\/media\/17907"}],"wp:attachment":[{"href":"https:\/\/agora.xtec.cat\/iesagustiserra\/wp-json\/wp\/v2\/media?parent=17906"}],"wp:term":[{"taxonomy":"category","embeddable":true,"href":"https:\/\/agora.xtec.cat\/iesagustiserra\/wp-json\/wp\/v2\/categories?post=17906"},{"taxonomy":"post_tag","embeddable":true,"href":"https:\/\/agora.xtec.cat\/iesagustiserra\/wp-json\/wp\/v2\/tags?post=17906"}],"curies":[{"name":"wp","href":"https:\/\/api.w.org\/{rel}","templated":true}]}}