{"id":17889,"date":"2023-06-15T18:06:24","date_gmt":"2023-06-15T16:06:24","guid":{"rendered":"https:\/\/agora.xtec.cat\/iesagustiserra\/?p=17889"},"modified":"2023-06-28T11:34:33","modified_gmt":"2023-06-28T09:34:33","slug":"acte-dinici-de-la-celebracio-pels-40-anys-de-lagusti-serra","status":"publish","type":"post","link":"https:\/\/agora.xtec.cat\/iesagustiserra\/general\/acte-dinici-de-la-celebracio-pels-40-anys-de-lagusti-serra\/","title":{"rendered":"Acte d&#8217;inici 40\u00e8 aniversari anys de l&#8217;Agust\u00ed Serra"},"content":{"rendered":"<p><em>Article 10\/11\/2022<\/em><\/p>\n<p style=\"text-align: justify;\">El passat divendres, 4 de novembre, l\u2019institut va dur a terme durant tot el dia un acte per tal de celebrar els 40 anys de la seva inauguraci\u00f3, l&#8217;any 1982. Una efem\u00e8ride molt esperada!<\/p>\n<p style=\"text-align: justify;\">Per obrir l\u2019acte, al mat\u00ed, van fer-se diversos parlaments institucionals a la pista de b\u00e0squet. Per ordre, van dir unes paraules el nostre director, Lope L\u00f3pez; l\u2019antic director i professor del centre, ara regidor d\u2019educaci\u00f3, Manuel Robles; la cap d\u2019inspecci\u00f3, Marta Sellas; i l\u2019alcaldessa de Sabadell, Marta Farr\u00e9s.<\/p>\n<p style=\"text-align: justify;\">Un cop acabats els parlaments, va realitzar-se a la pista de futbol una performance preparada amb molta cura pel Departament de Matem\u00e0tiques durant tota la setmana: l\u2019alumnat de 1r a 4t d\u2019ESO va fer, amb el cos i diferents colors a la samarreta i cartolines, una gran figura que representava el motiu que ens reunia: <strong>\u00ab40 AS\u00bb<\/strong>. Des de dalt, un dron va registrar les imatges. Va quedar magn\u00edfica!<\/p>\n<div id='gallery-1' class='gallery galleryid-17889 gallery-columns-1 gallery-size-full'><figure class='gallery-item'>\n\t\t\t<div class='gallery-icon landscape'>\n\t\t\t\t<a href='https:\/\/agora.xtec.cat\/iesagustiserra\/general\/acte-dinici-de-la-celebracio-pels-40-anys-de-lagusti-serra\/attachment\/40-anys-agusti-serra-i-fontanet-1\/'><img loading=\"lazy\" decoding=\"async\" width=\"1024\" height=\"576\" src=\"https:\/\/agora.xtec.cat\/iesagustiserra\/wp-content\/uploads\/usu1681\/2022\/11\/40-anys-Agusti-Serra-i-Fontanet-1.jpg\" class=\"attachment-full size-full\" alt=\"40 anys Agust\u00ed Serra i Fontanet -1\" srcset=\"https:\/\/agora.xtec.cat\/iesagustiserra\/wp-content\/uploads\/usu1681\/2022\/11\/40-anys-Agusti-Serra-i-Fontanet-1.jpg 1024w, https:\/\/agora.xtec.cat\/iesagustiserra\/wp-content\/uploads\/usu1681\/2022\/11\/40-anys-Agusti-Serra-i-Fontanet-1-300x169.jpg 300w, https:\/\/agora.xtec.cat\/iesagustiserra\/wp-content\/uploads\/usu1681\/2022\/11\/40-anys-Agusti-Serra-i-Fontanet-1-768x432.jpg 768w\" sizes=\"auto, (max-width: 1024px) 100vw, 1024px\" \/><\/a>\n\t\t\t<\/div><\/figure><figure class='gallery-item'>\n\t\t\t<div class='gallery-icon landscape'>\n\t\t\t\t<a href='https:\/\/agora.xtec.cat\/iesagustiserra\/general\/acte-dinici-de-la-celebracio-pels-40-anys-de-lagusti-serra\/attachment\/40-anys-agusti-serra-i-fontanet-3\/'><img loading=\"lazy\" decoding=\"async\" width=\"1024\" height=\"576\" src=\"https:\/\/agora.xtec.cat\/iesagustiserra\/wp-content\/uploads\/usu1681\/2022\/11\/40-anys-Agusti-Serra-i-Fontanet-3.jpg\" class=\"attachment-full size-full\" alt=\"40 anys Agust\u00ed Serra i Fontanet -3\" srcset=\"https:\/\/agora.xtec.cat\/iesagustiserra\/wp-content\/uploads\/usu1681\/2022\/11\/40-anys-Agusti-Serra-i-Fontanet-3.jpg 1024w, https:\/\/agora.xtec.cat\/iesagustiserra\/wp-content\/uploads\/usu1681\/2022\/11\/40-anys-Agusti-Serra-i-Fontanet-3-300x169.jpg 300w, https:\/\/agora.xtec.cat\/iesagustiserra\/wp-content\/uploads\/usu1681\/2022\/11\/40-anys-Agusti-Serra-i-Fontanet-3-768x432.jpg 768w\" sizes=\"auto, (max-width: 1024px) 100vw, 1024px\" \/><\/a>\n\t\t\t<\/div><\/figure><figure class='gallery-item'>\n\t\t\t<div class='gallery-icon landscape'>\n\t\t\t\t<a href='https:\/\/agora.xtec.cat\/iesagustiserra\/general\/acte-dinici-de-la-celebracio-pels-40-anys-de-lagusti-serra\/attachment\/40-anys-agusti-serra-i-fontanet-2\/'><img loading=\"lazy\" decoding=\"async\" width=\"1024\" height=\"576\" src=\"https:\/\/agora.xtec.cat\/iesagustiserra\/wp-content\/uploads\/usu1681\/2022\/11\/40-anys-Agusti-Serra-i-Fontanet-2.jpg\" class=\"attachment-full size-full\" alt=\"40 anys Agust\u00ed Serra i Fontanet -2\" srcset=\"https:\/\/agora.xtec.cat\/iesagustiserra\/wp-content\/uploads\/usu1681\/2022\/11\/40-anys-Agusti-Serra-i-Fontanet-2.jpg 1024w, https:\/\/agora.xtec.cat\/iesagustiserra\/wp-content\/uploads\/usu1681\/2022\/11\/40-anys-Agusti-Serra-i-Fontanet-2-300x169.jpg 300w, https:\/\/agora.xtec.cat\/iesagustiserra\/wp-content\/uploads\/usu1681\/2022\/11\/40-anys-Agusti-Serra-i-Fontanet-2-768x432.jpg 768w\" sizes=\"auto, (max-width: 1024px) 100vw, 1024px\" \/><\/a>\n\t\t\t<\/div><\/figure>\n\t\t<\/div>\n\n<div id='gallery-2' class='gallery galleryid-17889 gallery-columns-2 gallery-size-full'><figure class='gallery-item'>\n\t\t\t<div class='gallery-icon landscape'>\n\t\t\t\t<a href='https:\/\/agora.xtec.cat\/iesagustiserra\/general\/acte-dinici-de-la-celebracio-pels-40-anys-de-lagusti-serra\/attachment\/40-anys-agusti-serra-18-2\/'><img loading=\"lazy\" decoding=\"async\" width=\"1024\" height=\"768\" src=\"https:\/\/agora.xtec.cat\/iesagustiserra\/wp-content\/uploads\/usu1681\/2022\/11\/40-anys-Agusti-Serra-18-1.jpg\" class=\"attachment-full size-full\" alt=\"40 anys Agust\u00ed Serra 18\" srcset=\"https:\/\/agora.xtec.cat\/iesagustiserra\/wp-content\/uploads\/usu1681\/2022\/11\/40-anys-Agusti-Serra-18-1.jpg 1024w, https:\/\/agora.xtec.cat\/iesagustiserra\/wp-content\/uploads\/usu1681\/2022\/11\/40-anys-Agusti-Serra-18-1-300x225.jpg 300w, https:\/\/agora.xtec.cat\/iesagustiserra\/wp-content\/uploads\/usu1681\/2022\/11\/40-anys-Agusti-Serra-18-1-768x576.jpg 768w, https:\/\/agora.xtec.cat\/iesagustiserra\/wp-content\/uploads\/usu1681\/2022\/11\/40-anys-Agusti-Serra-18-1-200x150.jpg 200w\" sizes=\"auto, (max-width: 1024px) 100vw, 1024px\" \/><\/a>\n\t\t\t<\/div><\/figure><figure class='gallery-item'>\n\t\t\t<div class='gallery-icon landscape'>\n\t\t\t\t<a href='https:\/\/agora.xtec.cat\/iesagustiserra\/general\/acte-dinici-de-la-celebracio-pels-40-anys-de-lagusti-serra\/attachment\/40-anys-agusti-serra-19-2\/'><img loading=\"lazy\" decoding=\"async\" width=\"1024\" height=\"768\" src=\"https:\/\/agora.xtec.cat\/iesagustiserra\/wp-content\/uploads\/usu1681\/2022\/11\/40-anys-Agusti-Serra-19-1.jpg\" class=\"attachment-full size-full\" alt=\"40 anys Agust\u00ed Serra 19\" srcset=\"https:\/\/agora.xtec.cat\/iesagustiserra\/wp-content\/uploads\/usu1681\/2022\/11\/40-anys-Agusti-Serra-19-1.jpg 1024w, https:\/\/agora.xtec.cat\/iesagustiserra\/wp-content\/uploads\/usu1681\/2022\/11\/40-anys-Agusti-Serra-19-1-300x225.jpg 300w, https:\/\/agora.xtec.cat\/iesagustiserra\/wp-content\/uploads\/usu1681\/2022\/11\/40-anys-Agusti-Serra-19-1-768x576.jpg 768w, https:\/\/agora.xtec.cat\/iesagustiserra\/wp-content\/uploads\/usu1681\/2022\/11\/40-anys-Agusti-Serra-19-1-200x150.jpg 200w\" sizes=\"auto, (max-width: 1024px) 100vw, 1024px\" \/><\/a>\n\t\t\t<\/div><\/figure><figure class='gallery-item'>\n\t\t\t<div class='gallery-icon landscape'>\n\t\t\t\t<a href='https:\/\/agora.xtec.cat\/iesagustiserra\/general\/acte-dinici-de-la-celebracio-pels-40-anys-de-lagusti-serra\/attachment\/40-anys-agusti-serra-24\/'><img loading=\"lazy\" decoding=\"async\" width=\"1024\" height=\"768\" src=\"https:\/\/agora.xtec.cat\/iesagustiserra\/wp-content\/uploads\/usu1681\/2022\/11\/40-anys-Agusti-Serra-24.jpg\" class=\"attachment-full size-full\" alt=\"40 anys Agust\u00ed Serra 24\" srcset=\"https:\/\/agora.xtec.cat\/iesagustiserra\/wp-content\/uploads\/usu1681\/2022\/11\/40-anys-Agusti-Serra-24.jpg 1024w, https:\/\/agora.xtec.cat\/iesagustiserra\/wp-content\/uploads\/usu1681\/2022\/11\/40-anys-Agusti-Serra-24-300x225.jpg 300w, https:\/\/agora.xtec.cat\/iesagustiserra\/wp-content\/uploads\/usu1681\/2022\/11\/40-anys-Agusti-Serra-24-768x576.jpg 768w, https:\/\/agora.xtec.cat\/iesagustiserra\/wp-content\/uploads\/usu1681\/2022\/11\/40-anys-Agusti-Serra-24-200x150.jpg 200w\" sizes=\"auto, (max-width: 1024px) 100vw, 1024px\" \/><\/a>\n\t\t\t<\/div><\/figure><figure class='gallery-item'>\n\t\t\t<div class='gallery-icon landscape'>\n\t\t\t\t<a href='https:\/\/agora.xtec.cat\/iesagustiserra\/general\/acte-dinici-de-la-celebracio-pels-40-anys-de-lagusti-serra\/attachment\/40-anys-agusti-serra-25\/'><img loading=\"lazy\" decoding=\"async\" width=\"1024\" height=\"768\" src=\"https:\/\/agora.xtec.cat\/iesagustiserra\/wp-content\/uploads\/usu1681\/2022\/11\/40-anys-Agusti-Serra-25.jpg\" class=\"attachment-full size-full\" alt=\"40 anys Agust\u00ed Serra 25\" srcset=\"https:\/\/agora.xtec.cat\/iesagustiserra\/wp-content\/uploads\/usu1681\/2022\/11\/40-anys-Agusti-Serra-25.jpg 1024w, https:\/\/agora.xtec.cat\/iesagustiserra\/wp-content\/uploads\/usu1681\/2022\/11\/40-anys-Agusti-Serra-25-300x225.jpg 300w, https:\/\/agora.xtec.cat\/iesagustiserra\/wp-content\/uploads\/usu1681\/2022\/11\/40-anys-Agusti-Serra-25-768x576.jpg 768w, https:\/\/agora.xtec.cat\/iesagustiserra\/wp-content\/uploads\/usu1681\/2022\/11\/40-anys-Agusti-Serra-25-200x150.jpg 200w\" sizes=\"auto, (max-width: 1024px) 100vw, 1024px\" \/><\/a>\n\t\t\t<\/div><\/figure><figure class='gallery-item'>\n\t\t\t<div class='gallery-icon landscape'>\n\t\t\t\t<a href='https:\/\/agora.xtec.cat\/iesagustiserra\/general\/acte-dinici-de-la-celebracio-pels-40-anys-de-lagusti-serra\/attachment\/40-anys-agusti-serra-21\/'><img loading=\"lazy\" decoding=\"async\" width=\"1024\" height=\"768\" src=\"https:\/\/agora.xtec.cat\/iesagustiserra\/wp-content\/uploads\/usu1681\/2022\/11\/40-anys-Agusti-Serra-21.jpg\" class=\"attachment-full size-full\" alt=\"40 anys Agust\u00ed Serra 21\" srcset=\"https:\/\/agora.xtec.cat\/iesagustiserra\/wp-content\/uploads\/usu1681\/2022\/11\/40-anys-Agusti-Serra-21.jpg 1024w, https:\/\/agora.xtec.cat\/iesagustiserra\/wp-content\/uploads\/usu1681\/2022\/11\/40-anys-Agusti-Serra-21-300x225.jpg 300w, https:\/\/agora.xtec.cat\/iesagustiserra\/wp-content\/uploads\/usu1681\/2022\/11\/40-anys-Agusti-Serra-21-768x576.jpg 768w, https:\/\/agora.xtec.cat\/iesagustiserra\/wp-content\/uploads\/usu1681\/2022\/11\/40-anys-Agusti-Serra-21-200x150.jpg 200w\" sizes=\"auto, (max-width: 1024px) 100vw, 1024px\" \/><\/a>\n\t\t\t<\/div><\/figure><figure class='gallery-item'>\n\t\t\t<div class='gallery-icon landscape'>\n\t\t\t\t<a href='https:\/\/agora.xtec.cat\/iesagustiserra\/general\/acte-dinici-de-la-celebracio-pels-40-anys-de-lagusti-serra\/attachment\/40-anys-agusti-serra-1\/'><img loading=\"lazy\" decoding=\"async\" width=\"1024\" height=\"768\" src=\"https:\/\/agora.xtec.cat\/iesagustiserra\/wp-content\/uploads\/usu1681\/2022\/11\/40-anys-Agusti-Serra-1.jpg\" class=\"attachment-full size-full\" alt=\"40 anys Agust\u00ed Serra 1\" srcset=\"https:\/\/agora.xtec.cat\/iesagustiserra\/wp-content\/uploads\/usu1681\/2022\/11\/40-anys-Agusti-Serra-1.jpg 1024w, https:\/\/agora.xtec.cat\/iesagustiserra\/wp-content\/uploads\/usu1681\/2022\/11\/40-anys-Agusti-Serra-1-300x225.jpg 300w, https:\/\/agora.xtec.cat\/iesagustiserra\/wp-content\/uploads\/usu1681\/2022\/11\/40-anys-Agusti-Serra-1-768x576.jpg 768w, https:\/\/agora.xtec.cat\/iesagustiserra\/wp-content\/uploads\/usu1681\/2022\/11\/40-anys-Agusti-Serra-1-200x150.jpg 200w\" sizes=\"auto, (max-width: 1024px) 100vw, 1024px\" \/><\/a>\n\t\t\t<\/div><\/figure><figure class='gallery-item'>\n\t\t\t<div class='gallery-icon landscape'>\n\t\t\t\t<a href='https:\/\/agora.xtec.cat\/iesagustiserra\/general\/acte-dinici-de-la-celebracio-pels-40-anys-de-lagusti-serra\/attachment\/40-anys-agusti-serra-22\/'><img loading=\"lazy\" decoding=\"async\" width=\"1024\" height=\"768\" src=\"https:\/\/agora.xtec.cat\/iesagustiserra\/wp-content\/uploads\/usu1681\/2022\/11\/40-anys-Agusti-Serra-22.jpg\" class=\"attachment-full size-full\" alt=\"40 anys Agust\u00ed Serra 22\" srcset=\"https:\/\/agora.xtec.cat\/iesagustiserra\/wp-content\/uploads\/usu1681\/2022\/11\/40-anys-Agusti-Serra-22.jpg 1024w, https:\/\/agora.xtec.cat\/iesagustiserra\/wp-content\/uploads\/usu1681\/2022\/11\/40-anys-Agusti-Serra-22-300x225.jpg 300w, https:\/\/agora.xtec.cat\/iesagustiserra\/wp-content\/uploads\/usu1681\/2022\/11\/40-anys-Agusti-Serra-22-768x576.jpg 768w, https:\/\/agora.xtec.cat\/iesagustiserra\/wp-content\/uploads\/usu1681\/2022\/11\/40-anys-Agusti-Serra-22-200x150.jpg 200w\" sizes=\"auto, (max-width: 1024px) 100vw, 1024px\" \/><\/a>\n\t\t\t<\/div><\/figure><figure class='gallery-item'>\n\t\t\t<div class='gallery-icon landscape'>\n\t\t\t\t<a href='https:\/\/agora.xtec.cat\/iesagustiserra\/general\/acte-dinici-de-la-celebracio-pels-40-anys-de-lagusti-serra\/attachment\/40-anys-agusti-serra-11\/'><img loading=\"lazy\" decoding=\"async\" width=\"1024\" height=\"768\" src=\"https:\/\/agora.xtec.cat\/iesagustiserra\/wp-content\/uploads\/usu1681\/2022\/11\/40-anys-Agusti-Serra-11.jpg\" class=\"attachment-full size-full\" alt=\"40 anys Agust\u00ed Serra 11\" srcset=\"https:\/\/agora.xtec.cat\/iesagustiserra\/wp-content\/uploads\/usu1681\/2022\/11\/40-anys-Agusti-Serra-11.jpg 1024w, https:\/\/agora.xtec.cat\/iesagustiserra\/wp-content\/uploads\/usu1681\/2022\/11\/40-anys-Agusti-Serra-11-300x225.jpg 300w, https:\/\/agora.xtec.cat\/iesagustiserra\/wp-content\/uploads\/usu1681\/2022\/11\/40-anys-Agusti-Serra-11-768x576.jpg 768w, https:\/\/agora.xtec.cat\/iesagustiserra\/wp-content\/uploads\/usu1681\/2022\/11\/40-anys-Agusti-Serra-11-200x150.jpg 200w\" sizes=\"auto, (max-width: 1024px) 100vw, 1024px\" \/><\/a>\n\t\t\t<\/div><\/figure><figure class='gallery-item'>\n\t\t\t<div class='gallery-icon landscape'>\n\t\t\t\t<a href='https:\/\/agora.xtec.cat\/iesagustiserra\/general\/acte-dinici-de-la-celebracio-pels-40-anys-de-lagusti-serra\/attachment\/40-anys-agusti-serra-16\/'><img loading=\"lazy\" decoding=\"async\" width=\"1024\" height=\"768\" src=\"https:\/\/agora.xtec.cat\/iesagustiserra\/wp-content\/uploads\/usu1681\/2022\/11\/40-anys-Agusti-Serra-16.jpg\" class=\"attachment-full size-full\" alt=\"40 anys Agust\u00ed Serra 16\" srcset=\"https:\/\/agora.xtec.cat\/iesagustiserra\/wp-content\/uploads\/usu1681\/2022\/11\/40-anys-Agusti-Serra-16.jpg 1024w, https:\/\/agora.xtec.cat\/iesagustiserra\/wp-content\/uploads\/usu1681\/2022\/11\/40-anys-Agusti-Serra-16-300x225.jpg 300w, https:\/\/agora.xtec.cat\/iesagustiserra\/wp-content\/uploads\/usu1681\/2022\/11\/40-anys-Agusti-Serra-16-768x576.jpg 768w, https:\/\/agora.xtec.cat\/iesagustiserra\/wp-content\/uploads\/usu1681\/2022\/11\/40-anys-Agusti-Serra-16-200x150.jpg 200w\" sizes=\"auto, (max-width: 1024px) 100vw, 1024px\" \/><\/a>\n\t\t\t<\/div><\/figure><figure class='gallery-item'>\n\t\t\t<div class='gallery-icon landscape'>\n\t\t\t\t<a href='https:\/\/agora.xtec.cat\/iesagustiserra\/general\/acte-dinici-de-la-celebracio-pels-40-anys-de-lagusti-serra\/attachment\/40-anys-agusti-serra-36\/'><img loading=\"lazy\" decoding=\"async\" width=\"1024\" height=\"768\" src=\"https:\/\/agora.xtec.cat\/iesagustiserra\/wp-content\/uploads\/usu1681\/2022\/11\/40-anys-Agusti-Serra-36.jpg\" class=\"attachment-full size-full\" alt=\"40 anys Agust\u00ed Serra\" srcset=\"https:\/\/agora.xtec.cat\/iesagustiserra\/wp-content\/uploads\/usu1681\/2022\/11\/40-anys-Agusti-Serra-36.jpg 1024w, https:\/\/agora.xtec.cat\/iesagustiserra\/wp-content\/uploads\/usu1681\/2022\/11\/40-anys-Agusti-Serra-36-300x225.jpg 300w, https:\/\/agora.xtec.cat\/iesagustiserra\/wp-content\/uploads\/usu1681\/2022\/11\/40-anys-Agusti-Serra-36-768x576.jpg 768w, https:\/\/agora.xtec.cat\/iesagustiserra\/wp-content\/uploads\/usu1681\/2022\/11\/40-anys-Agusti-Serra-36-200x150.jpg 200w\" sizes=\"auto, (max-width: 1024px) 100vw, 1024px\" \/><\/a>\n\t\t\t<\/div><\/figure>\n\t\t<\/div>\n\n<p style=\"text-align: justify;\">Despr\u00e9s, va ser el torn de moure el cos al ritme de la m\u00fasica i l\u2019energia del Cicle Formatiu de Grau Superior de Condicionament F\u00edsic, que va organitzar una classe magistral de <em>Zumba<\/em> perfectament dirigida. Ni els m\u00e9s t\u00edmids van poder evitar sumar-s\u2019hi, un cop va comen\u00e7ar!<\/p>\n<p style=\"text-align: justify;\"><a href=\"https:\/\/agora.xtec.cat\/iesagustiserra\/wp-content\/uploads\/usu1681\/2022\/11\/WhatsApp-Image-2022-11-09-at-13.25.24.jpeg\"><img loading=\"lazy\" decoding=\"async\" class=\"aligncenter wp-image-17896\" src=\"https:\/\/agora.xtec.cat\/iesagustiserra\/wp-content\/uploads\/usu1681\/2022\/11\/WhatsApp-Image-2022-11-09-at-13.25.24-1024x768.jpeg\" alt=\"\" width=\"380\" height=\"285\" srcset=\"https:\/\/agora.xtec.cat\/iesagustiserra\/wp-content\/uploads\/usu1681\/2022\/11\/WhatsApp-Image-2022-11-09-at-13.25.24-1024x768.jpeg 1024w, https:\/\/agora.xtec.cat\/iesagustiserra\/wp-content\/uploads\/usu1681\/2022\/11\/WhatsApp-Image-2022-11-09-at-13.25.24-300x225.jpeg 300w, https:\/\/agora.xtec.cat\/iesagustiserra\/wp-content\/uploads\/usu1681\/2022\/11\/WhatsApp-Image-2022-11-09-at-13.25.24-768x576.jpeg 768w, https:\/\/agora.xtec.cat\/iesagustiserra\/wp-content\/uploads\/usu1681\/2022\/11\/WhatsApp-Image-2022-11-09-at-13.25.24-1536x1152.jpeg 1536w, https:\/\/agora.xtec.cat\/iesagustiserra\/wp-content\/uploads\/usu1681\/2022\/11\/WhatsApp-Image-2022-11-09-at-13.25.24-200x150.jpeg 200w, https:\/\/agora.xtec.cat\/iesagustiserra\/wp-content\/uploads\/usu1681\/2022\/11\/WhatsApp-Image-2022-11-09-at-13.25.24.jpeg 1600w\" sizes=\"auto, (max-width: 380px) 100vw, 380px\" \/><\/a><\/p>\n<p style=\"text-align: justify;\">Mentrestant, s\u2019estava cuinant al pati de les palmeres una paella que ho omplia tot d\u2019una flaire deliciosa. Acabades les activitats, docents de Cicles Formatius, de l\u2019ESO i de Batxillerat, aix\u00ed com altres persones treballadores del centre, vam reunir-nos sota els pins per dinar. Gr\u00e0cies a aquesta ocasi\u00f3, vam poder trobar-nos i xerrar tranquil\u00b7lament durant una estona, sense les presses de cada dia. Vam poder veure, fins i tot, antics companys jubilats o destinats ara a altres centres, a qui hem trobat a faltar.<\/p>\n<p style=\"text-align: justify;\"><a href=\"https:\/\/agora.xtec.cat\/iesagustiserra\/wp-content\/uploads\/usu1681\/2022\/11\/WhatsApp-Image-2022-11-09-at-13.25.24-1.jpeg\"><img loading=\"lazy\" decoding=\"async\" class=\"aligncenter wp-image-17897\" src=\"https:\/\/agora.xtec.cat\/iesagustiserra\/wp-content\/uploads\/usu1681\/2022\/11\/WhatsApp-Image-2022-11-09-at-13.25.24-1-1024x768.jpeg\" alt=\"\" width=\"380\" height=\"285\" srcset=\"https:\/\/agora.xtec.cat\/iesagustiserra\/wp-content\/uploads\/usu1681\/2022\/11\/WhatsApp-Image-2022-11-09-at-13.25.24-1-1024x768.jpeg 1024w, https:\/\/agora.xtec.cat\/iesagustiserra\/wp-content\/uploads\/usu1681\/2022\/11\/WhatsApp-Image-2022-11-09-at-13.25.24-1-300x225.jpeg 300w, https:\/\/agora.xtec.cat\/iesagustiserra\/wp-content\/uploads\/usu1681\/2022\/11\/WhatsApp-Image-2022-11-09-at-13.25.24-1-768x576.jpeg 768w, https:\/\/agora.xtec.cat\/iesagustiserra\/wp-content\/uploads\/usu1681\/2022\/11\/WhatsApp-Image-2022-11-09-at-13.25.24-1-1536x1152.jpeg 1536w, https:\/\/agora.xtec.cat\/iesagustiserra\/wp-content\/uploads\/usu1681\/2022\/11\/WhatsApp-Image-2022-11-09-at-13.25.24-1-200x150.jpeg 200w, https:\/\/agora.xtec.cat\/iesagustiserra\/wp-content\/uploads\/usu1681\/2022\/11\/WhatsApp-Image-2022-11-09-at-13.25.24-1.jpeg 1600w\" sizes=\"auto, (max-width: 380px) 100vw, 380px\" \/><\/a><\/p>\n<p style=\"text-align: justify;\">Devorat el dinar -no va quedar ni una engruna- i fets els caf\u00e8s a la cantina, encara quedava festa! I \u00e9s que a l\u2019alumnat generos\u00edssim del Cicle Formatiu de Grau Superior de Condicionament F\u00edsic li quedaven forces per muntar al gimn\u00e0s una altra classe magistral per als seus companys de tarda que, despr\u00e9s, tamb\u00e9 van poder disputar un torneig de futbol i un altre de tenis taula.<\/p>\n<p style=\"text-align: justify;\">En resum, un dia rod\u00f3, d\u2019ambient animat i festiu, que va permetre que totes les persones presents reflexion\u00e9ssim sobre la import\u00e0ncia que el centre i all\u00f2 que s&#8217;hi ha fet i hi fem tenen per a les nostres vides i per a la ciutat de Sabadell. Un dia que, segur, recordarem en el futur, i que en realitat nom\u00e9s \u00e9s el tret de sortida de molts altres actes que anirem coordinant durant el curs en motiu d\u2019aquests 40 anys de vida de l\u2019Agust\u00ed Serra.<\/p>\n<p style=\"text-align: justify;\">Aix\u00ed doncs, fins ben aviat!<\/p>\n<p>Vegeu un petit <strong>v\u00eddeo:\u00a0<\/strong><\/p>\n<div style=\"text-align: center;\"><iframe loading=\"lazy\" title=\"YouTube video player\" src=\"https:\/\/www.youtube.com\/embed\/gwVfLJbkeBc?controls=0\" width=\"1120\" height=\"630\" frameborder=\"0\" allowfullscreen=\"allowfullscreen\"><span data-mce-type=\"bookmark\" style=\"display: inline-block; width: 0px; overflow: hidden; line-height: 0;\" class=\"mce_SELRES_start\">\ufeff<\/span><\/iframe><\/div>\n","protected":false},"excerpt":{"rendered":"<p>Article 10\/11\/2022<\/p>\n<p>El passat divendres, 4 de novembre, l\u2019institut va dur a terme durant tot el dia un acte per tal de celebrar els 40 anys de la seva inauguraci\u00f3, l&#8217;any 1982. Una efem\u00e8ride molt esperada!<\/p>\n","protected":false},"author":134,"featured_media":17943,"comment_status":"open","ping_status":"closed","sticky":false,"template":"","format":"standard","meta":{"site-sidebar-layout":"default","site-content-layout":"","ast-site-content-layout":"","site-content-style":"default","site-sidebar-style":"default","ast-global-header-display":"","ast-banner-title-visibility":"","ast-main-header-display":"","ast-hfb-above-header-display":"","ast-hfb-below-header-display":"","ast-hfb-mobile-header-display":"","site-post-title":"","ast-breadcrumbs-content":"","ast-featured-img":"","footer-sml-layout":"","theme-transparent-header-meta":"","adv-header-id-meta":"","stick-header-meta":"","header-above-stick-meta":"","header-main-stick-meta":"","header-below-stick-meta":"","astra-migrate-meta-layouts":"default","ast-page-background-enabled":"default","ast-page-background-meta":{"desktop":{"background-color":"var(--ast-global-color-4)","background-image":"","background-repeat":"repeat","background-position":"center center","background-size":"auto","background-attachment":"scroll","background-type":"","background-media":"","overlay-type":"","overlay-color":"","overlay-opacity":"","overlay-gradient":""},"tablet":{"background-color":"","background-image":"","background-repeat":"repeat","background-position":"center center","background-size":"auto","background-attachment":"scroll","background-type":"","background-media":"","overlay-type":"","overlay-color":"","overlay-opacity":"","overlay-gradient":""},"mobile":{"background-color":"","background-image":"","background-repeat":"repeat","background-position":"center center","background-size":"auto","background-attachment":"scroll","background-type":"","background-media":"","overlay-type":"","overlay-color":"","overlay-opacity":"","overlay-gradient":""}},"ast-content-background-meta":{"desktop":{"background-color":"var(--ast-global-color-5)","background-image":"","background-repeat":"repeat","background-position":"center center","background-size":"auto","background-attachment":"scroll","background-type":"","background-media":"","overlay-type":"","overlay-color":"","overlay-opacity":"","overlay-gradient":""},"tablet":{"background-color":"var(--ast-global-color-5)","background-image":"","background-repeat":"repeat","background-position":"center center","background-size":"auto","background-attachment":"scroll","background-type":"","background-media":"","overlay-type":"","overlay-color":"","overlay-opacity":"","overlay-gradient":""},"mobile":{"background-color":"var(--ast-global-color-5)","background-image":"","background-repeat":"repeat","background-position":"center center","background-size":"auto","background-attachment":"scroll","background-type":"","background-media":"","overlay-type":"","overlay-color":"","overlay-opacity":"","overlay-gradient":""}},"footnotes":""},"categories":[256,8,30,704,4,5,6,7,3,1,29],"tags":[739,753,752,608,751,161],"class_list":["post-17889","post","type-post","status-publish","format-standard","has-post-thumbnail","hentry","category-activitatsfisiquesesportives","category-batxillerat","category-cicles-formatius","category-condicionament_fisic","category-eso-1","category-eso-2","category-eso-3","category-eso-4","category-eso","category-general","category-portada","tag-40-aniversari","tag-alcaldessa-de-sabadell","tag-cap-dinspeccio-ajuntament-sabadell","tag-curs-22-23","tag-director","tag-eso"],"post_mailing_queue_ids":[],"_links":{"self":[{"href":"https:\/\/agora.xtec.cat\/iesagustiserra\/wp-json\/wp\/v2\/posts\/17889","targetHints":{"allow":["GET"]}}],"collection":[{"href":"https:\/\/agora.xtec.cat\/iesagustiserra\/wp-json\/wp\/v2\/posts"}],"about":[{"href":"https:\/\/agora.xtec.cat\/iesagustiserra\/wp-json\/wp\/v2\/types\/post"}],"author":[{"embeddable":true,"href":"https:\/\/agora.xtec.cat\/iesagustiserra\/wp-json\/wp\/v2\/users\/134"}],"replies":[{"embeddable":true,"href":"https:\/\/agora.xtec.cat\/iesagustiserra\/wp-json\/wp\/v2\/comments?post=17889"}],"version-history":[{"count":3,"href":"https:\/\/agora.xtec.cat\/iesagustiserra\/wp-json\/wp\/v2\/posts\/17889\/revisions"}],"predecessor-version":[{"id":21816,"href":"https:\/\/agora.xtec.cat\/iesagustiserra\/wp-json\/wp\/v2\/posts\/17889\/revisions\/21816"}],"wp:featuredmedia":[{"embeddable":true,"href":"https:\/\/agora.xtec.cat\/iesagustiserra\/wp-json\/wp\/v2\/media\/17943"}],"wp:attachment":[{"href":"https:\/\/agora.xtec.cat\/iesagustiserra\/wp-json\/wp\/v2\/media?parent=17889"}],"wp:term":[{"taxonomy":"category","embeddable":true,"href":"https:\/\/agora.xtec.cat\/iesagustiserra\/wp-json\/wp\/v2\/categories?post=17889"},{"taxonomy":"post_tag","embeddable":true,"href":"https:\/\/agora.xtec.cat\/iesagustiserra\/wp-json\/wp\/v2\/tags?post=17889"}],"curies":[{"name":"wp","href":"https:\/\/api.w.org\/{rel}","templated":true}]}}