{"id":17322,"date":"2022-09-28T11:27:11","date_gmt":"2022-09-28T09:27:11","guid":{"rendered":"https:\/\/agora.xtec.cat\/iesagustiserra\/?p=17322"},"modified":"2022-09-28T11:27:45","modified_gmt":"2022-09-28T09:27:45","slug":"la-biblioteca-es-de-tota-la-gent-de-lasf","status":"publish","type":"post","link":"https:\/\/agora.xtec.cat\/iesagustiserra\/portada\/la-biblioteca-es-de-tota-la-gent-de-lasf\/","title":{"rendered":"La biblioteca \u00e9s de tota la gent de l&#8217;ASF"},"content":{"rendered":"<div id='gallery-1' class='gallery galleryid-17322 gallery-columns-1 gallery-size-medium'><figure class='gallery-item'>\n\t\t\t<div class='gallery-icon landscape'>\n\t\t\t\t<a href='https:\/\/agora.xtec.cat\/iesagustiserra\/portada\/la-biblioteca-es-de-tota-la-gent-de-lasf\/attachment\/biblioteca-ins-agusti-serra-2022\/'><img loading=\"lazy\" decoding=\"async\" width=\"300\" height=\"225\" src=\"https:\/\/agora.xtec.cat\/iesagustiserra\/wp-content\/uploads\/usu1681\/2022\/09\/Biblioteca-Ins-Agusti-Serra-2022-300x225.jpg\" class=\"attachment-medium size-medium\" alt=\"Biblioteca Ins Agusti Serra 2022\" srcset=\"https:\/\/agora.xtec.cat\/iesagustiserra\/wp-content\/uploads\/usu1681\/2022\/09\/Biblioteca-Ins-Agusti-Serra-2022-300x225.jpg 300w, https:\/\/agora.xtec.cat\/iesagustiserra\/wp-content\/uploads\/usu1681\/2022\/09\/Biblioteca-Ins-Agusti-Serra-2022-1024x768.jpg 1024w, https:\/\/agora.xtec.cat\/iesagustiserra\/wp-content\/uploads\/usu1681\/2022\/09\/Biblioteca-Ins-Agusti-Serra-2022-768x576.jpg 768w, https:\/\/agora.xtec.cat\/iesagustiserra\/wp-content\/uploads\/usu1681\/2022\/09\/Biblioteca-Ins-Agusti-Serra-2022-1536x1152.jpg 1536w, https:\/\/agora.xtec.cat\/iesagustiserra\/wp-content\/uploads\/usu1681\/2022\/09\/Biblioteca-Ins-Agusti-Serra-2022-200x150.jpg 200w, https:\/\/agora.xtec.cat\/iesagustiserra\/wp-content\/uploads\/usu1681\/2022\/09\/Biblioteca-Ins-Agusti-Serra-2022.jpg 1600w\" sizes=\"auto, (max-width: 300px) 100vw, 300px\" \/><\/a>\n\t\t\t<\/div><\/figure>\n\t\t<\/div>\n\n<p style=\"text-align: justify;\">Ja sabeu que a partir d&#8217;aquest curs porto la coordinaci\u00f3 de la <strong>biblioteca<\/strong>. La participaci\u00f3 \u00e9s molt important de cara a la difusi\u00f3 del nostre centre i \u00e9s per aix\u00f2 que us animo a participar en algunes coses:<\/p>\n<ol style=\"text-align: justify;\">\n<li><strong>El rac\u00f3 de l&#8217;alumnat<\/strong>. Ser\u00e0 un espai on les noies i els nois escriguin comentaris dels llibres que els hagin agradat. \u00c9s una idea per a <strong>totes les mat\u00e8ries i totes les etapes educatives.<\/strong><\/li>\n<li><strong>El rac\u00f3 del professorat.<\/strong> Ser\u00e0 un espai on pugueu aportar comentaris sobre algun llibre que h\u00e0giu llegit. Seria un comentari lliure per compartir experi\u00e8ncies, afinitats, formes de ser&#8230;<\/li>\n<li><strong>El rac\u00f3 de les coses perdudes i trobades<\/strong>. Ser\u00e0 un espai molt lliure on podeu penjar escrits, reflexions filos\u00f2fiques o receptes de cuina. El que vulgueu.<\/li>\n<li><strong>L\u2019espai de relaci\u00f3<\/strong>. Un lloc per trobar-nos, compartir, \u201cfer pinya\u201d i intercanviar paraules i silencis.<\/li>\n<\/ol>\n<p style=\"text-align: justify;\">Els racons seran espais virtuals i f\u00edsics.<\/p>\n<p style=\"text-align: justify;\">A la biblioteca la Meri, l\u2019Evelyn i jo mateixa estem obertes a qualsevol suggeriment.<\/p>\n<p style=\"text-align: justify;\">Gr\u00e0cies a totes i tots per la vostra atenci\u00f3.<\/p>\n","protected":false},"excerpt":{"rendered":"<p>Ja sabeu que a partir d&#8217;aquest curs porto la coordinaci\u00f3 de la biblioteca. La participaci\u00f3 \u00e9s molt important de cara a la difusi\u00f3 del nostre centre i \u00e9s per aix\u00f2 que us animo a participar en algunes coses <\/p>\n","protected":false},"author":213,"featured_media":17324,"comment_status":"open","ping_status":"closed","sticky":false,"template":"","format":"standard","meta":{"site-sidebar-layout":"default","site-content-layout":"","ast-site-content-layout":"","site-content-style":"default","site-sidebar-style":"default","ast-global-header-display":"","ast-banner-title-visibility":"","ast-main-header-display":"","ast-hfb-above-header-display":"","ast-hfb-below-header-display":"","ast-hfb-mobile-header-display":"","site-post-title":"","ast-breadcrumbs-content":"","ast-featured-img":"","footer-sml-layout":"","theme-transparent-header-meta":"","adv-header-id-meta":"","stick-header-meta":"","header-above-stick-meta":"","header-main-stick-meta":"","header-below-stick-meta":"","astra-migrate-meta-layouts":"default","ast-page-background-enabled":"default","ast-page-background-meta":{"desktop":{"background-color":"var(--ast-global-color-4)","background-image":"","background-repeat":"repeat","background-position":"center center","background-size":"auto","background-attachment":"scroll","background-type":"","background-media":"","overlay-type":"","overlay-color":"","overlay-opacity":"","overlay-gradient":""},"tablet":{"background-color":"","background-image":"","background-repeat":"repeat","background-position":"center center","background-size":"auto","background-attachment":"scroll","background-type":"","background-media":"","overlay-type":"","overlay-color":"","overlay-opacity":"","overlay-gradient":""},"mobile":{"background-color":"","background-image":"","background-repeat":"repeat","background-position":"center center","background-size":"auto","background-attachment":"scroll","background-type":"","background-media":"","overlay-type":"","overlay-color":"","overlay-opacity":"","overlay-gradient":""}},"ast-content-background-meta":{"desktop":{"background-color":"var(--ast-global-color-5)","background-image":"","background-repeat":"repeat","background-position":"center center","background-size":"auto","background-attachment":"scroll","background-type":"","background-media":"","overlay-type":"","overlay-color":"","overlay-opacity":"","overlay-gradient":""},"tablet":{"background-color":"var(--ast-global-color-5)","background-image":"","background-repeat":"repeat","background-position":"center center","background-size":"auto","background-attachment":"scroll","background-type":"","background-media":"","overlay-type":"","overlay-color":"","overlay-opacity":"","overlay-gradient":""},"mobile":{"background-color":"var(--ast-global-color-5)","background-image":"","background-repeat":"repeat","background-position":"center center","background-size":"auto","background-attachment":"scroll","background-type":"","background-media":"","overlay-type":"","overlay-color":"","overlay-opacity":"","overlay-gradient":""}},"footnotes":""},"categories":[108,114,29],"tags":[148,608,692],"class_list":["post-17322","post","type-post","status-publish","format-standard","has-post-thumbnail","hentry","category-blog-de-la-biblioteca","category-novetats","category-portada","tag-biblioteca","tag-curs-22-23","tag-raco"],"post_mailing_queue_ids":[],"_links":{"self":[{"href":"https:\/\/agora.xtec.cat\/iesagustiserra\/wp-json\/wp\/v2\/posts\/17322","targetHints":{"allow":["GET"]}}],"collection":[{"href":"https:\/\/agora.xtec.cat\/iesagustiserra\/wp-json\/wp\/v2\/posts"}],"about":[{"href":"https:\/\/agora.xtec.cat\/iesagustiserra\/wp-json\/wp\/v2\/types\/post"}],"author":[{"embeddable":true,"href":"https:\/\/agora.xtec.cat\/iesagustiserra\/wp-json\/wp\/v2\/users\/213"}],"replies":[{"embeddable":true,"href":"https:\/\/agora.xtec.cat\/iesagustiserra\/wp-json\/wp\/v2\/comments?post=17322"}],"version-history":[{"count":3,"href":"https:\/\/agora.xtec.cat\/iesagustiserra\/wp-json\/wp\/v2\/posts\/17322\/revisions"}],"predecessor-version":[{"id":17327,"href":"https:\/\/agora.xtec.cat\/iesagustiserra\/wp-json\/wp\/v2\/posts\/17322\/revisions\/17327"}],"wp:featuredmedia":[{"embeddable":true,"href":"https:\/\/agora.xtec.cat\/iesagustiserra\/wp-json\/wp\/v2\/media\/17324"}],"wp:attachment":[{"href":"https:\/\/agora.xtec.cat\/iesagustiserra\/wp-json\/wp\/v2\/media?parent=17322"}],"wp:term":[{"taxonomy":"category","embeddable":true,"href":"https:\/\/agora.xtec.cat\/iesagustiserra\/wp-json\/wp\/v2\/categories?post=17322"},{"taxonomy":"post_tag","embeddable":true,"href":"https:\/\/agora.xtec.cat\/iesagustiserra\/wp-json\/wp\/v2\/tags?post=17322"}],"curies":[{"name":"wp","href":"https:\/\/api.w.org\/{rel}","templated":true}]}}