{"id":15938,"date":"2022-06-09T11:25:50","date_gmt":"2022-06-09T09:25:50","guid":{"rendered":"https:\/\/agora.xtec.cat\/iesagustiserra\/?p=15938"},"modified":"2022-06-09T11:25:50","modified_gmt":"2022-06-09T09:25:50","slug":"projecte-que-fem-quan-no-fem-res-actuem","status":"publish","type":"post","link":"https:\/\/agora.xtec.cat\/iesagustiserra\/general\/projecte-que-fem-quan-no-fem-res-actuem\/","title":{"rendered":"Projecte: Que fem quan no fem res? Actuem!"},"content":{"rendered":"<p><em>Autores: Shamaela Mahmoo i Aitana Mayoral\u00a0<\/em><\/p>\n<p style=\"text-align: justify;\">Durant el 3r trimestre la classe de <strong>1r C de l&#8217;ESO<\/strong> hem estat fent el projecte &#8220;Que fem quan no fem res? Actuem!&#8221; I hem apr\u00e8s moltes coses. AL principi del trimestre vam comen\u00e7ar amb activitats relacionades amb l&#8217;expressi\u00f3 de les emocions. Vam aprendre qu\u00e8 \u00e9s &#8220;l&#8217;efecte Kuleshov&#8221;: una persona amb la mateixa expressi\u00f3 pot expressar diferents emocions depenent de la imatge que mira.<\/p>\n<p style=\"text-align: justify;\"><strong>\u00c9s el poder del muntatge!<\/strong><\/p>\n<p style=\"text-align: justify;\">Tamb\u00e9 vam veure v\u00eddeos sobre les t\u00e8cniques audiovisuals m\u00e9s importants: enquadraments angles, preses, plans &#8230;<\/p>\n<p style=\"text-align: justify;\">Finalment, vam pensar diferents idees (sobre l&#8217;argument, qu\u00e8 passaria, quins personatges sortirien, com es desenvoluparia la hist\u00f2ria, etc.) i va sortir aquests curtmetratges:<\/p>\n<div style=\"text-align: center;\"><iframe loading=\"lazy\" title=\"YouTube video player\" src=\"https:\/\/www.youtube.com\/embed\/OPhq4DYf-O8\" width=\"560\" height=\"315\" frameborder=\"0\" allowfullscreen=\"allowfullscreen\"><\/iframe><iframe loading=\"lazy\" title=\"YouTube video player\" src=\"https:\/\/www.youtube.com\/embed\/P7l7TYePuk0\" width=\"560\" height=\"315\" frameborder=\"0\" allowfullscreen=\"allowfullscreen\"><\/iframe><\/div>\n<p>&nbsp;<\/p>\n<p style=\"text-align: justify;\">\n","protected":false},"excerpt":{"rendered":"<p>Durant el 3r trimestre la classe de 1r C de l&#8217;ESO hem estat fent el projecte &#8220;Que fem quan no fem res? Actuem!&#8221; I hem apr\u00e8s moltes coses. AL principi del trimestre vam comen\u00e7ar amb activitats relacionades amb l&#8217;expressi\u00f3 de les emocions.<\/p>\n<p>\u00c9s el poder del muntatge!<\/p>\n","protected":false},"author":200,"featured_media":16030,"comment_status":"open","ping_status":"closed","sticky":false,"template":"","format":"standard","meta":{"site-sidebar-layout":"default","site-content-layout":"","ast-site-content-layout":"","site-content-style":"default","site-sidebar-style":"default","ast-global-header-display":"","ast-banner-title-visibility":"","ast-main-header-display":"","ast-hfb-above-header-display":"","ast-hfb-below-header-display":"","ast-hfb-mobile-header-display":"","site-post-title":"","ast-breadcrumbs-content":"","ast-featured-img":"","footer-sml-layout":"","theme-transparent-header-meta":"","adv-header-id-meta":"","stick-header-meta":"","header-above-stick-meta":"","header-main-stick-meta":"","header-below-stick-meta":"","astra-migrate-meta-layouts":"default","ast-page-background-enabled":"default","ast-page-background-meta":{"desktop":{"background-color":"var(--ast-global-color-4)","background-image":"","background-repeat":"repeat","background-position":"center center","background-size":"auto","background-attachment":"scroll","background-type":"","background-media":"","overlay-type":"","overlay-color":"","overlay-opacity":"","overlay-gradient":""},"tablet":{"background-color":"","background-image":"","background-repeat":"repeat","background-position":"center center","background-size":"auto","background-attachment":"scroll","background-type":"","background-media":"","overlay-type":"","overlay-color":"","overlay-opacity":"","overlay-gradient":""},"mobile":{"background-color":"","background-image":"","background-repeat":"repeat","background-position":"center center","background-size":"auto","background-attachment":"scroll","background-type":"","background-media":"","overlay-type":"","overlay-color":"","overlay-opacity":"","overlay-gradient":""}},"ast-content-background-meta":{"desktop":{"background-color":"var(--ast-global-color-5)","background-image":"","background-repeat":"repeat","background-position":"center center","background-size":"auto","background-attachment":"scroll","background-type":"","background-media":"","overlay-type":"","overlay-color":"","overlay-opacity":"","overlay-gradient":""},"tablet":{"background-color":"var(--ast-global-color-5)","background-image":"","background-repeat":"repeat","background-position":"center center","background-size":"auto","background-attachment":"scroll","background-type":"","background-media":"","overlay-type":"","overlay-color":"","overlay-opacity":"","overlay-gradient":""},"mobile":{"background-color":"var(--ast-global-color-5)","background-image":"","background-repeat":"repeat","background-position":"center center","background-size":"auto","background-attachment":"scroll","background-type":"","background-media":"","overlay-type":"","overlay-color":"","overlay-opacity":"","overlay-gradient":""}},"footnotes":""},"categories":[4,1,29,227],"tags":[271,441,192],"class_list":["post-15938","post","type-post","status-publish","format-standard","has-post-thumbnail","hentry","category-eso-1","category-general","category-portada","category-que-fem-quan-no-fem-res-actuem","tag-1eso","tag-curs-21-22","tag-projectes"],"post_mailing_queue_ids":[],"_links":{"self":[{"href":"https:\/\/agora.xtec.cat\/iesagustiserra\/wp-json\/wp\/v2\/posts\/15938","targetHints":{"allow":["GET"]}}],"collection":[{"href":"https:\/\/agora.xtec.cat\/iesagustiserra\/wp-json\/wp\/v2\/posts"}],"about":[{"href":"https:\/\/agora.xtec.cat\/iesagustiserra\/wp-json\/wp\/v2\/types\/post"}],"author":[{"embeddable":true,"href":"https:\/\/agora.xtec.cat\/iesagustiserra\/wp-json\/wp\/v2\/users\/200"}],"replies":[{"embeddable":true,"href":"https:\/\/agora.xtec.cat\/iesagustiserra\/wp-json\/wp\/v2\/comments?post=15938"}],"version-history":[{"count":4,"href":"https:\/\/agora.xtec.cat\/iesagustiserra\/wp-json\/wp\/v2\/posts\/15938\/revisions"}],"predecessor-version":[{"id":16031,"href":"https:\/\/agora.xtec.cat\/iesagustiserra\/wp-json\/wp\/v2\/posts\/15938\/revisions\/16031"}],"wp:featuredmedia":[{"embeddable":true,"href":"https:\/\/agora.xtec.cat\/iesagustiserra\/wp-json\/wp\/v2\/media\/16030"}],"wp:attachment":[{"href":"https:\/\/agora.xtec.cat\/iesagustiserra\/wp-json\/wp\/v2\/media?parent=15938"}],"wp:term":[{"taxonomy":"category","embeddable":true,"href":"https:\/\/agora.xtec.cat\/iesagustiserra\/wp-json\/wp\/v2\/categories?post=15938"},{"taxonomy":"post_tag","embeddable":true,"href":"https:\/\/agora.xtec.cat\/iesagustiserra\/wp-json\/wp\/v2\/tags?post=15938"}],"curies":[{"name":"wp","href":"https:\/\/api.w.org\/{rel}","templated":true}]}}