{"id":15627,"date":"2022-05-24T12:50:25","date_gmt":"2022-05-24T10:50:25","guid":{"rendered":"https:\/\/agora.xtec.cat\/iesagustiserra\/?p=15627"},"modified":"2022-05-31T10:05:39","modified_gmt":"2022-05-31T08:05:39","slug":"30-de-maig-jornada-donacio-de-sang-a-lagusti-serra","status":"publish","type":"post","link":"https:\/\/agora.xtec.cat\/iesagustiserra\/general\/30-de-maig-jornada-donacio-de-sang-a-lagusti-serra\/","title":{"rendered":"30 de maig Jornada DONACI\u00d3 de SANG a l&#8217;Agust\u00ed Serra!"},"content":{"rendered":"<p style=\"text-align: justify;\">Som l&#8217;alumnat de l\u2019Institut Agust\u00ed Serra i Fontanet, estem participant en un projecte relacionat amb la campanya de donaci\u00f3 de sang. Us animeu a participar?<\/p>\n<p style=\"text-align: justify;\">La sang \u00e9s el regal m\u00e9s valu\u00f3s que podem oferir a una altra persona, no es pot fabricar. La decisi\u00f3 de donar sang pot salvar vides:<\/p>\n<ul style=\"text-align: justify;\">\n<li><strong>Cada dia<\/strong> molts malalts necessiten una transfusi\u00f3.<\/li>\n<li>En una <strong>operaci\u00f3<\/strong> es poden <strong>transfondre fins a 20 donacions.<\/strong><\/li>\n<li>1 de cada 10 persones ingressades en un hospital necessitar\u00e0 almenys una donaci\u00f3 de sang.<\/li>\n<li><strong>Tots els grups<\/strong> sanguinis s\u00f3n necessaris.<\/li>\n<li><strong>Cada dia calen 1.000 donacions<\/strong> per poder atendre totes les necessitats, ens ajudes<br \/>\na aconseguir-les?<\/li>\n<\/ul>\n<h5 style=\"text-align: justify;\">La donaci\u00f3 tindr\u00e0 lloc el <strong>dilluns vinent 30 de maig de 16\u202fh a 20\u202fh al gimn\u00e0s de l\u2019Institut<\/strong>. Heu de tenir entre 18 i 65 anys i pesar 50 quilos o m\u00e9s.<\/h5>\n<div id='gallery-1' class='gallery galleryid-15627 gallery-columns-2 gallery-size-medium'><figure class='gallery-item'>\n\t\t\t<div class='gallery-icon landscape'>\n\t\t\t\t<a href='https:\/\/agora.xtec.cat\/iesagustiserra\/general\/30-de-maig-jornada-donacio-de-sang-a-lagusti-serra\/attachment\/qr-per-demanar-cita-previa\/'><img loading=\"lazy\" decoding=\"async\" width=\"300\" height=\"300\" src=\"https:\/\/agora.xtec.cat\/iesagustiserra\/wp-content\/uploads\/usu1681\/2022\/05\/QR-per-demanar-cita-previa-300x300.png\" class=\"attachment-medium size-medium\" alt=\"QR per demanar cita pr\u00e8via\" aria-describedby=\"gallery-1-15630\" srcset=\"https:\/\/agora.xtec.cat\/iesagustiserra\/wp-content\/uploads\/usu1681\/2022\/05\/QR-per-demanar-cita-previa-300x300.png 300w, https:\/\/agora.xtec.cat\/iesagustiserra\/wp-content\/uploads\/usu1681\/2022\/05\/QR-per-demanar-cita-previa-1024x1024.png 1024w, https:\/\/agora.xtec.cat\/iesagustiserra\/wp-content\/uploads\/usu1681\/2022\/05\/QR-per-demanar-cita-previa-150x150.png 150w, https:\/\/agora.xtec.cat\/iesagustiserra\/wp-content\/uploads\/usu1681\/2022\/05\/QR-per-demanar-cita-previa-768x768.png 768w, https:\/\/agora.xtec.cat\/iesagustiserra\/wp-content\/uploads\/usu1681\/2022\/05\/QR-per-demanar-cita-previa-1536x1536.png 1536w, https:\/\/agora.xtec.cat\/iesagustiserra\/wp-content\/uploads\/usu1681\/2022\/05\/QR-per-demanar-cita-previa.png 1980w\" sizes=\"auto, (max-width: 300px) 100vw, 300px\" \/><\/a>\n\t\t\t<\/div>\n\t\t\t\t<figcaption class='wp-caption-text gallery-caption' id='gallery-1-15630'>\n\t\t\t\tRECORDA QUE, SI VOLS DONAR SANG, CAL QUE DEMANIS CITA PR\u00c8VIA EN EL SEG\u00dcENT QR.\n\t\t\t\t<\/figcaption><\/figure><figure class='gallery-item'>\n\t\t\t<div class='gallery-icon landscape'>\n\t\t\t\t<a href='https:\/\/agora.xtec.cat\/iesagustiserra\/general\/30-de-maig-jornada-donacio-de-sang-a-lagusti-serra\/attachment\/qr-per-dubtes\/'><img loading=\"lazy\" decoding=\"async\" width=\"300\" height=\"300\" src=\"https:\/\/agora.xtec.cat\/iesagustiserra\/wp-content\/uploads\/usu1681\/2022\/05\/QR-per-dubtes-300x300.png\" class=\"attachment-medium size-medium\" alt=\"QR per dubtes\" aria-describedby=\"gallery-1-15631\" srcset=\"https:\/\/agora.xtec.cat\/iesagustiserra\/wp-content\/uploads\/usu1681\/2022\/05\/QR-per-dubtes-300x300.png 300w, https:\/\/agora.xtec.cat\/iesagustiserra\/wp-content\/uploads\/usu1681\/2022\/05\/QR-per-dubtes-1024x1024.png 1024w, https:\/\/agora.xtec.cat\/iesagustiserra\/wp-content\/uploads\/usu1681\/2022\/05\/QR-per-dubtes-150x150.png 150w, https:\/\/agora.xtec.cat\/iesagustiserra\/wp-content\/uploads\/usu1681\/2022\/05\/QR-per-dubtes-768x768.png 768w, https:\/\/agora.xtec.cat\/iesagustiserra\/wp-content\/uploads\/usu1681\/2022\/05\/QR-per-dubtes-1536x1536.png 1536w, https:\/\/agora.xtec.cat\/iesagustiserra\/wp-content\/uploads\/usu1681\/2022\/05\/QR-per-dubtes.png 1584w\" sizes=\"auto, (max-width: 300px) 100vw, 300px\" \/><\/a>\n\t\t\t<\/div>\n\t\t\t\t<figcaption class='wp-caption-text gallery-caption' id='gallery-1-15631'>\n\t\t\t\tDUBTES\n\t\t\t\t<\/figcaption><\/figure>\n\t\t<\/div>\n\n<p>Agra\u00efm per endavant la teva col\u00b7laboraci\u00f3 i no oblidis de dir-li a algun familiar, amic, ve\u00ed, etc. que s\u2019animi a col\u00b7laborar, perqu\u00e8 &#8230;<\/p>\n<p style=\"text-align: center;\"><strong><span style=\"color: #ff0000;\">\u201cLa sang ens connecta a tots.\u201d<\/span><\/strong><\/p>\n<p style=\"text-align: center;\"><a href=\"https:\/\/agora.xtec.cat\/iesagustiserra\/wp-content\/uploads\/usu1681\/2022\/05\/6.-Cartell-DONACIO-de-SANG-AS-_.png\"><img loading=\"lazy\" decoding=\"async\" class=\"alignnone size-full wp-image-15651\" src=\"https:\/\/agora.xtec.cat\/iesagustiserra\/wp-content\/uploads\/usu1681\/2022\/05\/6.-Cartell-DONACIO-de-SANG-AS-_.png\" alt=\"\" width=\"424\" height=\"600\" srcset=\"https:\/\/agora.xtec.cat\/iesagustiserra\/wp-content\/uploads\/usu1681\/2022\/05\/6.-Cartell-DONACIO-de-SANG-AS-_.png 424w, https:\/\/agora.xtec.cat\/iesagustiserra\/wp-content\/uploads\/usu1681\/2022\/05\/6.-Cartell-DONACIO-de-SANG-AS-_-212x300.png 212w\" sizes=\"auto, (max-width: 424px) 100vw, 424px\" \/><\/a><\/p>\n","protected":false},"excerpt":{"rendered":"<p>La donaci\u00f3 tindr\u00e0 lloc el dilluns vinent 30 de maig de 16\u202fh a 20\u202fh al gimn\u00e0s de l\u2019Institut. Heu de tenir entre 18 i 65 anys i pesar 50 quilos o m\u00e9s.<\/p>\n","protected":false},"author":1,"featured_media":15629,"comment_status":"open","ping_status":"closed","sticky":false,"template":"","format":"standard","meta":{"site-sidebar-layout":"default","site-content-layout":"","ast-site-content-layout":"","site-content-style":"default","site-sidebar-style":"default","ast-global-header-display":"","ast-banner-title-visibility":"","ast-main-header-display":"","ast-hfb-above-header-display":"","ast-hfb-below-header-display":"","ast-hfb-mobile-header-display":"","site-post-title":"","ast-breadcrumbs-content":"","ast-featured-img":"","footer-sml-layout":"","theme-transparent-header-meta":"","adv-header-id-meta":"","stick-header-meta":"","header-above-stick-meta":"","header-main-stick-meta":"","header-below-stick-meta":"","astra-migrate-meta-layouts":"default","ast-page-background-enabled":"default","ast-page-background-meta":{"desktop":{"background-color":"var(--ast-global-color-4)","background-image":"","background-repeat":"repeat","background-position":"center center","background-size":"auto","background-attachment":"scroll","background-type":"","background-media":"","overlay-type":"","overlay-color":"","overlay-opacity":"","overlay-gradient":""},"tablet":{"background-color":"","background-image":"","background-repeat":"repeat","background-position":"center center","background-size":"auto","background-attachment":"scroll","background-type":"","background-media":"","overlay-type":"","overlay-color":"","overlay-opacity":"","overlay-gradient":""},"mobile":{"background-color":"","background-image":"","background-repeat":"repeat","background-position":"center center","background-size":"auto","background-attachment":"scroll","background-type":"","background-media":"","overlay-type":"","overlay-color":"","overlay-opacity":"","overlay-gradient":""}},"ast-content-background-meta":{"desktop":{"background-color":"var(--ast-global-color-5)","background-image":"","background-repeat":"repeat","background-position":"center center","background-size":"auto","background-attachment":"scroll","background-type":"","background-media":"","overlay-type":"","overlay-color":"","overlay-opacity":"","overlay-gradient":""},"tablet":{"background-color":"var(--ast-global-color-5)","background-image":"","background-repeat":"repeat","background-position":"center center","background-size":"auto","background-attachment":"scroll","background-type":"","background-media":"","overlay-type":"","overlay-color":"","overlay-opacity":"","overlay-gradient":""},"mobile":{"background-color":"var(--ast-global-color-5)","background-image":"","background-repeat":"repeat","background-position":"center center","background-size":"auto","background-attachment":"scroll","background-type":"","background-media":"","overlay-type":"","overlay-color":"","overlay-opacity":"","overlay-gradient":""}},"footnotes":""},"categories":[1,29],"tags":[441,651],"class_list":["post-15627","post","type-post","status-publish","format-standard","has-post-thumbnail","hentry","category-general","category-portada","tag-curs-21-22","tag-donacio-de-sang"],"post_mailing_queue_ids":[],"_links":{"self":[{"href":"https:\/\/agora.xtec.cat\/iesagustiserra\/wp-json\/wp\/v2\/posts\/15627","targetHints":{"allow":["GET"]}}],"collection":[{"href":"https:\/\/agora.xtec.cat\/iesagustiserra\/wp-json\/wp\/v2\/posts"}],"about":[{"href":"https:\/\/agora.xtec.cat\/iesagustiserra\/wp-json\/wp\/v2\/types\/post"}],"author":[{"embeddable":true,"href":"https:\/\/agora.xtec.cat\/iesagustiserra\/wp-json\/wp\/v2\/users\/1"}],"replies":[{"embeddable":true,"href":"https:\/\/agora.xtec.cat\/iesagustiserra\/wp-json\/wp\/v2\/comments?post=15627"}],"version-history":[{"count":3,"href":"https:\/\/agora.xtec.cat\/iesagustiserra\/wp-json\/wp\/v2\/posts\/15627\/revisions"}],"predecessor-version":[{"id":15659,"href":"https:\/\/agora.xtec.cat\/iesagustiserra\/wp-json\/wp\/v2\/posts\/15627\/revisions\/15659"}],"wp:featuredmedia":[{"embeddable":true,"href":"https:\/\/agora.xtec.cat\/iesagustiserra\/wp-json\/wp\/v2\/media\/15629"}],"wp:attachment":[{"href":"https:\/\/agora.xtec.cat\/iesagustiserra\/wp-json\/wp\/v2\/media?parent=15627"}],"wp:term":[{"taxonomy":"category","embeddable":true,"href":"https:\/\/agora.xtec.cat\/iesagustiserra\/wp-json\/wp\/v2\/categories?post=15627"},{"taxonomy":"post_tag","embeddable":true,"href":"https:\/\/agora.xtec.cat\/iesagustiserra\/wp-json\/wp\/v2\/tags?post=15627"}],"curies":[{"name":"wp","href":"https:\/\/api.w.org\/{rel}","templated":true}]}}