{"id":15585,"date":"2022-05-23T08:21:10","date_gmt":"2022-05-23T06:21:10","guid":{"rendered":"https:\/\/agora.xtec.cat\/iesagustiserra\/?p=15585"},"modified":"2022-05-23T21:18:23","modified_gmt":"2022-05-23T19:18:23","slug":"la-reina-isabel-ii-danglaterra-a-radio-as","status":"publish","type":"post","link":"https:\/\/agora.xtec.cat\/iesagustiserra\/general\/la-reina-isabel-ii-danglaterra-a-radio-as\/","title":{"rendered":"La reina Isabel II d&#8217;Anglaterra a R\u00e0dio AS!"},"content":{"rendered":"<p>Aqu\u00ed teniu el programa n\u00fam. 49 de R\u00e0dio Agust\u00ed Serra i ens parlen de la reina <strong>Isabel II d&#8217;Anglaterra<\/strong>. Si voleu saber tots els rumors que corren sobre ella, no us el perdeu; l&#8217;<strong>\u00c0ngel i el Miguel, de 2n de l&#8217;ESO<\/strong>, ens els expliquen!<\/p>\n<div style=\"text-align: center;\">\n<p><iframe loading=\"lazy\" src=\"https:\/\/w.soundcloud.com\/player\/?url=https%3A\/\/api.soundcloud.com\/tracks\/1273447639&amp;color=%2355cd00&amp;auto_play=false&amp;hide_related=false&amp;show_comments=true&amp;show_user=true&amp;show_reposts=false&amp;show_teaser=true&amp;visual=true\" width=\"100%\" height=\"600\" frameborder=\"no\" scrolling=\"no\"><\/iframe><\/p>\n<div style=\"font-size: 10px; color: #cccccc; line-break: anywhere; word-break: normal; overflow: hidden; white-space: nowrap; text-overflow: ellipsis; font-family: Interstate,Lucida Grande,Lucida Sans Unicode,Lucida Sans,Garuda,Verdana,Tahoma,sans-serif; font-weight: 100;\"><a style=\"color: #cccccc; text-decoration: none;\" title=\"R\u00e0dio Agust\u00ed Serra\" href=\"https:\/\/soundcloud.com\/radio-agusti-serra-i-fontanet-51318619\" target=\"_blank\" rel=\"noopener\">R\u00e0dio Agust\u00ed Serra<\/a> \u00b7 <a style=\"color: #cccccc; text-decoration: none;\" title=\"PROGRAMA 49 (La Reina D'Anglaterra)\" href=\"https:\/\/soundcloud.com\/radio-agusti-serra-i-fontanet-51318619\/programa-49-la-reina-danglaterra\" target=\"_blank\" rel=\"noopener\">PROGRAMA 49 (La Reina D&#8217;Anglaterra)<\/a><\/div>\n<div>\n<div id='gallery-1' class='gallery galleryid-15585 gallery-columns-1 gallery-size-full'><figure class='gallery-item'>\n\t\t\t<div class='gallery-icon landscape'>\n\t\t\t\t<a href='https:\/\/agora.xtec.cat\/iesagustiserra\/general\/la-reina-isabel-ii-danglaterra-a-radio-as\/attachment\/radios-49-reina-anglaterra-2n-eso\/'><img loading=\"lazy\" decoding=\"async\" width=\"1024\" height=\"768\" src=\"https:\/\/agora.xtec.cat\/iesagustiserra\/wp-content\/uploads\/usu1681\/2022\/05\/Radios-49-Reina-anglaterra-2n-ESO.jpg\" class=\"attachment-full size-full\" alt=\"R\u00e0dios 49 Reina anglaterra 2n ESO\" srcset=\"https:\/\/agora.xtec.cat\/iesagustiserra\/wp-content\/uploads\/usu1681\/2022\/05\/Radios-49-Reina-anglaterra-2n-ESO.jpg 1024w, https:\/\/agora.xtec.cat\/iesagustiserra\/wp-content\/uploads\/usu1681\/2022\/05\/Radios-49-Reina-anglaterra-2n-ESO-300x225.jpg 300w, https:\/\/agora.xtec.cat\/iesagustiserra\/wp-content\/uploads\/usu1681\/2022\/05\/Radios-49-Reina-anglaterra-2n-ESO-768x576.jpg 768w, https:\/\/agora.xtec.cat\/iesagustiserra\/wp-content\/uploads\/usu1681\/2022\/05\/Radios-49-Reina-anglaterra-2n-ESO-200x150.jpg 200w\" sizes=\"auto, (max-width: 1024px) 100vw, 1024px\" \/><\/a>\n\t\t\t<\/div><\/figure>\n\t\t<\/div>\n\n<\/div>\n<\/div>\n<div><\/div>\n","protected":false},"excerpt":{"rendered":"<p>Aqu\u00ed teniu el programa n\u00fam. 49 de R\u00e0dio Agust\u00ed Serra i ens parlen de la reina Isabel II d&#8217;Anglaterra. Si voleu saber tots els rumors que corren sobre ella, no us el perdeu; l&#8217;\u00c0ngel i el Miguel, de 2n de l&#8217;ESO, ens els expliquen!<\/p>\n","protected":false},"author":1,"featured_media":15588,"comment_status":"open","ping_status":"closed","sticky":false,"template":"","format":"standard","meta":{"site-sidebar-layout":"default","site-content-layout":"","ast-site-content-layout":"","site-content-style":"default","site-sidebar-style":"default","ast-global-header-display":"","ast-banner-title-visibility":"","ast-main-header-display":"","ast-hfb-above-header-display":"","ast-hfb-below-header-display":"","ast-hfb-mobile-header-display":"","site-post-title":"","ast-breadcrumbs-content":"","ast-featured-img":"","footer-sml-layout":"","theme-transparent-header-meta":"","adv-header-id-meta":"","stick-header-meta":"","header-above-stick-meta":"","header-main-stick-meta":"","header-below-stick-meta":"","astra-migrate-meta-layouts":"default","ast-page-background-enabled":"default","ast-page-background-meta":{"desktop":{"background-color":"var(--ast-global-color-4)","background-image":"","background-repeat":"repeat","background-position":"center center","background-size":"auto","background-attachment":"scroll","background-type":"","background-media":"","overlay-type":"","overlay-color":"","overlay-opacity":"","overlay-gradient":""},"tablet":{"background-color":"","background-image":"","background-repeat":"repeat","background-position":"center center","background-size":"auto","background-attachment":"scroll","background-type":"","background-media":"","overlay-type":"","overlay-color":"","overlay-opacity":"","overlay-gradient":""},"mobile":{"background-color":"","background-image":"","background-repeat":"repeat","background-position":"center center","background-size":"auto","background-attachment":"scroll","background-type":"","background-media":"","overlay-type":"","overlay-color":"","overlay-opacity":"","overlay-gradient":""}},"ast-content-background-meta":{"desktop":{"background-color":"var(--ast-global-color-5)","background-image":"","background-repeat":"repeat","background-position":"center center","background-size":"auto","background-attachment":"scroll","background-type":"","background-media":"","overlay-type":"","overlay-color":"","overlay-opacity":"","overlay-gradient":""},"tablet":{"background-color":"var(--ast-global-color-5)","background-image":"","background-repeat":"repeat","background-position":"center center","background-size":"auto","background-attachment":"scroll","background-type":"","background-media":"","overlay-type":"","overlay-color":"","overlay-opacity":"","overlay-gradient":""},"mobile":{"background-color":"var(--ast-global-color-5)","background-image":"","background-repeat":"repeat","background-position":"center center","background-size":"auto","background-attachment":"scroll","background-type":"","background-media":"","overlay-type":"","overlay-color":"","overlay-opacity":"","overlay-gradient":""}},"footnotes":""},"categories":[5,14,15,16,290,385,1,29,177],"tags":[332,209,648],"class_list":["post-15585","post","type-post","status-publish","format-standard","has-post-thumbnail","hentry","category-eso-2","category-eso-2a","category-eso-2b","category-eso-2c","category-eso-2d","category-eso-2e","category-general","category-portada","category-radio-as","tag-2n-eso","tag-radio-as","tag-reina-danglaterra"],"post_mailing_queue_ids":[],"_links":{"self":[{"href":"https:\/\/agora.xtec.cat\/iesagustiserra\/wp-json\/wp\/v2\/posts\/15585","targetHints":{"allow":["GET"]}}],"collection":[{"href":"https:\/\/agora.xtec.cat\/iesagustiserra\/wp-json\/wp\/v2\/posts"}],"about":[{"href":"https:\/\/agora.xtec.cat\/iesagustiserra\/wp-json\/wp\/v2\/types\/post"}],"author":[{"embeddable":true,"href":"https:\/\/agora.xtec.cat\/iesagustiserra\/wp-json\/wp\/v2\/users\/1"}],"replies":[{"embeddable":true,"href":"https:\/\/agora.xtec.cat\/iesagustiserra\/wp-json\/wp\/v2\/comments?post=15585"}],"version-history":[{"count":1,"href":"https:\/\/agora.xtec.cat\/iesagustiserra\/wp-json\/wp\/v2\/posts\/15585\/revisions"}],"predecessor-version":[{"id":15590,"href":"https:\/\/agora.xtec.cat\/iesagustiserra\/wp-json\/wp\/v2\/posts\/15585\/revisions\/15590"}],"wp:featuredmedia":[{"embeddable":true,"href":"https:\/\/agora.xtec.cat\/iesagustiserra\/wp-json\/wp\/v2\/media\/15588"}],"wp:attachment":[{"href":"https:\/\/agora.xtec.cat\/iesagustiserra\/wp-json\/wp\/v2\/media?parent=15585"}],"wp:term":[{"taxonomy":"category","embeddable":true,"href":"https:\/\/agora.xtec.cat\/iesagustiserra\/wp-json\/wp\/v2\/categories?post=15585"},{"taxonomy":"post_tag","embeddable":true,"href":"https:\/\/agora.xtec.cat\/iesagustiserra\/wp-json\/wp\/v2\/tags?post=15585"}],"curies":[{"name":"wp","href":"https:\/\/api.w.org\/{rel}","templated":true}]}}