{"id":12702,"date":"2021-11-26T11:43:47","date_gmt":"2021-11-26T10:43:47","guid":{"rendered":"https:\/\/agora.xtec.cat\/iesagustiserra\/?p=12702"},"modified":"2021-11-26T13:10:49","modified_gmt":"2021-11-26T12:10:49","slug":"tornem-a-iniciar-un-nou-curs-amb-les-mentories","status":"publish","type":"post","link":"https:\/\/agora.xtec.cat\/iesagustiserra\/general\/tornem-a-iniciar-un-nou-curs-amb-les-mentories\/","title":{"rendered":"Tornem a iniciar un nou curs amb les Mentories"},"content":{"rendered":"<p><span style=\"font-weight: 400;\">Autora: <strong><em>Carol Garcia<\/em><\/strong><\/span><\/p>\n<p style=\"text-align: justify;\"><span style=\"font-weight: 400;\">El dimecres passat 14 de novembre va comen\u00e7ar el projecte <strong>MENTORIES<\/strong> del curs 2021-2022 amb les presentacions de les noves parelles participants.\u00a0<\/span><\/p>\n<p style=\"text-align: justify;\"><span style=\"font-weight: 400;\">Va ser una tarda plena de nervis i emocions on el nostre alumnat va poder con\u00e8ixer per primera vegada el mentor\/a que els acompanyar\u00e0 durant tot el curs.\u00a0<\/span><\/p>\n<p style=\"text-align: justify;\"><span style=\"font-weight: 400;\">V\u00e0rem fer unes din\u00e0miques de presentaci\u00f3 per a trencar el gel, on es van compartir intencions, interessos, compromisos, an\u00e8cdotes i molts somriures. <\/span><span style=\"font-weight: 400;\">Els nostres participants ja han concretat els dies de trobades i es van manifestar les ganes de comen\u00e7ar i compartir temps i espai en parella.\u00a0<\/span><\/p>\n<p style=\"text-align: justify;\"><span style=\"font-weight: 400;\">Les fam\u00edlies que van poder tamb\u00e9 es van apropar a l\u2019esdeveniment per tal de con\u00e8ixer al mentor\/a dels seus fills\/es i acompanyar-los en un moment tan especial. <\/span><\/p>\n<p style=\"text-align: justify;\"><span style=\"font-weight: 400;\">Va<\/span><span style=\"font-weight: 400;\"> ser un acte proper, familiar i ple d\u2019il\u00b7lusi\u00f3 amb l\u2019objectiu de qu\u00e8 els nostres alumnes ho gaudeixin, s\u2019ho passin b\u00e9, aprenguin i sobretot creixin emocionalment.<\/span><\/p>\n<div id='gallery-1' class='gallery galleryid-12702 gallery-columns-2 gallery-size-full'><figure class='gallery-item'>\n\t\t\t<div class='gallery-icon landscape'>\n\t\t\t\t<a href='https:\/\/agora.xtec.cat\/iesagustiserra\/general\/tornem-a-iniciar-un-nou-curs-amb-les-mentories\/attachment\/mentories-curs-2021-22-agusti-serra-i-fontanet-sabadell-12\/'><img loading=\"lazy\" decoding=\"async\" width=\"1024\" height=\"485\" src=\"https:\/\/agora.xtec.cat\/iesagustiserra\/wp-content\/uploads\/usu1681\/2021\/11\/Mentories-curs-2021-22-Agusti-Serra-i-Fontanet-Sabadell-12.jpg\" class=\"attachment-full size-full\" alt=\"Mentories curs 2021-22 Agust\u00ed Serra i Fontanet, Sabadell 2\" srcset=\"https:\/\/agora.xtec.cat\/iesagustiserra\/wp-content\/uploads\/usu1681\/2021\/11\/Mentories-curs-2021-22-Agusti-Serra-i-Fontanet-Sabadell-12.jpg 1024w, https:\/\/agora.xtec.cat\/iesagustiserra\/wp-content\/uploads\/usu1681\/2021\/11\/Mentories-curs-2021-22-Agusti-Serra-i-Fontanet-Sabadell-12-300x142.jpg 300w, https:\/\/agora.xtec.cat\/iesagustiserra\/wp-content\/uploads\/usu1681\/2021\/11\/Mentories-curs-2021-22-Agusti-Serra-i-Fontanet-Sabadell-12-768x364.jpg 768w\" sizes=\"auto, (max-width: 1024px) 100vw, 1024px\" \/><\/a>\n\t\t\t<\/div><\/figure><figure class='gallery-item'>\n\t\t\t<div class='gallery-icon landscape'>\n\t\t\t\t<a href='https:\/\/agora.xtec.cat\/iesagustiserra\/general\/tornem-a-iniciar-un-nou-curs-amb-les-mentories\/attachment\/mentories-curs-2021-22-agusti-serra-i-fontanet-sabadell-10\/'><img loading=\"lazy\" decoding=\"async\" width=\"1024\" height=\"485\" src=\"https:\/\/agora.xtec.cat\/iesagustiserra\/wp-content\/uploads\/usu1681\/2021\/11\/Mentories-curs-2021-22-Agusti-Serra-i-Fontanet-Sabadell-10.jpg\" class=\"attachment-full size-full\" alt=\"Mentories curs 2021-22 Agust\u00ed Serra i Fontanet, Sabadell 2\" srcset=\"https:\/\/agora.xtec.cat\/iesagustiserra\/wp-content\/uploads\/usu1681\/2021\/11\/Mentories-curs-2021-22-Agusti-Serra-i-Fontanet-Sabadell-10.jpg 1024w, https:\/\/agora.xtec.cat\/iesagustiserra\/wp-content\/uploads\/usu1681\/2021\/11\/Mentories-curs-2021-22-Agusti-Serra-i-Fontanet-Sabadell-10-300x142.jpg 300w, https:\/\/agora.xtec.cat\/iesagustiserra\/wp-content\/uploads\/usu1681\/2021\/11\/Mentories-curs-2021-22-Agusti-Serra-i-Fontanet-Sabadell-10-768x364.jpg 768w\" sizes=\"auto, (max-width: 1024px) 100vw, 1024px\" \/><\/a>\n\t\t\t<\/div><\/figure><figure class='gallery-item'>\n\t\t\t<div class='gallery-icon landscape'>\n\t\t\t\t<a href='https:\/\/agora.xtec.cat\/iesagustiserra\/general\/tornem-a-iniciar-un-nou-curs-amb-les-mentories\/attachment\/mentories-curs-2021-22-agusti-serra-i-fontanet-sabadell-9\/'><img loading=\"lazy\" decoding=\"async\" width=\"1024\" height=\"485\" src=\"https:\/\/agora.xtec.cat\/iesagustiserra\/wp-content\/uploads\/usu1681\/2021\/11\/Mentories-curs-2021-22-Agusti-Serra-i-Fontanet-Sabadell-9.jpg\" class=\"attachment-full size-full\" alt=\"Mentories curs 2021-22 Agust\u00ed Serra i Fontanet, Sabadell 2\" srcset=\"https:\/\/agora.xtec.cat\/iesagustiserra\/wp-content\/uploads\/usu1681\/2021\/11\/Mentories-curs-2021-22-Agusti-Serra-i-Fontanet-Sabadell-9.jpg 1024w, https:\/\/agora.xtec.cat\/iesagustiserra\/wp-content\/uploads\/usu1681\/2021\/11\/Mentories-curs-2021-22-Agusti-Serra-i-Fontanet-Sabadell-9-300x142.jpg 300w, https:\/\/agora.xtec.cat\/iesagustiserra\/wp-content\/uploads\/usu1681\/2021\/11\/Mentories-curs-2021-22-Agusti-Serra-i-Fontanet-Sabadell-9-768x364.jpg 768w\" sizes=\"auto, (max-width: 1024px) 100vw, 1024px\" \/><\/a>\n\t\t\t<\/div><\/figure><figure class='gallery-item'>\n\t\t\t<div class='gallery-icon landscape'>\n\t\t\t\t<a href='https:\/\/agora.xtec.cat\/iesagustiserra\/general\/tornem-a-iniciar-un-nou-curs-amb-les-mentories\/attachment\/mentories-curs-2021-22-agusti-serra-i-fontanet-sabadell-8\/'><img loading=\"lazy\" decoding=\"async\" width=\"1024\" height=\"485\" src=\"https:\/\/agora.xtec.cat\/iesagustiserra\/wp-content\/uploads\/usu1681\/2021\/11\/Mentories-curs-2021-22-Agusti-Serra-i-Fontanet-Sabadell-8.jpg\" class=\"attachment-full size-full\" alt=\"Mentories curs 2021-22 Agust\u00ed Serra i Fontanet, Sabadell 2\" srcset=\"https:\/\/agora.xtec.cat\/iesagustiserra\/wp-content\/uploads\/usu1681\/2021\/11\/Mentories-curs-2021-22-Agusti-Serra-i-Fontanet-Sabadell-8.jpg 1024w, https:\/\/agora.xtec.cat\/iesagustiserra\/wp-content\/uploads\/usu1681\/2021\/11\/Mentories-curs-2021-22-Agusti-Serra-i-Fontanet-Sabadell-8-300x142.jpg 300w, https:\/\/agora.xtec.cat\/iesagustiserra\/wp-content\/uploads\/usu1681\/2021\/11\/Mentories-curs-2021-22-Agusti-Serra-i-Fontanet-Sabadell-8-768x364.jpg 768w\" sizes=\"auto, (max-width: 1024px) 100vw, 1024px\" \/><\/a>\n\t\t\t<\/div><\/figure><figure class='gallery-item'>\n\t\t\t<div class='gallery-icon landscape'>\n\t\t\t\t<a href='https:\/\/agora.xtec.cat\/iesagustiserra\/general\/tornem-a-iniciar-un-nou-curs-amb-les-mentories\/attachment\/mentories-curs-2021-22-agusti-serra-i-fontanet-sabadell-7\/'><img loading=\"lazy\" decoding=\"async\" width=\"1024\" height=\"485\" src=\"https:\/\/agora.xtec.cat\/iesagustiserra\/wp-content\/uploads\/usu1681\/2021\/11\/Mentories-curs-2021-22-Agusti-Serra-i-Fontanet-Sabadell-7.jpg\" class=\"attachment-full size-full\" alt=\"Mentories curs 2021-22 Agust\u00ed Serra i Fontanet, Sabadell 2\" srcset=\"https:\/\/agora.xtec.cat\/iesagustiserra\/wp-content\/uploads\/usu1681\/2021\/11\/Mentories-curs-2021-22-Agusti-Serra-i-Fontanet-Sabadell-7.jpg 1024w, https:\/\/agora.xtec.cat\/iesagustiserra\/wp-content\/uploads\/usu1681\/2021\/11\/Mentories-curs-2021-22-Agusti-Serra-i-Fontanet-Sabadell-7-300x142.jpg 300w, https:\/\/agora.xtec.cat\/iesagustiserra\/wp-content\/uploads\/usu1681\/2021\/11\/Mentories-curs-2021-22-Agusti-Serra-i-Fontanet-Sabadell-7-768x364.jpg 768w\" sizes=\"auto, (max-width: 1024px) 100vw, 1024px\" \/><\/a>\n\t\t\t<\/div><\/figure><figure class='gallery-item'>\n\t\t\t<div class='gallery-icon landscape'>\n\t\t\t\t<a href='https:\/\/agora.xtec.cat\/iesagustiserra\/general\/tornem-a-iniciar-un-nou-curs-amb-les-mentories\/attachment\/mentories-curs-2021-22-agusti-serra-i-fontanet-sabadell-6\/'><img loading=\"lazy\" decoding=\"async\" width=\"1024\" height=\"485\" src=\"https:\/\/agora.xtec.cat\/iesagustiserra\/wp-content\/uploads\/usu1681\/2021\/11\/Mentories-curs-2021-22-Agusti-Serra-i-Fontanet-Sabadell-6.jpg\" class=\"attachment-full size-full\" alt=\"Mentories curs 2021-22 Agust\u00ed Serra i Fontanet, Sabadell 2\" srcset=\"https:\/\/agora.xtec.cat\/iesagustiserra\/wp-content\/uploads\/usu1681\/2021\/11\/Mentories-curs-2021-22-Agusti-Serra-i-Fontanet-Sabadell-6.jpg 1024w, https:\/\/agora.xtec.cat\/iesagustiserra\/wp-content\/uploads\/usu1681\/2021\/11\/Mentories-curs-2021-22-Agusti-Serra-i-Fontanet-Sabadell-6-300x142.jpg 300w, https:\/\/agora.xtec.cat\/iesagustiserra\/wp-content\/uploads\/usu1681\/2021\/11\/Mentories-curs-2021-22-Agusti-Serra-i-Fontanet-Sabadell-6-768x364.jpg 768w\" sizes=\"auto, (max-width: 1024px) 100vw, 1024px\" \/><\/a>\n\t\t\t<\/div><\/figure><figure class='gallery-item'>\n\t\t\t<div class='gallery-icon landscape'>\n\t\t\t\t<a href='https:\/\/agora.xtec.cat\/iesagustiserra\/general\/tornem-a-iniciar-un-nou-curs-amb-les-mentories\/attachment\/mentories-curs-2021-22-agusti-serra-i-fontanet-sabadell-5\/'><img loading=\"lazy\" decoding=\"async\" width=\"1024\" height=\"485\" src=\"https:\/\/agora.xtec.cat\/iesagustiserra\/wp-content\/uploads\/usu1681\/2021\/11\/Mentories-curs-2021-22-Agusti-Serra-i-Fontanet-Sabadell-5.jpg\" class=\"attachment-full size-full\" alt=\"Mentories curs 2021-22 Agust\u00ed Serra i Fontanet, Sabadell 2\" srcset=\"https:\/\/agora.xtec.cat\/iesagustiserra\/wp-content\/uploads\/usu1681\/2021\/11\/Mentories-curs-2021-22-Agusti-Serra-i-Fontanet-Sabadell-5.jpg 1024w, https:\/\/agora.xtec.cat\/iesagustiserra\/wp-content\/uploads\/usu1681\/2021\/11\/Mentories-curs-2021-22-Agusti-Serra-i-Fontanet-Sabadell-5-300x142.jpg 300w, https:\/\/agora.xtec.cat\/iesagustiserra\/wp-content\/uploads\/usu1681\/2021\/11\/Mentories-curs-2021-22-Agusti-Serra-i-Fontanet-Sabadell-5-768x364.jpg 768w\" sizes=\"auto, (max-width: 1024px) 100vw, 1024px\" \/><\/a>\n\t\t\t<\/div><\/figure><figure class='gallery-item'>\n\t\t\t<div class='gallery-icon landscape'>\n\t\t\t\t<a href='https:\/\/agora.xtec.cat\/iesagustiserra\/general\/tornem-a-iniciar-un-nou-curs-amb-les-mentories\/attachment\/mentories-curs-2021-22-agusti-serra-i-fontanet-sabadell-4\/'><img loading=\"lazy\" decoding=\"async\" width=\"1024\" height=\"485\" src=\"https:\/\/agora.xtec.cat\/iesagustiserra\/wp-content\/uploads\/usu1681\/2021\/11\/Mentories-curs-2021-22-Agusti-Serra-i-Fontanet-Sabadell-4.jpg\" class=\"attachment-full size-full\" alt=\"Mentories curs 2021-22 Agust\u00ed Serra i Fontanet, Sabadell 2\" srcset=\"https:\/\/agora.xtec.cat\/iesagustiserra\/wp-content\/uploads\/usu1681\/2021\/11\/Mentories-curs-2021-22-Agusti-Serra-i-Fontanet-Sabadell-4.jpg 1024w, https:\/\/agora.xtec.cat\/iesagustiserra\/wp-content\/uploads\/usu1681\/2021\/11\/Mentories-curs-2021-22-Agusti-Serra-i-Fontanet-Sabadell-4-300x142.jpg 300w, https:\/\/agora.xtec.cat\/iesagustiserra\/wp-content\/uploads\/usu1681\/2021\/11\/Mentories-curs-2021-22-Agusti-Serra-i-Fontanet-Sabadell-4-768x364.jpg 768w\" sizes=\"auto, (max-width: 1024px) 100vw, 1024px\" \/><\/a>\n\t\t\t<\/div><\/figure><figure class='gallery-item'>\n\t\t\t<div class='gallery-icon landscape'>\n\t\t\t\t<a href='https:\/\/agora.xtec.cat\/iesagustiserra\/general\/tornem-a-iniciar-un-nou-curs-amb-les-mentories\/attachment\/mentories-curs-2021-22-agusti-serra-i-fontanet-sabadell-3\/'><img loading=\"lazy\" decoding=\"async\" width=\"1024\" height=\"485\" src=\"https:\/\/agora.xtec.cat\/iesagustiserra\/wp-content\/uploads\/usu1681\/2021\/11\/Mentories-curs-2021-22-Agusti-Serra-i-Fontanet-Sabadell-3.jpg\" class=\"attachment-full size-full\" alt=\"Mentories curs 2021-22 Agust\u00ed Serra i Fontanet, Sabadell 2\" srcset=\"https:\/\/agora.xtec.cat\/iesagustiserra\/wp-content\/uploads\/usu1681\/2021\/11\/Mentories-curs-2021-22-Agusti-Serra-i-Fontanet-Sabadell-3.jpg 1024w, https:\/\/agora.xtec.cat\/iesagustiserra\/wp-content\/uploads\/usu1681\/2021\/11\/Mentories-curs-2021-22-Agusti-Serra-i-Fontanet-Sabadell-3-300x142.jpg 300w, https:\/\/agora.xtec.cat\/iesagustiserra\/wp-content\/uploads\/usu1681\/2021\/11\/Mentories-curs-2021-22-Agusti-Serra-i-Fontanet-Sabadell-3-768x364.jpg 768w\" sizes=\"auto, (max-width: 1024px) 100vw, 1024px\" \/><\/a>\n\t\t\t<\/div><\/figure><figure class='gallery-item'>\n\t\t\t<div class='gallery-icon landscape'>\n\t\t\t\t<a href='https:\/\/agora.xtec.cat\/iesagustiserra\/general\/tornem-a-iniciar-un-nou-curs-amb-les-mentories\/attachment\/mentories-curs-2021-22-agusti-serra-i-fontanet-sabadell-2\/'><img loading=\"lazy\" decoding=\"async\" width=\"1024\" height=\"485\" src=\"https:\/\/agora.xtec.cat\/iesagustiserra\/wp-content\/uploads\/usu1681\/2021\/11\/Mentories-curs-2021-22-Agusti-Serra-i-Fontanet-Sabadell-2.jpg\" class=\"attachment-full size-full\" alt=\"Mentories curs 2021-22 Agust\u00ed Serra i Fontanet, Sabadell 2\" srcset=\"https:\/\/agora.xtec.cat\/iesagustiserra\/wp-content\/uploads\/usu1681\/2021\/11\/Mentories-curs-2021-22-Agusti-Serra-i-Fontanet-Sabadell-2.jpg 1024w, https:\/\/agora.xtec.cat\/iesagustiserra\/wp-content\/uploads\/usu1681\/2021\/11\/Mentories-curs-2021-22-Agusti-Serra-i-Fontanet-Sabadell-2-300x142.jpg 300w, https:\/\/agora.xtec.cat\/iesagustiserra\/wp-content\/uploads\/usu1681\/2021\/11\/Mentories-curs-2021-22-Agusti-Serra-i-Fontanet-Sabadell-2-768x364.jpg 768w\" sizes=\"auto, (max-width: 1024px) 100vw, 1024px\" \/><\/a>\n\t\t\t<\/div><\/figure>\n\t\t<\/div>\n\n<p><a href=\"https:\/\/agora.xtec.cat\/iesagustiserra\/wp-content\/uploads\/usu1681\/2021\/11\/Mentories-curs-2021-22-Agusti-Serra-i-Fontanet-Sabadell-1.jpg\"><img loading=\"lazy\" decoding=\"async\" class=\"wp-image-12715 aligncenter\" src=\"https:\/\/agora.xtec.cat\/iesagustiserra\/wp-content\/uploads\/usu1681\/2021\/11\/Mentories-curs-2021-22-Agusti-Serra-i-Fontanet-Sabadell-1-768x1024.jpg\" alt=\"\" width=\"464\" height=\"619\" srcset=\"https:\/\/agora.xtec.cat\/iesagustiserra\/wp-content\/uploads\/usu1681\/2021\/11\/Mentories-curs-2021-22-Agusti-Serra-i-Fontanet-Sabadell-1-768x1024.jpg 768w, https:\/\/agora.xtec.cat\/iesagustiserra\/wp-content\/uploads\/usu1681\/2021\/11\/Mentories-curs-2021-22-Agusti-Serra-i-Fontanet-Sabadell-1-225x300.jpg 225w, https:\/\/agora.xtec.cat\/iesagustiserra\/wp-content\/uploads\/usu1681\/2021\/11\/Mentories-curs-2021-22-Agusti-Serra-i-Fontanet-Sabadell-1.jpg 1024w\" sizes=\"auto, (max-width: 464px) 100vw, 464px\" \/><\/a><\/p>\n","protected":false},"excerpt":{"rendered":"<p>El dimecres passat\u00a0 14 de novembre va comen\u00e7ar el projecte MENTORIES del curs 2021-2022 amb les presentacions de les noves parelles participants.\u00a0<\/p>\n","protected":false},"author":1,"featured_media":12714,"comment_status":"open","ping_status":"closed","sticky":false,"template":"","format":"standard","meta":{"site-sidebar-layout":"default","site-content-layout":"","ast-site-content-layout":"","site-content-style":"default","site-sidebar-style":"default","ast-global-header-display":"","ast-banner-title-visibility":"","ast-main-header-display":"","ast-hfb-above-header-display":"","ast-hfb-below-header-display":"","ast-hfb-mobile-header-display":"","site-post-title":"","ast-breadcrumbs-content":"","ast-featured-img":"","footer-sml-layout":"","theme-transparent-header-meta":"","adv-header-id-meta":"","stick-header-meta":"","header-above-stick-meta":"","header-main-stick-meta":"","header-below-stick-meta":"","astra-migrate-meta-layouts":"default","ast-page-background-enabled":"default","ast-page-background-meta":{"desktop":{"background-color":"var(--ast-global-color-4)","background-image":"","background-repeat":"repeat","background-position":"center center","background-size":"auto","background-attachment":"scroll","background-type":"","background-media":"","overlay-type":"","overlay-color":"","overlay-opacity":"","overlay-gradient":""},"tablet":{"background-color":"","background-image":"","background-repeat":"repeat","background-position":"center center","background-size":"auto","background-attachment":"scroll","background-type":"","background-media":"","overlay-type":"","overlay-color":"","overlay-opacity":"","overlay-gradient":""},"mobile":{"background-color":"","background-image":"","background-repeat":"repeat","background-position":"center center","background-size":"auto","background-attachment":"scroll","background-type":"","background-media":"","overlay-type":"","overlay-color":"","overlay-opacity":"","overlay-gradient":""}},"ast-content-background-meta":{"desktop":{"background-color":"var(--ast-global-color-5)","background-image":"","background-repeat":"repeat","background-position":"center center","background-size":"auto","background-attachment":"scroll","background-type":"","background-media":"","overlay-type":"","overlay-color":"","overlay-opacity":"","overlay-gradient":""},"tablet":{"background-color":"var(--ast-global-color-5)","background-image":"","background-repeat":"repeat","background-position":"center center","background-size":"auto","background-attachment":"scroll","background-type":"","background-media":"","overlay-type":"","overlay-color":"","overlay-opacity":"","overlay-gradient":""},"mobile":{"background-color":"var(--ast-global-color-5)","background-image":"","background-repeat":"repeat","background-position":"center center","background-size":"auto","background-attachment":"scroll","background-type":"","background-media":"","overlay-type":"","overlay-color":"","overlay-opacity":"","overlay-gradient":""}},"footnotes":""},"categories":[1,220,29],"tags":[441,161,381],"class_list":["post-12702","post","type-post","status-publish","format-standard","has-post-thumbnail","hentry","category-general","category-mediacio","category-portada","tag-curs-21-22","tag-eso","tag-mentories"],"post_mailing_queue_ids":[],"_links":{"self":[{"href":"https:\/\/agora.xtec.cat\/iesagustiserra\/wp-json\/wp\/v2\/posts\/12702","targetHints":{"allow":["GET"]}}],"collection":[{"href":"https:\/\/agora.xtec.cat\/iesagustiserra\/wp-json\/wp\/v2\/posts"}],"about":[{"href":"https:\/\/agora.xtec.cat\/iesagustiserra\/wp-json\/wp\/v2\/types\/post"}],"author":[{"embeddable":true,"href":"https:\/\/agora.xtec.cat\/iesagustiserra\/wp-json\/wp\/v2\/users\/1"}],"replies":[{"embeddable":true,"href":"https:\/\/agora.xtec.cat\/iesagustiserra\/wp-json\/wp\/v2\/comments?post=12702"}],"version-history":[{"count":3,"href":"https:\/\/agora.xtec.cat\/iesagustiserra\/wp-json\/wp\/v2\/posts\/12702\/revisions"}],"predecessor-version":[{"id":12718,"href":"https:\/\/agora.xtec.cat\/iesagustiserra\/wp-json\/wp\/v2\/posts\/12702\/revisions\/12718"}],"wp:featuredmedia":[{"embeddable":true,"href":"https:\/\/agora.xtec.cat\/iesagustiserra\/wp-json\/wp\/v2\/media\/12714"}],"wp:attachment":[{"href":"https:\/\/agora.xtec.cat\/iesagustiserra\/wp-json\/wp\/v2\/media?parent=12702"}],"wp:term":[{"taxonomy":"category","embeddable":true,"href":"https:\/\/agora.xtec.cat\/iesagustiserra\/wp-json\/wp\/v2\/categories?post=12702"},{"taxonomy":"post_tag","embeddable":true,"href":"https:\/\/agora.xtec.cat\/iesagustiserra\/wp-json\/wp\/v2\/tags?post=12702"}],"curies":[{"name":"wp","href":"https:\/\/api.w.org\/{rel}","templated":true}]}}