{"id":12692,"date":"2021-12-21T13:06:05","date_gmt":"2021-12-21T12:06:05","guid":{"rendered":"https:\/\/agora.xtec.cat\/iesagustiserra\/?p=12692"},"modified":"2022-03-08T14:57:22","modified_gmt":"2022-03-08T13:57:22","slug":"concurs-ii-edicio-vota-el-millor-poster-del-tdr-2021","status":"publish","type":"post","link":"https:\/\/agora.xtec.cat\/iesagustiserra\/general\/concurs-ii-edicio-vota-el-millor-poster-del-tdr-2021\/","title":{"rendered":"CONCURS II edici\u00f3. Vota el millor p\u00f2ster del TDR 2021!"},"content":{"rendered":"<p><strong><span style=\"color: #ff0000;\">TERMINI FINALITZAT!\u00a0<\/span><\/strong><\/p>\n<h5 style=\"text-align: left;\"><a class=\"button normal\" style=\"padding: 0.5em; margin: 0.1em; color: white !important; background-color: #767676;\" href=\"https:\/\/agora.xtec.cat\/iesagustiserra\/wp-content\/uploads\/usu1681\/2022\/02\/Vota-el-millor-poster-del-TdR-2021-22.pdf\" target=\"_blank\" rel=\"noopener noreferrer\">RESULTATS VOTACI\u00d3<\/a><\/h5>\n<hr \/>\n<p>El dilluns passat 13 de desembre del 2021, la majoria de l&#8217;alumnat de 2n de batxillerat van presentar el treball de recerca (TDR). Aquest treball s&#8217;inicia generalment durant el primer curs i s&#8217;acaba al final del 1r trimestre de segon. Consta d&#8217;una mem\u00f2ria escrita, d&#8217;una exposici\u00f3 oral i d&#8217;un p\u00f2ster.<\/p>\n<p>A continuaci\u00f3 us oferim la mostra dels p\u00f2sters realitzats pels alumnes per tal que <b>voteu <\/b>el que m\u00e9s us agradi. Tamb\u00e9 podeu trobar-los al vest\u00edbul. <strong>Us animem a participar-hi! <\/strong>Teniu temps fins a finals de gener del 2022.<\/p>\n<h6 style=\"font-weight: 400;\">El <strong>premi<\/strong> al millor disseny i al millor contingut ser\u00e0 un val de la llibreria PAES per import de<strong> 30 \u20ac<\/strong> en material escolar.<\/h6>\n<h6><strong>Tria el millor disseny i el millor contingut i vota! <\/strong><strong style=\"font-size: 1em;\">Escaneja el codi QR <a href=\"https:\/\/agora.xtec.cat\/iesagustiserra\/wp-content\/uploads\/usu1681\/2021\/12\/mentimeter_qr_code.png\"><img loading=\"lazy\" decoding=\"async\" class=\"alignnone wp-image-12959\" src=\"https:\/\/agora.xtec.cat\/iesagustiserra\/wp-content\/uploads\/usu1681\/2021\/12\/mentimeter_qr_code.png\" alt=\"P\u00f2ster TdR 2n Batxillerat Agust\u00ed Serra Concurs 2021 codi QR Mentimeter\" width=\"68\" height=\"68\" \/><\/a>o entra al web <a href=\"https:\/\/www.menti.com\/3aotnz6s9r\" target=\"_blank\" rel=\"noopener noreferrer\">www.menti.com<\/a> i utilitza el codi 45 31 55 5:<\/strong><\/h6>\n<hr \/>\n<div id='gallery-1' class='gallery galleryid-12692 gallery-columns-3 gallery-size-full'><figure class='gallery-item'>\n\t\t\t<div class='gallery-icon portrait'>\n\t\t\t\t<a href='https:\/\/agora.xtec.cat\/iesagustiserra\/general\/concurs-ii-edicio-vota-el-millor-poster-del-tdr-2021\/attachment\/1-plataformes-de-streaming-2\/'><img loading=\"lazy\" decoding=\"async\" width=\"800\" height=\"1132\" src=\"https:\/\/agora.xtec.cat\/iesagustiserra\/wp-content\/uploads\/usu1681\/2021\/12\/1-Plataformes-de-streaming-1.jpg\" class=\"attachment-full size-full\" alt=\"P\u00f2ster TdR 2n Batxillerat Agust\u00ed Serra Concurs 2021\" aria-describedby=\"gallery-1-12951\" srcset=\"https:\/\/agora.xtec.cat\/iesagustiserra\/wp-content\/uploads\/usu1681\/2021\/12\/1-Plataformes-de-streaming-1.jpg 800w, https:\/\/agora.xtec.cat\/iesagustiserra\/wp-content\/uploads\/usu1681\/2021\/12\/1-Plataformes-de-streaming-1-212x300.jpg 212w, https:\/\/agora.xtec.cat\/iesagustiserra\/wp-content\/uploads\/usu1681\/2021\/12\/1-Plataformes-de-streaming-1-724x1024.jpg 724w, https:\/\/agora.xtec.cat\/iesagustiserra\/wp-content\/uploads\/usu1681\/2021\/12\/1-Plataformes-de-streaming-1-768x1087.jpg 768w\" sizes=\"auto, (max-width: 800px) 100vw, 800px\" \/><\/a>\n\t\t\t<\/div>\n\t\t\t\t<figcaption class='wp-caption-text gallery-caption' id='gallery-1-12951'>\n\t\t\t\t1 Plataformes de streaming\n\t\t\t\t<\/figcaption><\/figure><figure class='gallery-item'>\n\t\t\t<div class='gallery-icon portrait'>\n\t\t\t\t<a href='https:\/\/agora.xtec.cat\/iesagustiserra\/general\/concurs-ii-edicio-vota-el-millor-poster-del-tdr-2021\/attachment\/2-el-veritable-i-aterrador-cost-de-la-ramaderia-industrial\/'><img loading=\"lazy\" decoding=\"async\" width=\"800\" height=\"1132\" src=\"https:\/\/agora.xtec.cat\/iesagustiserra\/wp-content\/uploads\/usu1681\/2021\/12\/2-El-veritable-i-aterrador-cost-de-la-ramaderia-industrial.jpg\" class=\"attachment-full size-full\" alt=\"P\u00f2ster TdR 2n Batxillerat Agust\u00ed Serra Concurs 2021\" aria-describedby=\"gallery-1-12924\" srcset=\"https:\/\/agora.xtec.cat\/iesagustiserra\/wp-content\/uploads\/usu1681\/2021\/12\/2-El-veritable-i-aterrador-cost-de-la-ramaderia-industrial.jpg 800w, https:\/\/agora.xtec.cat\/iesagustiserra\/wp-content\/uploads\/usu1681\/2021\/12\/2-El-veritable-i-aterrador-cost-de-la-ramaderia-industrial-212x300.jpg 212w, https:\/\/agora.xtec.cat\/iesagustiserra\/wp-content\/uploads\/usu1681\/2021\/12\/2-El-veritable-i-aterrador-cost-de-la-ramaderia-industrial-724x1024.jpg 724w, https:\/\/agora.xtec.cat\/iesagustiserra\/wp-content\/uploads\/usu1681\/2021\/12\/2-El-veritable-i-aterrador-cost-de-la-ramaderia-industrial-768x1087.jpg 768w\" sizes=\"auto, (max-width: 800px) 100vw, 800px\" \/><\/a>\n\t\t\t<\/div>\n\t\t\t\t<figcaption class='wp-caption-text gallery-caption' id='gallery-1-12924'>\n\t\t\t\t2 El veritable (i aterrador) cost de la ramaderia industrial\n\t\t\t\t<\/figcaption><\/figure><figure class='gallery-item'>\n\t\t\t<div class='gallery-icon portrait'>\n\t\t\t\t<a href='https:\/\/agora.xtec.cat\/iesagustiserra\/general\/concurs-ii-edicio-vota-el-millor-poster-del-tdr-2021\/attachment\/3-la-influencia-de-disney\/'><img loading=\"lazy\" decoding=\"async\" width=\"800\" height=\"1132\" src=\"https:\/\/agora.xtec.cat\/iesagustiserra\/wp-content\/uploads\/usu1681\/2021\/12\/3-La-influencia-de-Disney.jpg\" class=\"attachment-full size-full\" alt=\"\" aria-describedby=\"gallery-1-12949\" srcset=\"https:\/\/agora.xtec.cat\/iesagustiserra\/wp-content\/uploads\/usu1681\/2021\/12\/3-La-influencia-de-Disney.jpg 800w, https:\/\/agora.xtec.cat\/iesagustiserra\/wp-content\/uploads\/usu1681\/2021\/12\/3-La-influencia-de-Disney-212x300.jpg 212w, https:\/\/agora.xtec.cat\/iesagustiserra\/wp-content\/uploads\/usu1681\/2021\/12\/3-La-influencia-de-Disney-724x1024.jpg 724w, https:\/\/agora.xtec.cat\/iesagustiserra\/wp-content\/uploads\/usu1681\/2021\/12\/3-La-influencia-de-Disney-768x1087.jpg 768w\" sizes=\"auto, (max-width: 800px) 100vw, 800px\" \/><\/a>\n\t\t\t<\/div>\n\t\t\t\t<figcaption class='wp-caption-text gallery-caption' id='gallery-1-12949'>\n\t\t\t\t3 La  influ\u00e8ncia de Disney\n\t\t\t\t<\/figcaption><\/figure><figure class='gallery-item'>\n\t\t\t<div class='gallery-icon portrait'>\n\t\t\t\t<a href='https:\/\/agora.xtec.cat\/iesagustiserra\/general\/concurs-ii-edicio-vota-el-millor-poster-del-tdr-2021\/attachment\/4-la-ment-del-criminal\/'><img loading=\"lazy\" decoding=\"async\" width=\"800\" height=\"1132\" src=\"https:\/\/agora.xtec.cat\/iesagustiserra\/wp-content\/uploads\/usu1681\/2021\/12\/4-La-ment-del-criminal.jpg\" class=\"attachment-full size-full\" alt=\"P\u00f2ster TdR 2n Batxillerat Agust\u00ed Serra Concurs 2021\" aria-describedby=\"gallery-1-12926\" srcset=\"https:\/\/agora.xtec.cat\/iesagustiserra\/wp-content\/uploads\/usu1681\/2021\/12\/4-La-ment-del-criminal.jpg 800w, https:\/\/agora.xtec.cat\/iesagustiserra\/wp-content\/uploads\/usu1681\/2021\/12\/4-La-ment-del-criminal-212x300.jpg 212w, https:\/\/agora.xtec.cat\/iesagustiserra\/wp-content\/uploads\/usu1681\/2021\/12\/4-La-ment-del-criminal-724x1024.jpg 724w, https:\/\/agora.xtec.cat\/iesagustiserra\/wp-content\/uploads\/usu1681\/2021\/12\/4-La-ment-del-criminal-768x1087.jpg 768w\" sizes=\"auto, (max-width: 800px) 100vw, 800px\" \/><\/a>\n\t\t\t<\/div>\n\t\t\t\t<figcaption class='wp-caption-text gallery-caption' id='gallery-1-12926'>\n\t\t\t\t4 La ment del criminal\n\t\t\t\t<\/figcaption><\/figure><figure class='gallery-item'>\n\t\t\t<div class='gallery-icon portrait'>\n\t\t\t\t<a href='https:\/\/agora.xtec.cat\/iesagustiserra\/general\/concurs-ii-edicio-vota-el-millor-poster-del-tdr-2021\/attachment\/5-estudi-de-genere-i-suicidi\/'><img loading=\"lazy\" decoding=\"async\" width=\"800\" height=\"1132\" src=\"https:\/\/agora.xtec.cat\/iesagustiserra\/wp-content\/uploads\/usu1681\/2021\/12\/5-Estudi-de-genere-i-suicidi.jpg\" class=\"attachment-full size-full\" alt=\"P\u00f2ster TdR 2n Batxillerat Agust\u00ed Serra Concurs 2021\" aria-describedby=\"gallery-1-12927\" srcset=\"https:\/\/agora.xtec.cat\/iesagustiserra\/wp-content\/uploads\/usu1681\/2021\/12\/5-Estudi-de-genere-i-suicidi.jpg 800w, https:\/\/agora.xtec.cat\/iesagustiserra\/wp-content\/uploads\/usu1681\/2021\/12\/5-Estudi-de-genere-i-suicidi-212x300.jpg 212w, https:\/\/agora.xtec.cat\/iesagustiserra\/wp-content\/uploads\/usu1681\/2021\/12\/5-Estudi-de-genere-i-suicidi-724x1024.jpg 724w, https:\/\/agora.xtec.cat\/iesagustiserra\/wp-content\/uploads\/usu1681\/2021\/12\/5-Estudi-de-genere-i-suicidi-768x1087.jpg 768w\" sizes=\"auto, (max-width: 800px) 100vw, 800px\" \/><\/a>\n\t\t\t<\/div>\n\t\t\t\t<figcaption class='wp-caption-text gallery-caption' id='gallery-1-12927'>\n\t\t\t\t5 Estudi de g\u00e8nere i su\u00efcidi\n\t\t\t\t<\/figcaption><\/figure><figure class='gallery-item'>\n\t\t\t<div class='gallery-icon portrait'>\n\t\t\t\t<a href='https:\/\/agora.xtec.cat\/iesagustiserra\/general\/concurs-ii-edicio-vota-el-millor-poster-del-tdr-2021\/attachment\/6-dues-vides-entre-un-mur-el-conflicte-de-palestina\/'><img loading=\"lazy\" decoding=\"async\" width=\"800\" height=\"1132\" src=\"https:\/\/agora.xtec.cat\/iesagustiserra\/wp-content\/uploads\/usu1681\/2021\/12\/6-Dues-vides-entre-un-mur-el-conflicte-de-Palestina.jpg\" class=\"attachment-full size-full\" alt=\"P\u00f2ster TdR 2n Batxillerat Agust\u00ed Serra Concurs 2021\" aria-describedby=\"gallery-1-12928\" srcset=\"https:\/\/agora.xtec.cat\/iesagustiserra\/wp-content\/uploads\/usu1681\/2021\/12\/6-Dues-vides-entre-un-mur-el-conflicte-de-Palestina.jpg 800w, https:\/\/agora.xtec.cat\/iesagustiserra\/wp-content\/uploads\/usu1681\/2021\/12\/6-Dues-vides-entre-un-mur-el-conflicte-de-Palestina-212x300.jpg 212w, https:\/\/agora.xtec.cat\/iesagustiserra\/wp-content\/uploads\/usu1681\/2021\/12\/6-Dues-vides-entre-un-mur-el-conflicte-de-Palestina-724x1024.jpg 724w, https:\/\/agora.xtec.cat\/iesagustiserra\/wp-content\/uploads\/usu1681\/2021\/12\/6-Dues-vides-entre-un-mur-el-conflicte-de-Palestina-768x1087.jpg 768w\" sizes=\"auto, (max-width: 800px) 100vw, 800px\" \/><\/a>\n\t\t\t<\/div>\n\t\t\t\t<figcaption class='wp-caption-text gallery-caption' id='gallery-1-12928'>\n\t\t\t\t6 Dues vides entre un mur el conflicte de Palestina\n\t\t\t\t<\/figcaption><\/figure><figure class='gallery-item'>\n\t\t\t<div class='gallery-icon portrait'>\n\t\t\t\t<a href='https:\/\/agora.xtec.cat\/iesagustiserra\/general\/concurs-ii-edicio-vota-el-millor-poster-del-tdr-2021\/attachment\/7-robotica-aplicada-al-reciclatge-de-residus\/'><img loading=\"lazy\" decoding=\"async\" width=\"800\" height=\"1132\" src=\"https:\/\/agora.xtec.cat\/iesagustiserra\/wp-content\/uploads\/usu1681\/2021\/12\/7-Robotica-aplicada-al-reciclatge-de-residus.jpg\" class=\"attachment-full size-full\" alt=\"P\u00f2ster TdR 2n Batxillerat Agust\u00ed Serra Concurs 2021\" aria-describedby=\"gallery-1-12929\" srcset=\"https:\/\/agora.xtec.cat\/iesagustiserra\/wp-content\/uploads\/usu1681\/2021\/12\/7-Robotica-aplicada-al-reciclatge-de-residus.jpg 800w, https:\/\/agora.xtec.cat\/iesagustiserra\/wp-content\/uploads\/usu1681\/2021\/12\/7-Robotica-aplicada-al-reciclatge-de-residus-212x300.jpg 212w, https:\/\/agora.xtec.cat\/iesagustiserra\/wp-content\/uploads\/usu1681\/2021\/12\/7-Robotica-aplicada-al-reciclatge-de-residus-724x1024.jpg 724w, https:\/\/agora.xtec.cat\/iesagustiserra\/wp-content\/uploads\/usu1681\/2021\/12\/7-Robotica-aplicada-al-reciclatge-de-residus-768x1087.jpg 768w\" sizes=\"auto, (max-width: 800px) 100vw, 800px\" \/><\/a>\n\t\t\t<\/div>\n\t\t\t\t<figcaption class='wp-caption-text gallery-caption' id='gallery-1-12929'>\n\t\t\t\t7 Rob\u00f2tica aplicada al reciclatge de residus\n\t\t\t\t<\/figcaption><\/figure><figure class='gallery-item'>\n\t\t\t<div class='gallery-icon portrait'>\n\t\t\t\t<a href='https:\/\/agora.xtec.cat\/iesagustiserra\/general\/concurs-ii-edicio-vota-el-millor-poster-del-tdr-2021\/attachment\/8-vikings-quina-va-ser-la-seva-historia\/'><img loading=\"lazy\" decoding=\"async\" width=\"800\" height=\"1132\" src=\"https:\/\/agora.xtec.cat\/iesagustiserra\/wp-content\/uploads\/usu1681\/2021\/12\/8-Vikings-Quina-va-ser-la-seva-historia.jpg\" class=\"attachment-full size-full\" alt=\"P\u00f2ster TdR 2n Batxillerat Agust\u00ed Serra Concurs 2021\" aria-describedby=\"gallery-1-12930\" srcset=\"https:\/\/agora.xtec.cat\/iesagustiserra\/wp-content\/uploads\/usu1681\/2021\/12\/8-Vikings-Quina-va-ser-la-seva-historia.jpg 800w, https:\/\/agora.xtec.cat\/iesagustiserra\/wp-content\/uploads\/usu1681\/2021\/12\/8-Vikings-Quina-va-ser-la-seva-historia-212x300.jpg 212w, https:\/\/agora.xtec.cat\/iesagustiserra\/wp-content\/uploads\/usu1681\/2021\/12\/8-Vikings-Quina-va-ser-la-seva-historia-724x1024.jpg 724w, https:\/\/agora.xtec.cat\/iesagustiserra\/wp-content\/uploads\/usu1681\/2021\/12\/8-Vikings-Quina-va-ser-la-seva-historia-768x1087.jpg 768w\" sizes=\"auto, (max-width: 800px) 100vw, 800px\" \/><\/a>\n\t\t\t<\/div>\n\t\t\t\t<figcaption class='wp-caption-text gallery-caption' id='gallery-1-12930'>\n\t\t\t\t8 V\u00edkings Quina va ser la seva hist\u00f2ria\n\t\t\t\t<\/figcaption><\/figure><figure class='gallery-item'>\n\t\t\t<div class='gallery-icon portrait'>\n\t\t\t\t<a href='https:\/\/agora.xtec.cat\/iesagustiserra\/general\/concurs-ii-edicio-vota-el-millor-poster-del-tdr-2021\/attachment\/9-la-dona-a-lislam\/'><img loading=\"lazy\" decoding=\"async\" width=\"800\" height=\"1132\" src=\"https:\/\/agora.xtec.cat\/iesagustiserra\/wp-content\/uploads\/usu1681\/2021\/12\/9-La-dona-a-lIslam.jpg\" class=\"attachment-full size-full\" alt=\"P\u00f2ster TdR 2n Batxillerat Agust\u00ed Serra Concurs 2021\" aria-describedby=\"gallery-1-12931\" srcset=\"https:\/\/agora.xtec.cat\/iesagustiserra\/wp-content\/uploads\/usu1681\/2021\/12\/9-La-dona-a-lIslam.jpg 800w, https:\/\/agora.xtec.cat\/iesagustiserra\/wp-content\/uploads\/usu1681\/2021\/12\/9-La-dona-a-lIslam-212x300.jpg 212w, https:\/\/agora.xtec.cat\/iesagustiserra\/wp-content\/uploads\/usu1681\/2021\/12\/9-La-dona-a-lIslam-724x1024.jpg 724w, https:\/\/agora.xtec.cat\/iesagustiserra\/wp-content\/uploads\/usu1681\/2021\/12\/9-La-dona-a-lIslam-768x1087.jpg 768w\" sizes=\"auto, (max-width: 800px) 100vw, 800px\" \/><\/a>\n\t\t\t<\/div>\n\t\t\t\t<figcaption class='wp-caption-text gallery-caption' id='gallery-1-12931'>\n\t\t\t\t9 La dona a l&#8217;Islam\n\t\t\t\t<\/figcaption><\/figure><figure class='gallery-item'>\n\t\t\t<div class='gallery-icon portrait'>\n\t\t\t\t<a href='https:\/\/agora.xtec.cat\/iesagustiserra\/general\/concurs-ii-edicio-vota-el-millor-poster-del-tdr-2021\/attachment\/10-dones-i-presons-una-perspectiva-de-genere\/'><img loading=\"lazy\" decoding=\"async\" width=\"800\" height=\"1132\" src=\"https:\/\/agora.xtec.cat\/iesagustiserra\/wp-content\/uploads\/usu1681\/2021\/12\/10-Dones-i-presons-una-perspectiva-de-genere.jpg\" class=\"attachment-full size-full\" alt=\"P\u00f2ster TdR 2n Batxillerat Agust\u00ed Serra Concurs 2021\" aria-describedby=\"gallery-1-12932\" srcset=\"https:\/\/agora.xtec.cat\/iesagustiserra\/wp-content\/uploads\/usu1681\/2021\/12\/10-Dones-i-presons-una-perspectiva-de-genere.jpg 800w, https:\/\/agora.xtec.cat\/iesagustiserra\/wp-content\/uploads\/usu1681\/2021\/12\/10-Dones-i-presons-una-perspectiva-de-genere-212x300.jpg 212w, https:\/\/agora.xtec.cat\/iesagustiserra\/wp-content\/uploads\/usu1681\/2021\/12\/10-Dones-i-presons-una-perspectiva-de-genere-724x1024.jpg 724w, https:\/\/agora.xtec.cat\/iesagustiserra\/wp-content\/uploads\/usu1681\/2021\/12\/10-Dones-i-presons-una-perspectiva-de-genere-768x1087.jpg 768w\" sizes=\"auto, (max-width: 800px) 100vw, 800px\" \/><\/a>\n\t\t\t<\/div>\n\t\t\t\t<figcaption class='wp-caption-text gallery-caption' id='gallery-1-12932'>\n\t\t\t\t10 Dones i presons una perspectiva de g\u00e8nere\n\t\t\t\t<\/figcaption><\/figure><figure class='gallery-item'>\n\t\t\t<div class='gallery-icon portrait'>\n\t\t\t\t<a href='https:\/\/agora.xtec.cat\/iesagustiserra\/general\/concurs-ii-edicio-vota-el-millor-poster-del-tdr-2021\/attachment\/11-la-ment-dun-psicopta-i-les-seves-terapies\/'><img loading=\"lazy\" decoding=\"async\" width=\"800\" height=\"1132\" src=\"https:\/\/agora.xtec.cat\/iesagustiserra\/wp-content\/uploads\/usu1681\/2021\/12\/11-La-ment-dun-psicopta-i-les-seves-terapies.jpg\" class=\"attachment-full size-full\" alt=\"P\u00f2ster TdR 2n Batxillerat Agust\u00ed Serra Concurs 2021\" aria-describedby=\"gallery-1-12933\" srcset=\"https:\/\/agora.xtec.cat\/iesagustiserra\/wp-content\/uploads\/usu1681\/2021\/12\/11-La-ment-dun-psicopta-i-les-seves-terapies.jpg 800w, https:\/\/agora.xtec.cat\/iesagustiserra\/wp-content\/uploads\/usu1681\/2021\/12\/11-La-ment-dun-psicopta-i-les-seves-terapies-212x300.jpg 212w, https:\/\/agora.xtec.cat\/iesagustiserra\/wp-content\/uploads\/usu1681\/2021\/12\/11-La-ment-dun-psicopta-i-les-seves-terapies-724x1024.jpg 724w, https:\/\/agora.xtec.cat\/iesagustiserra\/wp-content\/uploads\/usu1681\/2021\/12\/11-La-ment-dun-psicopta-i-les-seves-terapies-768x1087.jpg 768w\" sizes=\"auto, (max-width: 800px) 100vw, 800px\" \/><\/a>\n\t\t\t<\/div>\n\t\t\t\t<figcaption class='wp-caption-text gallery-caption' id='gallery-1-12933'>\n\t\t\t\t11 La ment d&#8217;un psic\u00f2pta i les seves ter\u00e0pies\n\t\t\t\t<\/figcaption><\/figure><figure class='gallery-item'>\n\t\t\t<div class='gallery-icon portrait'>\n\t\t\t\t<a href='https:\/\/agora.xtec.cat\/iesagustiserra\/general\/concurs-ii-edicio-vota-el-millor-poster-del-tdr-2021\/attachment\/12-leconomia-en-el-futbol\/'><img loading=\"lazy\" decoding=\"async\" width=\"800\" height=\"1132\" src=\"https:\/\/agora.xtec.cat\/iesagustiserra\/wp-content\/uploads\/usu1681\/2021\/12\/12-Leconomia-en-el-futbol.jpg\" class=\"attachment-full size-full\" alt=\"P\u00f2ster TdR 2n Batxillerat Agust\u00ed Serra Concurs 2021\" aria-describedby=\"gallery-1-12934\" srcset=\"https:\/\/agora.xtec.cat\/iesagustiserra\/wp-content\/uploads\/usu1681\/2021\/12\/12-Leconomia-en-el-futbol.jpg 800w, https:\/\/agora.xtec.cat\/iesagustiserra\/wp-content\/uploads\/usu1681\/2021\/12\/12-Leconomia-en-el-futbol-212x300.jpg 212w, https:\/\/agora.xtec.cat\/iesagustiserra\/wp-content\/uploads\/usu1681\/2021\/12\/12-Leconomia-en-el-futbol-724x1024.jpg 724w, https:\/\/agora.xtec.cat\/iesagustiserra\/wp-content\/uploads\/usu1681\/2021\/12\/12-Leconomia-en-el-futbol-768x1087.jpg 768w\" sizes=\"auto, (max-width: 800px) 100vw, 800px\" \/><\/a>\n\t\t\t<\/div>\n\t\t\t\t<figcaption class='wp-caption-text gallery-caption' id='gallery-1-12934'>\n\t\t\t\t12 L&#8217;economia en el futbol\n\t\t\t\t<\/figcaption><\/figure><figure class='gallery-item'>\n\t\t\t<div class='gallery-icon portrait'>\n\t\t\t\t<a href='https:\/\/agora.xtec.cat\/iesagustiserra\/general\/concurs-ii-edicio-vota-el-millor-poster-del-tdr-2021\/attachment\/13-com-nes-dimportant-la-preparacio-mental-dun-ciclista\/'><img loading=\"lazy\" decoding=\"async\" width=\"800\" height=\"1132\" src=\"https:\/\/agora.xtec.cat\/iesagustiserra\/wp-content\/uploads\/usu1681\/2021\/12\/13-Com-nes-dimportant-la-preparacio-mental-dun-ciclista.jpg\" class=\"attachment-full size-full\" alt=\"P\u00f2ster TdR 2n Batxillerat Agust\u00ed Serra Concurs 2021\" aria-describedby=\"gallery-1-12935\" srcset=\"https:\/\/agora.xtec.cat\/iesagustiserra\/wp-content\/uploads\/usu1681\/2021\/12\/13-Com-nes-dimportant-la-preparacio-mental-dun-ciclista.jpg 800w, https:\/\/agora.xtec.cat\/iesagustiserra\/wp-content\/uploads\/usu1681\/2021\/12\/13-Com-nes-dimportant-la-preparacio-mental-dun-ciclista-212x300.jpg 212w, https:\/\/agora.xtec.cat\/iesagustiserra\/wp-content\/uploads\/usu1681\/2021\/12\/13-Com-nes-dimportant-la-preparacio-mental-dun-ciclista-724x1024.jpg 724w, https:\/\/agora.xtec.cat\/iesagustiserra\/wp-content\/uploads\/usu1681\/2021\/12\/13-Com-nes-dimportant-la-preparacio-mental-dun-ciclista-768x1087.jpg 768w\" sizes=\"auto, (max-width: 800px) 100vw, 800px\" \/><\/a>\n\t\t\t<\/div>\n\t\t\t\t<figcaption class='wp-caption-text gallery-caption' id='gallery-1-12935'>\n\t\t\t\t13 Com n&#8217;\u00e9s d&#8217;important la preparaci\u00f3 mental d&#8217;un ciclista\n\t\t\t\t<\/figcaption><\/figure><figure class='gallery-item'>\n\t\t\t<div class='gallery-icon portrait'>\n\t\t\t\t<a href='https:\/\/agora.xtec.cat\/iesagustiserra\/general\/concurs-ii-edicio-vota-el-millor-poster-del-tdr-2021\/attachment\/14-videojocs-educatius\/'><img loading=\"lazy\" decoding=\"async\" width=\"800\" height=\"1132\" src=\"https:\/\/agora.xtec.cat\/iesagustiserra\/wp-content\/uploads\/usu1681\/2021\/12\/14-Videojocs-educatius.jpg\" class=\"attachment-full size-full\" alt=\"P\u00f2ster TdR 2n Batxillerat Agust\u00ed Serra Concurs 2021\" aria-describedby=\"gallery-1-12936\" srcset=\"https:\/\/agora.xtec.cat\/iesagustiserra\/wp-content\/uploads\/usu1681\/2021\/12\/14-Videojocs-educatius.jpg 800w, https:\/\/agora.xtec.cat\/iesagustiserra\/wp-content\/uploads\/usu1681\/2021\/12\/14-Videojocs-educatius-212x300.jpg 212w, https:\/\/agora.xtec.cat\/iesagustiserra\/wp-content\/uploads\/usu1681\/2021\/12\/14-Videojocs-educatius-724x1024.jpg 724w, https:\/\/agora.xtec.cat\/iesagustiserra\/wp-content\/uploads\/usu1681\/2021\/12\/14-Videojocs-educatius-768x1087.jpg 768w\" sizes=\"auto, (max-width: 800px) 100vw, 800px\" \/><\/a>\n\t\t\t<\/div>\n\t\t\t\t<figcaption class='wp-caption-text gallery-caption' id='gallery-1-12936'>\n\t\t\t\t14 Videojocs educatius\n\t\t\t\t<\/figcaption><\/figure><figure class='gallery-item'>\n\t\t\t<div class='gallery-icon portrait'>\n\t\t\t\t<a href='https:\/\/agora.xtec.cat\/iesagustiserra\/general\/concurs-ii-edicio-vota-el-millor-poster-del-tdr-2021\/attachment\/15-lolita\/'><img loading=\"lazy\" decoding=\"async\" width=\"800\" height=\"1132\" src=\"https:\/\/agora.xtec.cat\/iesagustiserra\/wp-content\/uploads\/usu1681\/2021\/12\/15-Lolita.jpg\" class=\"attachment-full size-full\" alt=\"P\u00f2ster TdR 2n Batxillerat Agust\u00ed Serra Concurs 2021\" aria-describedby=\"gallery-1-12937\" srcset=\"https:\/\/agora.xtec.cat\/iesagustiserra\/wp-content\/uploads\/usu1681\/2021\/12\/15-Lolita.jpg 800w, https:\/\/agora.xtec.cat\/iesagustiserra\/wp-content\/uploads\/usu1681\/2021\/12\/15-Lolita-212x300.jpg 212w, https:\/\/agora.xtec.cat\/iesagustiserra\/wp-content\/uploads\/usu1681\/2021\/12\/15-Lolita-724x1024.jpg 724w, https:\/\/agora.xtec.cat\/iesagustiserra\/wp-content\/uploads\/usu1681\/2021\/12\/15-Lolita-768x1087.jpg 768w\" sizes=\"auto, (max-width: 800px) 100vw, 800px\" \/><\/a>\n\t\t\t<\/div>\n\t\t\t\t<figcaption class='wp-caption-text gallery-caption' id='gallery-1-12937'>\n\t\t\t\t15 Lolita\n\t\t\t\t<\/figcaption><\/figure><figure class='gallery-item'>\n\t\t\t<div class='gallery-icon portrait'>\n\t\t\t\t<a href='https:\/\/agora.xtec.cat\/iesagustiserra\/general\/concurs-ii-edicio-vota-el-millor-poster-del-tdr-2021\/attachment\/16-drogadiccio-vs-addiccio-al-mon-virtual\/'><img loading=\"lazy\" decoding=\"async\" width=\"800\" height=\"1132\" src=\"https:\/\/agora.xtec.cat\/iesagustiserra\/wp-content\/uploads\/usu1681\/2021\/12\/16-Drogadiccio-vs-addiccio-al-mon-virtual.jpg\" class=\"attachment-full size-full\" alt=\"P\u00f2ster TdR 2n Batxillerat Agust\u00ed Serra Concurs 2021\" aria-describedby=\"gallery-1-12938\" srcset=\"https:\/\/agora.xtec.cat\/iesagustiserra\/wp-content\/uploads\/usu1681\/2021\/12\/16-Drogadiccio-vs-addiccio-al-mon-virtual.jpg 800w, https:\/\/agora.xtec.cat\/iesagustiserra\/wp-content\/uploads\/usu1681\/2021\/12\/16-Drogadiccio-vs-addiccio-al-mon-virtual-212x300.jpg 212w, https:\/\/agora.xtec.cat\/iesagustiserra\/wp-content\/uploads\/usu1681\/2021\/12\/16-Drogadiccio-vs-addiccio-al-mon-virtual-724x1024.jpg 724w, https:\/\/agora.xtec.cat\/iesagustiserra\/wp-content\/uploads\/usu1681\/2021\/12\/16-Drogadiccio-vs-addiccio-al-mon-virtual-768x1087.jpg 768w\" sizes=\"auto, (max-width: 800px) 100vw, 800px\" \/><\/a>\n\t\t\t<\/div>\n\t\t\t\t<figcaption class='wp-caption-text gallery-caption' id='gallery-1-12938'>\n\t\t\t\t16 Drogadicci\u00f3 vs addicci\u00f3 al m\u00f3n virtual\n\t\t\t\t<\/figcaption><\/figure><figure class='gallery-item'>\n\t\t\t<div class='gallery-icon portrait'>\n\t\t\t\t<a href='https:\/\/agora.xtec.cat\/iesagustiserra\/general\/concurs-ii-edicio-vota-el-millor-poster-del-tdr-2021\/attachment\/17-els-pinzells-invisibles\/'><img loading=\"lazy\" decoding=\"async\" width=\"800\" height=\"1132\" src=\"https:\/\/agora.xtec.cat\/iesagustiserra\/wp-content\/uploads\/usu1681\/2021\/12\/17-Els-pinzells-invisibles.jpg\" class=\"attachment-full size-full\" alt=\"P\u00f2ster TdR 2n Batxillerat Agust\u00ed Serra Concurs 2021\" aria-describedby=\"gallery-1-12939\" srcset=\"https:\/\/agora.xtec.cat\/iesagustiserra\/wp-content\/uploads\/usu1681\/2021\/12\/17-Els-pinzells-invisibles.jpg 800w, https:\/\/agora.xtec.cat\/iesagustiserra\/wp-content\/uploads\/usu1681\/2021\/12\/17-Els-pinzells-invisibles-212x300.jpg 212w, https:\/\/agora.xtec.cat\/iesagustiserra\/wp-content\/uploads\/usu1681\/2021\/12\/17-Els-pinzells-invisibles-724x1024.jpg 724w, https:\/\/agora.xtec.cat\/iesagustiserra\/wp-content\/uploads\/usu1681\/2021\/12\/17-Els-pinzells-invisibles-768x1087.jpg 768w\" sizes=\"auto, (max-width: 800px) 100vw, 800px\" \/><\/a>\n\t\t\t<\/div>\n\t\t\t\t<figcaption class='wp-caption-text gallery-caption' id='gallery-1-12939'>\n\t\t\t\t17 Els pinzells invisibles\n\t\t\t\t<\/figcaption><\/figure><figure class='gallery-item'>\n\t\t\t<div class='gallery-icon portrait'>\n\t\t\t\t<a href='https:\/\/agora.xtec.cat\/iesagustiserra\/general\/concurs-ii-edicio-vota-el-millor-poster-del-tdr-2021\/attachment\/18-centre-dacollida-de-menors\/'><img loading=\"lazy\" decoding=\"async\" width=\"800\" height=\"1132\" src=\"https:\/\/agora.xtec.cat\/iesagustiserra\/wp-content\/uploads\/usu1681\/2021\/12\/18-Centre-dacollida-de-menors.jpg\" class=\"attachment-full size-full\" alt=\"P\u00f2ster TdR 2n Batxillerat Agust\u00ed Serra Concurs 2021\" aria-describedby=\"gallery-1-12940\" srcset=\"https:\/\/agora.xtec.cat\/iesagustiserra\/wp-content\/uploads\/usu1681\/2021\/12\/18-Centre-dacollida-de-menors.jpg 800w, https:\/\/agora.xtec.cat\/iesagustiserra\/wp-content\/uploads\/usu1681\/2021\/12\/18-Centre-dacollida-de-menors-212x300.jpg 212w, https:\/\/agora.xtec.cat\/iesagustiserra\/wp-content\/uploads\/usu1681\/2021\/12\/18-Centre-dacollida-de-menors-724x1024.jpg 724w, https:\/\/agora.xtec.cat\/iesagustiserra\/wp-content\/uploads\/usu1681\/2021\/12\/18-Centre-dacollida-de-menors-768x1087.jpg 768w\" sizes=\"auto, (max-width: 800px) 100vw, 800px\" \/><\/a>\n\t\t\t<\/div>\n\t\t\t\t<figcaption class='wp-caption-text gallery-caption' id='gallery-1-12940'>\n\t\t\t\t18 Centre d&#8217;acollida de menors\n\t\t\t\t<\/figcaption><\/figure><figure class='gallery-item'>\n\t\t\t<div class='gallery-icon portrait'>\n\t\t\t\t<a href='https:\/\/agora.xtec.cat\/iesagustiserra\/general\/concurs-ii-edicio-vota-el-millor-poster-del-tdr-2021\/attachment\/19-el-confinament-i-com-ha-afectat-la-salut-dels-adolescents\/'><img loading=\"lazy\" decoding=\"async\" width=\"800\" height=\"1132\" src=\"https:\/\/agora.xtec.cat\/iesagustiserra\/wp-content\/uploads\/usu1681\/2021\/12\/19-El-confinament-i-com-ha-afectat-la-salut-dels-adolescents.jpg\" class=\"attachment-full size-full\" alt=\"P\u00f2ster TdR 2n Batxillerat Agust\u00ed Serra Concurs 2021\" aria-describedby=\"gallery-1-12941\" srcset=\"https:\/\/agora.xtec.cat\/iesagustiserra\/wp-content\/uploads\/usu1681\/2021\/12\/19-El-confinament-i-com-ha-afectat-la-salut-dels-adolescents.jpg 800w, https:\/\/agora.xtec.cat\/iesagustiserra\/wp-content\/uploads\/usu1681\/2021\/12\/19-El-confinament-i-com-ha-afectat-la-salut-dels-adolescents-212x300.jpg 212w, https:\/\/agora.xtec.cat\/iesagustiserra\/wp-content\/uploads\/usu1681\/2021\/12\/19-El-confinament-i-com-ha-afectat-la-salut-dels-adolescents-724x1024.jpg 724w, https:\/\/agora.xtec.cat\/iesagustiserra\/wp-content\/uploads\/usu1681\/2021\/12\/19-El-confinament-i-com-ha-afectat-la-salut-dels-adolescents-768x1087.jpg 768w\" sizes=\"auto, (max-width: 800px) 100vw, 800px\" \/><\/a>\n\t\t\t<\/div>\n\t\t\t\t<figcaption class='wp-caption-text gallery-caption' id='gallery-1-12941'>\n\t\t\t\t19 El confinament i com ha afectat la salut dels adolescents\n\t\t\t\t<\/figcaption><\/figure><figure class='gallery-item'>\n\t\t\t<div class='gallery-icon portrait'>\n\t\t\t\t<a href='https:\/\/agora.xtec.cat\/iesagustiserra\/general\/concurs-ii-edicio-vota-el-millor-poster-del-tdr-2021\/attachment\/20-la-relativitat-del-temps\/'><img loading=\"lazy\" decoding=\"async\" width=\"800\" height=\"1132\" src=\"https:\/\/agora.xtec.cat\/iesagustiserra\/wp-content\/uploads\/usu1681\/2021\/12\/20-La-relativitat-del-temps.jpg\" class=\"attachment-full size-full\" alt=\"P\u00f2ster TdR 2n Batxillerat Agust\u00ed Serra Concurs 2021\" aria-describedby=\"gallery-1-12942\" srcset=\"https:\/\/agora.xtec.cat\/iesagustiserra\/wp-content\/uploads\/usu1681\/2021\/12\/20-La-relativitat-del-temps.jpg 800w, https:\/\/agora.xtec.cat\/iesagustiserra\/wp-content\/uploads\/usu1681\/2021\/12\/20-La-relativitat-del-temps-212x300.jpg 212w, https:\/\/agora.xtec.cat\/iesagustiserra\/wp-content\/uploads\/usu1681\/2021\/12\/20-La-relativitat-del-temps-724x1024.jpg 724w, https:\/\/agora.xtec.cat\/iesagustiserra\/wp-content\/uploads\/usu1681\/2021\/12\/20-La-relativitat-del-temps-768x1087.jpg 768w\" sizes=\"auto, (max-width: 800px) 100vw, 800px\" \/><\/a>\n\t\t\t<\/div>\n\t\t\t\t<figcaption class='wp-caption-text gallery-caption' id='gallery-1-12942'>\n\t\t\t\t20 La relativitat del temps\n\t\t\t\t<\/figcaption><\/figure><figure class='gallery-item'>\n\t\t\t<div class='gallery-icon portrait'>\n\t\t\t\t<a href='https:\/\/agora.xtec.cat\/iesagustiserra\/general\/concurs-ii-edicio-vota-el-millor-poster-del-tdr-2021\/attachment\/21-leducacio-sexual\/'><img loading=\"lazy\" decoding=\"async\" width=\"800\" height=\"1132\" src=\"https:\/\/agora.xtec.cat\/iesagustiserra\/wp-content\/uploads\/usu1681\/2021\/12\/21-Leducacio-sexual.jpg\" class=\"attachment-full size-full\" alt=\"P\u00f2ster TdR 2n Batxillerat Agust\u00ed Serra Concurs 2021\" aria-describedby=\"gallery-1-12943\" srcset=\"https:\/\/agora.xtec.cat\/iesagustiserra\/wp-content\/uploads\/usu1681\/2021\/12\/21-Leducacio-sexual.jpg 800w, https:\/\/agora.xtec.cat\/iesagustiserra\/wp-content\/uploads\/usu1681\/2021\/12\/21-Leducacio-sexual-212x300.jpg 212w, https:\/\/agora.xtec.cat\/iesagustiserra\/wp-content\/uploads\/usu1681\/2021\/12\/21-Leducacio-sexual-724x1024.jpg 724w, https:\/\/agora.xtec.cat\/iesagustiserra\/wp-content\/uploads\/usu1681\/2021\/12\/21-Leducacio-sexual-768x1087.jpg 768w\" sizes=\"auto, (max-width: 800px) 100vw, 800px\" \/><\/a>\n\t\t\t<\/div>\n\t\t\t\t<figcaption class='wp-caption-text gallery-caption' id='gallery-1-12943'>\n\t\t\t\t21 L&#8217;educacio sexual\n\t\t\t\t<\/figcaption><\/figure><figure class='gallery-item'>\n\t\t\t<div class='gallery-icon portrait'>\n\t\t\t\t<a href='https:\/\/agora.xtec.cat\/iesagustiserra\/general\/concurs-ii-edicio-vota-el-millor-poster-del-tdr-2021\/attachment\/22-les-drogues-afecten-la-salut-en-ladolescencia\/'><img loading=\"lazy\" decoding=\"async\" width=\"800\" height=\"1132\" src=\"https:\/\/agora.xtec.cat\/iesagustiserra\/wp-content\/uploads\/usu1681\/2021\/12\/22-Les-drogues-afecten-la-salut-en-ladolescencia.jpg\" class=\"attachment-full size-full\" alt=\"P\u00f2ster TdR 2n Batxillerat Agust\u00ed Serra Concurs 2021\" aria-describedby=\"gallery-1-12944\" srcset=\"https:\/\/agora.xtec.cat\/iesagustiserra\/wp-content\/uploads\/usu1681\/2021\/12\/22-Les-drogues-afecten-la-salut-en-ladolescencia.jpg 800w, https:\/\/agora.xtec.cat\/iesagustiserra\/wp-content\/uploads\/usu1681\/2021\/12\/22-Les-drogues-afecten-la-salut-en-ladolescencia-212x300.jpg 212w, https:\/\/agora.xtec.cat\/iesagustiserra\/wp-content\/uploads\/usu1681\/2021\/12\/22-Les-drogues-afecten-la-salut-en-ladolescencia-724x1024.jpg 724w, https:\/\/agora.xtec.cat\/iesagustiserra\/wp-content\/uploads\/usu1681\/2021\/12\/22-Les-drogues-afecten-la-salut-en-ladolescencia-768x1087.jpg 768w\" sizes=\"auto, (max-width: 800px) 100vw, 800px\" \/><\/a>\n\t\t\t<\/div>\n\t\t\t\t<figcaption class='wp-caption-text gallery-caption' id='gallery-1-12944'>\n\t\t\t\t22 Les drogues afecten la salut en l&#8217;adolesc\u00e8ncia\n\t\t\t\t<\/figcaption><\/figure><figure class='gallery-item'>\n\t\t\t<div class='gallery-icon portrait'>\n\t\t\t\t<a href='https:\/\/agora.xtec.cat\/iesagustiserra\/general\/concurs-ii-edicio-vota-el-millor-poster-del-tdr-2021\/attachment\/23-els-canvis-que-es-donen-a-ladolescencia\/'><img loading=\"lazy\" decoding=\"async\" width=\"800\" height=\"1132\" src=\"https:\/\/agora.xtec.cat\/iesagustiserra\/wp-content\/uploads\/usu1681\/2021\/12\/23-Els-canvis-que-es-donen-a-ladolescencia.jpg\" class=\"attachment-full size-full\" alt=\"P\u00f2ster TdR 2n Batxillerat Agust\u00ed Serra Concurs 2021\" aria-describedby=\"gallery-1-12945\" srcset=\"https:\/\/agora.xtec.cat\/iesagustiserra\/wp-content\/uploads\/usu1681\/2021\/12\/23-Els-canvis-que-es-donen-a-ladolescencia.jpg 800w, https:\/\/agora.xtec.cat\/iesagustiserra\/wp-content\/uploads\/usu1681\/2021\/12\/23-Els-canvis-que-es-donen-a-ladolescencia-212x300.jpg 212w, https:\/\/agora.xtec.cat\/iesagustiserra\/wp-content\/uploads\/usu1681\/2021\/12\/23-Els-canvis-que-es-donen-a-ladolescencia-724x1024.jpg 724w, https:\/\/agora.xtec.cat\/iesagustiserra\/wp-content\/uploads\/usu1681\/2021\/12\/23-Els-canvis-que-es-donen-a-ladolescencia-768x1087.jpg 768w\" sizes=\"auto, (max-width: 800px) 100vw, 800px\" \/><\/a>\n\t\t\t<\/div>\n\t\t\t\t<figcaption class='wp-caption-text gallery-caption' id='gallery-1-12945'>\n\t\t\t\t23 Els canvis que es donen a l&#8217;adolesc\u00e8ncia\n\t\t\t\t<\/figcaption><\/figure><figure class='gallery-item'>\n\t\t\t<div class='gallery-icon portrait'>\n\t\t\t\t<a href='https:\/\/agora.xtec.cat\/iesagustiserra\/general\/concurs-ii-edicio-vota-el-millor-poster-del-tdr-2021\/attachment\/24-la-immigracio-es-realment-dolenta-a-espanya\/'><img loading=\"lazy\" decoding=\"async\" width=\"800\" height=\"1132\" src=\"https:\/\/agora.xtec.cat\/iesagustiserra\/wp-content\/uploads\/usu1681\/2021\/12\/24-La-immigracio-es-realment-dolenta-a-Espanya.jpg\" class=\"attachment-full size-full\" alt=\"P\u00f2ster TdR 2n Batxillerat Agust\u00ed Serra Concurs 2021\" aria-describedby=\"gallery-1-12946\" srcset=\"https:\/\/agora.xtec.cat\/iesagustiserra\/wp-content\/uploads\/usu1681\/2021\/12\/24-La-immigracio-es-realment-dolenta-a-Espanya.jpg 800w, https:\/\/agora.xtec.cat\/iesagustiserra\/wp-content\/uploads\/usu1681\/2021\/12\/24-La-immigracio-es-realment-dolenta-a-Espanya-212x300.jpg 212w, https:\/\/agora.xtec.cat\/iesagustiserra\/wp-content\/uploads\/usu1681\/2021\/12\/24-La-immigracio-es-realment-dolenta-a-Espanya-724x1024.jpg 724w, https:\/\/agora.xtec.cat\/iesagustiserra\/wp-content\/uploads\/usu1681\/2021\/12\/24-La-immigracio-es-realment-dolenta-a-Espanya-768x1087.jpg 768w\" sizes=\"auto, (max-width: 800px) 100vw, 800px\" \/><\/a>\n\t\t\t<\/div>\n\t\t\t\t<figcaption class='wp-caption-text gallery-caption' id='gallery-1-12946'>\n\t\t\t\t24  La immigraci\u00f3 \u00e9s realment dolenta a Espanya?\n\t\t\t\t<\/figcaption><\/figure>\n\t\t<\/div>\n\n<hr \/>\n<p>Per votar, <strong>escaneja el codi QR o entra al web <a href=\"https:\/\/www.menti.com\/3aotnz6s9r\" target=\"_blank\" rel=\"noopener noreferrer\">www.menti.com<\/a> i utilitza el codi 45 31 55 5:<\/strong><\/p>\n<p><a href=\"https:\/\/agora.xtec.cat\/iesagustiserra\/wp-content\/uploads\/usu1681\/2021\/12\/mentimeter_qr_code.png\"><img loading=\"lazy\" decoding=\"async\" class=\"size-full wp-image-12959 aligncenter\" src=\"https:\/\/agora.xtec.cat\/iesagustiserra\/wp-content\/uploads\/usu1681\/2021\/12\/mentimeter_qr_code.png\" alt=\"P\u00f2ster TdR 2n Batxillerat Agust\u00ed Serra Concurs 2021 codi QR Mentimeter\" width=\"500\" height=\"500\" \/><\/a><\/p>\n","protected":false},"excerpt":{"rendered":"<p>TERMINI FINALITZAT!\u00a0<\/p>\n<p>Ja tenim els resultats de la votaci\u00f3 del millor disseny i el millor contingut del concurs de p\u00f2sters del TDR d&#8217;enguany.<\/p>\n<p>Gr\u00e0cies per participar-hi!<\/p>\n","protected":false},"author":1,"featured_media":12959,"comment_status":"open","ping_status":"closed","sticky":false,"template":"","format":"standard","meta":{"site-sidebar-layout":"default","site-content-layout":"","ast-site-content-layout":"","site-content-style":"default","site-sidebar-style":"default","ast-global-header-display":"","ast-banner-title-visibility":"","ast-main-header-display":"","ast-hfb-above-header-display":"","ast-hfb-below-header-display":"","ast-hfb-mobile-header-display":"","site-post-title":"","ast-breadcrumbs-content":"","ast-featured-img":"","footer-sml-layout":"","theme-transparent-header-meta":"","adv-header-id-meta":"","stick-header-meta":"","header-above-stick-meta":"","header-main-stick-meta":"","header-below-stick-meta":"","astra-migrate-meta-layouts":"default","ast-page-background-enabled":"default","ast-page-background-meta":{"desktop":{"background-color":"var(--ast-global-color-4)","background-image":"","background-repeat":"repeat","background-position":"center center","background-size":"auto","background-attachment":"scroll","background-type":"","background-media":"","overlay-type":"","overlay-color":"","overlay-opacity":"","overlay-gradient":""},"tablet":{"background-color":"","background-image":"","background-repeat":"repeat","background-position":"center center","background-size":"auto","background-attachment":"scroll","background-type":"","background-media":"","overlay-type":"","overlay-color":"","overlay-opacity":"","overlay-gradient":""},"mobile":{"background-color":"","background-image":"","background-repeat":"repeat","background-position":"center center","background-size":"auto","background-attachment":"scroll","background-type":"","background-media":"","overlay-type":"","overlay-color":"","overlay-opacity":"","overlay-gradient":""}},"ast-content-background-meta":{"desktop":{"background-color":"var(--ast-global-color-5)","background-image":"","background-repeat":"repeat","background-position":"center center","background-size":"auto","background-attachment":"scroll","background-type":"","background-media":"","overlay-type":"","overlay-color":"","overlay-opacity":"","overlay-gradient":""},"tablet":{"background-color":"var(--ast-global-color-5)","background-image":"","background-repeat":"repeat","background-position":"center center","background-size":"auto","background-attachment":"scroll","background-type":"","background-media":"","overlay-type":"","overlay-color":"","overlay-opacity":"","overlay-gradient":""},"mobile":{"background-color":"var(--ast-global-color-5)","background-image":"","background-repeat":"repeat","background-position":"center center","background-size":"auto","background-attachment":"scroll","background-type":"","background-media":"","overlay-type":"","overlay-color":"","overlay-opacity":"","overlay-gradient":""}},"footnotes":""},"categories":[321,322,8,1,29],"tags":[314,199,441,190],"class_list":["post-12692","post","type-post","status-publish","format-standard","has-post-thumbnail","hentry","category-1_batxillerat","category-2_batxillerat","category-batxillerat","category-general","category-portada","tag-2n-batxillerat","tag-concursos","tag-curs-21-22","tag-treball-de-recerca"],"post_mailing_queue_ids":[],"_links":{"self":[{"href":"https:\/\/agora.xtec.cat\/iesagustiserra\/wp-json\/wp\/v2\/posts\/12692","targetHints":{"allow":["GET"]}}],"collection":[{"href":"https:\/\/agora.xtec.cat\/iesagustiserra\/wp-json\/wp\/v2\/posts"}],"about":[{"href":"https:\/\/agora.xtec.cat\/iesagustiserra\/wp-json\/wp\/v2\/types\/post"}],"author":[{"embeddable":true,"href":"https:\/\/agora.xtec.cat\/iesagustiserra\/wp-json\/wp\/v2\/users\/1"}],"replies":[{"embeddable":true,"href":"https:\/\/agora.xtec.cat\/iesagustiserra\/wp-json\/wp\/v2\/comments?post=12692"}],"version-history":[{"count":3,"href":"https:\/\/agora.xtec.cat\/iesagustiserra\/wp-json\/wp\/v2\/posts\/12692\/revisions"}],"predecessor-version":[{"id":13299,"href":"https:\/\/agora.xtec.cat\/iesagustiserra\/wp-json\/wp\/v2\/posts\/12692\/revisions\/13299"}],"wp:featuredmedia":[{"embeddable":true,"href":"https:\/\/agora.xtec.cat\/iesagustiserra\/wp-json\/wp\/v2\/media\/12959"}],"wp:attachment":[{"href":"https:\/\/agora.xtec.cat\/iesagustiserra\/wp-json\/wp\/v2\/media?parent=12692"}],"wp:term":[{"taxonomy":"category","embeddable":true,"href":"https:\/\/agora.xtec.cat\/iesagustiserra\/wp-json\/wp\/v2\/categories?post=12692"},{"taxonomy":"post_tag","embeddable":true,"href":"https:\/\/agora.xtec.cat\/iesagustiserra\/wp-json\/wp\/v2\/tags?post=12692"}],"curies":[{"name":"wp","href":"https:\/\/api.w.org\/{rel}","templated":true}]}}