{"id":12267,"date":"2021-11-03T13:19:34","date_gmt":"2021-11-03T12:19:34","guid":{"rendered":"https:\/\/agora.xtec.cat\/iesagustiserra\/?p=12267"},"modified":"2021-11-09T13:20:13","modified_gmt":"2021-11-09T12:20:13","slug":"acte-de-graduacio-cfgm-2n-preimpresssio-digital-tarda","status":"publish","type":"post","link":"https:\/\/agora.xtec.cat\/iesagustiserra\/portada\/acte-de-graduacio-cfgm-2n-preimpresssio-digital-tarda\/","title":{"rendered":"Acte de graduaci\u00f3 CFGM 2n Preimpresssi\u00f3 Digital (tarda)"},"content":{"rendered":"<p>El dia 14 de juny es va celebrar l&#8217;acte de graduaci\u00f3 de l&#8217;alumnat del cicle formatiu de\u00a0<b>Grau mitj\u00e0 de Preimpressi\u00f3 digital<\/b> (tarda).<\/p>\n<div>\n<p>Ens hauria agradat acomiadar-nos de tots vosaltres amb la solemnitat que requereix un acte d\u2019aquest tipus, per\u00f2 a causa de la covid es va fer un acte esglaonat, nom\u00e9s amb l&#8217;assist\u00e8ncia de l&#8217;alumnat, l&#8217;equip docent i l&#8217;equip directiu.<\/p>\n<p>L&#8217;acte de lliurament de diplomes es va realitzar al gimn\u00e0s del nostre l&#8217;institut. L&#8217;\u00d2scar Aldrey, tutor de segon de tarda, va presentar els guardonats.<\/p>\n<p>L&#8217;equip directiu va participar en el repartiment dels diplomes als graduats del cicle de grau mitj\u00e0.<\/p>\n<p>En acabar es va sortir al jardinet on l&#8217;alumnat, junt amb els tutors i membres de l&#8217;equip docent, es varen fer les fotografies per celebrar l&#8217;acte.<\/p>\n<p><strong>Moltes felicitats a totes i a tots! Ho heu aconseguit!<\/strong><\/p>\n<\/div>\n<div id='gallery-1' class='gallery galleryid-12267 gallery-columns-2 gallery-size-full'><figure class='gallery-item'>\n\t\t\t<div class='gallery-icon landscape'>\n\t\t\t\t<a href='https:\/\/agora.xtec.cat\/iesagustiserra\/portada\/acte-de-graduacio-cfgm-2n-preimpresssio-digital-tarda\/attachment\/arts-grafiques-cfgm-2n-preimpresssio-digital-_tarda_1\/'><img loading=\"lazy\" decoding=\"async\" width=\"800\" height=\"600\" src=\"https:\/\/agora.xtec.cat\/iesagustiserra\/wp-content\/uploads\/usu1681\/2021\/11\/Arts-Grafiques-CFGM-2n-Preimpresssio-digital-_tarda_1.jpg\" class=\"attachment-full size-full\" alt=\"Acte de graduaci\u00f3 CFGM 2n Preimpresssi\u00f3 Digital (tarda), Institut Agust\u00ed Serra i Fontanet de Sabadell\" srcset=\"https:\/\/agora.xtec.cat\/iesagustiserra\/wp-content\/uploads\/usu1681\/2021\/11\/Arts-Grafiques-CFGM-2n-Preimpresssio-digital-_tarda_1.jpg 800w, https:\/\/agora.xtec.cat\/iesagustiserra\/wp-content\/uploads\/usu1681\/2021\/11\/Arts-Grafiques-CFGM-2n-Preimpresssio-digital-_tarda_1-300x225.jpg 300w, https:\/\/agora.xtec.cat\/iesagustiserra\/wp-content\/uploads\/usu1681\/2021\/11\/Arts-Grafiques-CFGM-2n-Preimpresssio-digital-_tarda_1-768x576.jpg 768w, https:\/\/agora.xtec.cat\/iesagustiserra\/wp-content\/uploads\/usu1681\/2021\/11\/Arts-Grafiques-CFGM-2n-Preimpresssio-digital-_tarda_1-200x150.jpg 200w\" sizes=\"auto, (max-width: 800px) 100vw, 800px\" \/><\/a>\n\t\t\t<\/div><\/figure><figure class='gallery-item'>\n\t\t\t<div class='gallery-icon landscape'>\n\t\t\t\t<a href='https:\/\/agora.xtec.cat\/iesagustiserra\/portada\/acte-de-graduacio-cfgm-2n-preimpresssio-digital-tarda\/attachment\/arts-grafiques-cfgm-2n-preimpresssio-digital-_tarda_2\/'><img loading=\"lazy\" decoding=\"async\" width=\"800\" height=\"600\" src=\"https:\/\/agora.xtec.cat\/iesagustiserra\/wp-content\/uploads\/usu1681\/2021\/11\/Arts-Grafiques-CFGM-2n-Preimpresssio-digital-_tarda_2.jpg\" class=\"attachment-full size-full\" alt=\"Acte de graduaci\u00f3 CFGM 2n Preimpresssi\u00f3 Digital (tarda), Institut Agust\u00ed Serra i Fontanet de Sabadell\" srcset=\"https:\/\/agora.xtec.cat\/iesagustiserra\/wp-content\/uploads\/usu1681\/2021\/11\/Arts-Grafiques-CFGM-2n-Preimpresssio-digital-_tarda_2.jpg 800w, https:\/\/agora.xtec.cat\/iesagustiserra\/wp-content\/uploads\/usu1681\/2021\/11\/Arts-Grafiques-CFGM-2n-Preimpresssio-digital-_tarda_2-300x225.jpg 300w, https:\/\/agora.xtec.cat\/iesagustiserra\/wp-content\/uploads\/usu1681\/2021\/11\/Arts-Grafiques-CFGM-2n-Preimpresssio-digital-_tarda_2-768x576.jpg 768w, https:\/\/agora.xtec.cat\/iesagustiserra\/wp-content\/uploads\/usu1681\/2021\/11\/Arts-Grafiques-CFGM-2n-Preimpresssio-digital-_tarda_2-200x150.jpg 200w\" sizes=\"auto, (max-width: 800px) 100vw, 800px\" \/><\/a>\n\t\t\t<\/div><\/figure><figure class='gallery-item'>\n\t\t\t<div class='gallery-icon landscape'>\n\t\t\t\t<a href='https:\/\/agora.xtec.cat\/iesagustiserra\/portada\/acte-de-graduacio-cfgm-2n-preimpresssio-digital-tarda\/attachment\/arts-grafiques-cfgm-2n-preimpresssio-digital-_tarda_3\/'><img loading=\"lazy\" decoding=\"async\" width=\"800\" height=\"600\" src=\"https:\/\/agora.xtec.cat\/iesagustiserra\/wp-content\/uploads\/usu1681\/2021\/11\/Arts-Grafiques-CFGM-2n-Preimpresssio-digital-_tarda_3.jpg\" class=\"attachment-full size-full\" alt=\"Acte de graduaci\u00f3 CFGM 2n Preimpresssi\u00f3 Digital (tarda), Institut Agust\u00ed Serra i Fontanet de Sabadell\" srcset=\"https:\/\/agora.xtec.cat\/iesagustiserra\/wp-content\/uploads\/usu1681\/2021\/11\/Arts-Grafiques-CFGM-2n-Preimpresssio-digital-_tarda_3.jpg 800w, https:\/\/agora.xtec.cat\/iesagustiserra\/wp-content\/uploads\/usu1681\/2021\/11\/Arts-Grafiques-CFGM-2n-Preimpresssio-digital-_tarda_3-300x225.jpg 300w, https:\/\/agora.xtec.cat\/iesagustiserra\/wp-content\/uploads\/usu1681\/2021\/11\/Arts-Grafiques-CFGM-2n-Preimpresssio-digital-_tarda_3-768x576.jpg 768w, https:\/\/agora.xtec.cat\/iesagustiserra\/wp-content\/uploads\/usu1681\/2021\/11\/Arts-Grafiques-CFGM-2n-Preimpresssio-digital-_tarda_3-200x150.jpg 200w\" sizes=\"auto, (max-width: 800px) 100vw, 800px\" \/><\/a>\n\t\t\t<\/div><\/figure><figure class='gallery-item'>\n\t\t\t<div class='gallery-icon landscape'>\n\t\t\t\t<a href='https:\/\/agora.xtec.cat\/iesagustiserra\/portada\/acte-de-graduacio-cfgm-2n-preimpresssio-digital-tarda\/attachment\/arts-grafiques-cfgm-2n-preimpresssio-digital-_tarda_4-2\/'><img loading=\"lazy\" decoding=\"async\" width=\"800\" height=\"600\" src=\"https:\/\/agora.xtec.cat\/iesagustiserra\/wp-content\/uploads\/usu1681\/2021\/11\/Arts-Grafiques-CFGM-2n-Preimpresssio-digital-_tarda_4-1.jpg\" class=\"attachment-full size-full\" alt=\"Acte de graduaci\u00f3 CFGM 2n Preimpresssi\u00f3 Digital (tarda), Institut Agust\u00ed Serra i Fontanet de Sabadell\" srcset=\"https:\/\/agora.xtec.cat\/iesagustiserra\/wp-content\/uploads\/usu1681\/2021\/11\/Arts-Grafiques-CFGM-2n-Preimpresssio-digital-_tarda_4-1.jpg 800w, https:\/\/agora.xtec.cat\/iesagustiserra\/wp-content\/uploads\/usu1681\/2021\/11\/Arts-Grafiques-CFGM-2n-Preimpresssio-digital-_tarda_4-1-300x225.jpg 300w, https:\/\/agora.xtec.cat\/iesagustiserra\/wp-content\/uploads\/usu1681\/2021\/11\/Arts-Grafiques-CFGM-2n-Preimpresssio-digital-_tarda_4-1-768x576.jpg 768w, https:\/\/agora.xtec.cat\/iesagustiserra\/wp-content\/uploads\/usu1681\/2021\/11\/Arts-Grafiques-CFGM-2n-Preimpresssio-digital-_tarda_4-1-200x150.jpg 200w\" sizes=\"auto, (max-width: 800px) 100vw, 800px\" \/><\/a>\n\t\t\t<\/div><\/figure>\n\t\t<\/div>\n\n","protected":false},"excerpt":{"rendered":"<p>El dia 14 de juny es va celebrar l&#8217;acte de graduaci\u00f3 de l&#8217;alumnat del cicle formatiu de\u00a0Grau mitj\u00e0 de Preimpressi\u00f3 digital (tarda).<\/p>\n","protected":false},"author":1,"featured_media":12273,"comment_status":"open","ping_status":"closed","sticky":false,"template":"","format":"standard","meta":{"site-sidebar-layout":"default","site-content-layout":"","ast-site-content-layout":"","site-content-style":"default","site-sidebar-style":"default","ast-global-header-display":"","ast-banner-title-visibility":"","ast-main-header-display":"","ast-hfb-above-header-display":"","ast-hfb-below-header-display":"","ast-hfb-mobile-header-display":"","site-post-title":"","ast-breadcrumbs-content":"","ast-featured-img":"","footer-sml-layout":"","theme-transparent-header-meta":"","adv-header-id-meta":"","stick-header-meta":"","header-above-stick-meta":"","header-main-stick-meta":"","header-below-stick-meta":"","astra-migrate-meta-layouts":"default","ast-page-background-enabled":"default","ast-page-background-meta":{"desktop":{"background-color":"var(--ast-global-color-4)","background-image":"","background-repeat":"repeat","background-position":"center center","background-size":"auto","background-attachment":"scroll","background-type":"","background-media":"","overlay-type":"","overlay-color":"","overlay-opacity":"","overlay-gradient":""},"tablet":{"background-color":"","background-image":"","background-repeat":"repeat","background-position":"center center","background-size":"auto","background-attachment":"scroll","background-type":"","background-media":"","overlay-type":"","overlay-color":"","overlay-opacity":"","overlay-gradient":""},"mobile":{"background-color":"","background-image":"","background-repeat":"repeat","background-position":"center center","background-size":"auto","background-attachment":"scroll","background-type":"","background-media":"","overlay-type":"","overlay-color":"","overlay-opacity":"","overlay-gradient":""}},"ast-content-background-meta":{"desktop":{"background-color":"var(--ast-global-color-5)","background-image":"","background-repeat":"repeat","background-position":"center center","background-size":"auto","background-attachment":"scroll","background-type":"","background-media":"","overlay-type":"","overlay-color":"","overlay-opacity":"","overlay-gradient":""},"tablet":{"background-color":"var(--ast-global-color-5)","background-image":"","background-repeat":"repeat","background-position":"center center","background-size":"auto","background-attachment":"scroll","background-type":"","background-media":"","overlay-type":"","overlay-color":"","overlay-opacity":"","overlay-gradient":""},"mobile":{"background-color":"var(--ast-global-color-5)","background-image":"","background-repeat":"repeat","background-position":"center center","background-size":"auto","background-attachment":"scroll","background-type":"","background-media":"","overlay-type":"","overlay-color":"","overlay-opacity":"","overlay-gradient":""}},"footnotes":""},"categories":[238,29],"tags":[503,261,221,370,216,537],"class_list":["post-12267","post","type-post","status-publish","format-standard","has-post-thumbnail","hentry","category-arts-grafiques","category-portada","tag-acte-de-graduacio","tag-arts-grafiques","tag-cicles-formatius","tag-curs-20-21","tag-fp-dual","tag-preimpressio-digital"],"post_mailing_queue_ids":[],"_links":{"self":[{"href":"https:\/\/agora.xtec.cat\/iesagustiserra\/wp-json\/wp\/v2\/posts\/12267","targetHints":{"allow":["GET"]}}],"collection":[{"href":"https:\/\/agora.xtec.cat\/iesagustiserra\/wp-json\/wp\/v2\/posts"}],"about":[{"href":"https:\/\/agora.xtec.cat\/iesagustiserra\/wp-json\/wp\/v2\/types\/post"}],"author":[{"embeddable":true,"href":"https:\/\/agora.xtec.cat\/iesagustiserra\/wp-json\/wp\/v2\/users\/1"}],"replies":[{"embeddable":true,"href":"https:\/\/agora.xtec.cat\/iesagustiserra\/wp-json\/wp\/v2\/comments?post=12267"}],"version-history":[{"count":3,"href":"https:\/\/agora.xtec.cat\/iesagustiserra\/wp-json\/wp\/v2\/posts\/12267\/revisions"}],"predecessor-version":[{"id":12317,"href":"https:\/\/agora.xtec.cat\/iesagustiserra\/wp-json\/wp\/v2\/posts\/12267\/revisions\/12317"}],"wp:featuredmedia":[{"embeddable":true,"href":"https:\/\/agora.xtec.cat\/iesagustiserra\/wp-json\/wp\/v2\/media\/12273"}],"wp:attachment":[{"href":"https:\/\/agora.xtec.cat\/iesagustiserra\/wp-json\/wp\/v2\/media?parent=12267"}],"wp:term":[{"taxonomy":"category","embeddable":true,"href":"https:\/\/agora.xtec.cat\/iesagustiserra\/wp-json\/wp\/v2\/categories?post=12267"},{"taxonomy":"post_tag","embeddable":true,"href":"https:\/\/agora.xtec.cat\/iesagustiserra\/wp-json\/wp\/v2\/tags?post=12267"}],"curies":[{"name":"wp","href":"https:\/\/api.w.org\/{rel}","templated":true}]}}