{"id":12231,"date":"2021-11-01T21:20:23","date_gmt":"2021-11-01T20:20:23","guid":{"rendered":"https:\/\/agora.xtec.cat\/iesagustiserra\/?p=12231"},"modified":"2021-11-03T10:58:59","modified_gmt":"2021-11-03T09:58:59","slug":"alumnes-de-lagusti-serra-visiten-la-central-hidroelectrica-de-rialb","status":"publish","type":"post","link":"https:\/\/agora.xtec.cat\/iesagustiserra\/general\/alumnes-de-lagusti-serra-visiten-la-central-hidroelectrica-de-rialb\/","title":{"rendered":"Visita a la central hidroel\u00e8ctrica de Rialb"},"content":{"rendered":"<p>Els alumnes del cicle de grau mig el\u00e8ctric i del batxillerat t\u00e8cnic i cient\u00edfic han realitzat una sortida al pant\u00e0 de\u00a0Rialb.<\/p>\n<p>Han pogut realitzar una visita guiada a la central hidroel\u00e8ctrica on han vist tot el proc\u00e9s per a crear energia a trav\u00e9s de la pressi\u00f3 de l&#8217;aigua.<\/p>\n<p>All\u00ed mateix es troba una subestaci\u00f3 per a transformar aquesta energia i que circuli per l\u00ednies d&#8217;alta tensi\u00f3.<\/p>\n<figure id=\"attachment_12232\" aria-describedby=\"caption-attachment-12232\" style=\"width: 1024px\" class=\"wp-caption aligncenter\"><a href=\"https:\/\/agora.xtec.cat\/iesagustiserra\/wp-content\/uploads\/usu1681\/2021\/11\/20211028_12392-scaled.jpg\"><img loading=\"lazy\" decoding=\"async\" class=\"size-large wp-image-12232\" src=\"https:\/\/agora.xtec.cat\/iesagustiserra\/wp-content\/uploads\/usu1681\/2021\/11\/20211028_12392-1024x768.jpg\" alt=\"Alumnes del Agust\u00ed Serra a la central hidroel\u00e8ctrica de Rialb\" width=\"1024\" height=\"768\" srcset=\"https:\/\/agora.xtec.cat\/iesagustiserra\/wp-content\/uploads\/usu1681\/2021\/11\/20211028_12392-1024x768.jpg 1024w, https:\/\/agora.xtec.cat\/iesagustiserra\/wp-content\/uploads\/usu1681\/2021\/11\/20211028_12392-300x225.jpg 300w, https:\/\/agora.xtec.cat\/iesagustiserra\/wp-content\/uploads\/usu1681\/2021\/11\/20211028_12392-768x576.jpg 768w, https:\/\/agora.xtec.cat\/iesagustiserra\/wp-content\/uploads\/usu1681\/2021\/11\/20211028_12392-1536x1152.jpg 1536w, https:\/\/agora.xtec.cat\/iesagustiserra\/wp-content\/uploads\/usu1681\/2021\/11\/20211028_12392-2048x1536.jpg 2048w, https:\/\/agora.xtec.cat\/iesagustiserra\/wp-content\/uploads\/usu1681\/2021\/11\/20211028_12392-200x150.jpg 200w\" sizes=\"auto, (max-width: 1024px) 100vw, 1024px\" \/><\/a><figcaption id=\"caption-attachment-12232\" class=\"wp-caption-text\">Alumnes del Agust\u00ed Serra a la central hidroel\u00e8ctrica de Rialb<\/figcaption><\/figure>\n<p>&nbsp;<\/p>\n<figure id=\"attachment_12239\" aria-describedby=\"caption-attachment-12239\" style=\"width: 1024px\" class=\"wp-caption aligncenter\"><a href=\"https:\/\/agora.xtec.cat\/iesagustiserra\/wp-content\/uploads\/usu1681\/2021\/11\/20211028_115950r1-scaled.jpg\"><img loading=\"lazy\" decoding=\"async\" class=\"size-large wp-image-12239\" src=\"https:\/\/agora.xtec.cat\/iesagustiserra\/wp-content\/uploads\/usu1681\/2021\/11\/20211028_115950r1-1024x768.jpg\" alt=\"Vista aerea del pant\u00e0 de Rialb\" width=\"1024\" height=\"768\" srcset=\"https:\/\/agora.xtec.cat\/iesagustiserra\/wp-content\/uploads\/usu1681\/2021\/11\/20211028_115950r1-1024x768.jpg 1024w, https:\/\/agora.xtec.cat\/iesagustiserra\/wp-content\/uploads\/usu1681\/2021\/11\/20211028_115950r1-300x225.jpg 300w, https:\/\/agora.xtec.cat\/iesagustiserra\/wp-content\/uploads\/usu1681\/2021\/11\/20211028_115950r1-768x576.jpg 768w, https:\/\/agora.xtec.cat\/iesagustiserra\/wp-content\/uploads\/usu1681\/2021\/11\/20211028_115950r1-1536x1152.jpg 1536w, https:\/\/agora.xtec.cat\/iesagustiserra\/wp-content\/uploads\/usu1681\/2021\/11\/20211028_115950r1-2048x1536.jpg 2048w, https:\/\/agora.xtec.cat\/iesagustiserra\/wp-content\/uploads\/usu1681\/2021\/11\/20211028_115950r1-200x150.jpg 200w\" sizes=\"auto, (max-width: 1024px) 100vw, 1024px\" \/><\/a><figcaption id=\"caption-attachment-12239\" class=\"wp-caption-text\">Vista a\u00e8ria del pant\u00e0 de Rialb<\/figcaption><\/figure>\n<p>&nbsp;<\/p>\n<p>Podeu veure un tour de la visita en aquest enlla\u00e7:<\/p>\n<p><a href=\"https:\/\/agora.xtec.cat\/iesagustiserra\/wp-content\/uploads\/usu1681\/2021\/11\/VISITA-PANTA-DE-RIALB-compressed.pdf\">VISITA PANT\u00c0 DE RIALB<\/a><\/p>\n","protected":false},"excerpt":{"rendered":"<p>Els alumnes del cicle de grau mig el\u00e8ctric i del batxillerat t\u00e8cnic i cient\u00edfic han realitzat una sortida al pant\u00e0 [&hellip;]<\/p>\n","protected":false},"author":24,"featured_media":12239,"comment_status":"open","ping_status":"closed","sticky":false,"template":"","format":"standard","meta":{"site-sidebar-layout":"default","site-content-layout":"","ast-site-content-layout":"","site-content-style":"default","site-sidebar-style":"default","ast-global-header-display":"","ast-banner-title-visibility":"","ast-main-header-display":"","ast-hfb-above-header-display":"","ast-hfb-below-header-display":"","ast-hfb-mobile-header-display":"","site-post-title":"","ast-breadcrumbs-content":"","ast-featured-img":"","footer-sml-layout":"","theme-transparent-header-meta":"","adv-header-id-meta":"","stick-header-meta":"","header-above-stick-meta":"","header-main-stick-meta":"","header-below-stick-meta":"","astra-migrate-meta-layouts":"default","ast-page-background-enabled":"default","ast-page-background-meta":{"desktop":{"background-color":"var(--ast-global-color-4)","background-image":"","background-repeat":"repeat","background-position":"center center","background-size":"auto","background-attachment":"scroll","background-type":"","background-media":"","overlay-type":"","overlay-color":"","overlay-opacity":"","overlay-gradient":""},"tablet":{"background-color":"","background-image":"","background-repeat":"repeat","background-position":"center center","background-size":"auto","background-attachment":"scroll","background-type":"","background-media":"","overlay-type":"","overlay-color":"","overlay-opacity":"","overlay-gradient":""},"mobile":{"background-color":"","background-image":"","background-repeat":"repeat","background-position":"center center","background-size":"auto","background-attachment":"scroll","background-type":"","background-media":"","overlay-type":"","overlay-color":"","overlay-opacity":"","overlay-gradient":""}},"ast-content-background-meta":{"desktop":{"background-color":"var(--ast-global-color-5)","background-image":"","background-repeat":"repeat","background-position":"center center","background-size":"auto","background-attachment":"scroll","background-type":"","background-media":"","overlay-type":"","overlay-color":"","overlay-opacity":"","overlay-gradient":""},"tablet":{"background-color":"var(--ast-global-color-5)","background-image":"","background-repeat":"repeat","background-position":"center center","background-size":"auto","background-attachment":"scroll","background-type":"","background-media":"","overlay-type":"","overlay-color":"","overlay-opacity":"","overlay-gradient":""},"mobile":{"background-color":"var(--ast-global-color-5)","background-image":"","background-repeat":"repeat","background-position":"center center","background-size":"auto","background-attachment":"scroll","background-type":"","background-media":"","overlay-type":"","overlay-color":"","overlay-opacity":"","overlay-gradient":""}},"footnotes":""},"categories":[8,30,239,1,181,29],"tags":[221,441,339],"class_list":["post-12231","post","type-post","status-publish","format-standard","has-post-thumbnail","hentry","category-batxillerat","category-cicles-formatius","category-electricitat_i_electronica","category-general","category-medi-ambient","category-portada","tag-cicles-formatius","tag-curs-21-22","tag-electricitat-i-electronica"],"post_mailing_queue_ids":[],"_links":{"self":[{"href":"https:\/\/agora.xtec.cat\/iesagustiserra\/wp-json\/wp\/v2\/posts\/12231","targetHints":{"allow":["GET"]}}],"collection":[{"href":"https:\/\/agora.xtec.cat\/iesagustiserra\/wp-json\/wp\/v2\/posts"}],"about":[{"href":"https:\/\/agora.xtec.cat\/iesagustiserra\/wp-json\/wp\/v2\/types\/post"}],"author":[{"embeddable":true,"href":"https:\/\/agora.xtec.cat\/iesagustiserra\/wp-json\/wp\/v2\/users\/24"}],"replies":[{"embeddable":true,"href":"https:\/\/agora.xtec.cat\/iesagustiserra\/wp-json\/wp\/v2\/comments?post=12231"}],"version-history":[{"count":3,"href":"https:\/\/agora.xtec.cat\/iesagustiserra\/wp-json\/wp\/v2\/posts\/12231\/revisions"}],"predecessor-version":[{"id":12256,"href":"https:\/\/agora.xtec.cat\/iesagustiserra\/wp-json\/wp\/v2\/posts\/12231\/revisions\/12256"}],"wp:featuredmedia":[{"embeddable":true,"href":"https:\/\/agora.xtec.cat\/iesagustiserra\/wp-json\/wp\/v2\/media\/12239"}],"wp:attachment":[{"href":"https:\/\/agora.xtec.cat\/iesagustiserra\/wp-json\/wp\/v2\/media?parent=12231"}],"wp:term":[{"taxonomy":"category","embeddable":true,"href":"https:\/\/agora.xtec.cat\/iesagustiserra\/wp-json\/wp\/v2\/categories?post=12231"},{"taxonomy":"post_tag","embeddable":true,"href":"https:\/\/agora.xtec.cat\/iesagustiserra\/wp-json\/wp\/v2\/tags?post=12231"}],"curies":[{"name":"wp","href":"https:\/\/api.w.org\/{rel}","templated":true}]}}