{"id":10202,"date":"2021-04-28T15:58:03","date_gmt":"2021-04-28T13:58:03","guid":{"rendered":"https:\/\/agora.xtec.cat\/iesagustiserra\/?p=10202"},"modified":"2021-04-28T20:17:19","modified_gmt":"2021-04-28T18:17:19","slug":"els-cicles-delectrics-i-de-robotica-canvien-a-dual","status":"publish","type":"post","link":"https:\/\/agora.xtec.cat\/iesagustiserra\/portada\/els-cicles-delectrics-i-de-robotica-canvien-a-dual\/","title":{"rendered":"Els cicles d&#8217;el\u00e8ctrics i de rob\u00f2tica canvien a DUAL"},"content":{"rendered":"<p style=\"text-align: justify;\"><a href=\"https:\/\/agora.xtec.cat\/iesagustiserra\/wp-content\/uploads\/usu1681\/2021\/04\/electrics.jpg\"><img loading=\"lazy\" decoding=\"async\" class=\"aligncenter size-large wp-image-10203\" src=\"https:\/\/agora.xtec.cat\/iesagustiserra\/wp-content\/uploads\/usu1681\/2021\/04\/electrics-1024x681.jpg\" alt=\"\" width=\"1024\" height=\"681\" srcset=\"https:\/\/agora.xtec.cat\/iesagustiserra\/wp-content\/uploads\/usu1681\/2021\/04\/electrics-1024x681.jpg 1024w, https:\/\/agora.xtec.cat\/iesagustiserra\/wp-content\/uploads\/usu1681\/2021\/04\/electrics-300x200.jpg 300w, https:\/\/agora.xtec.cat\/iesagustiserra\/wp-content\/uploads\/usu1681\/2021\/04\/electrics-768x511.jpg 768w, https:\/\/agora.xtec.cat\/iesagustiserra\/wp-content\/uploads\/usu1681\/2021\/04\/electrics.jpg 1030w\" sizes=\"auto, (max-width: 1024px) 100vw, 1024px\" \/><\/a>El cicle de Grau Mitj\u00e0 d&#8217;Instal\u00b7lacions\u00a0El\u00e8ctriques\u00a0i el Grau Superior comen\u00e7aren en FP DUAL el curs 2021\/2022.<\/p>\n<p style=\"text-align: justify;\">La Formaci\u00f3 Professional (FP) dual \u00e9s la modalitat de formaci\u00f3 professional en la qual l&#8217;estudiant esdev\u00e9 aprenent i combina la formaci\u00f3 en el centre educatiu amb l&#8217;activitat a l&#8217;empresa.<\/p>\n<p style=\"text-align: justify;\">Per a mes informaci\u00f3 de l&#8217;FP DUAL:<\/p>\n<p><a href=\"https:\/\/agora.xtec.cat\/fpdual\/\">https:\/\/agora.xtec.cat\/fpdual\/<\/a><\/p>\n","protected":false},"excerpt":{"rendered":"<p>El cicle de Grau Mitj\u00e0 d&#8217;Instal\u00b7lacions\u00a0El\u00e8ctriques\u00a0i el Grau Superior comen\u00e7aren en FP DUAL el curs 2021\/2022. La Formaci\u00f3 Professional (FP) [&hellip;]<\/p>\n","protected":false},"author":24,"featured_media":10203,"comment_status":"open","ping_status":"closed","sticky":false,"template":"","format":"standard","meta":{"site-sidebar-layout":"default","site-content-layout":"","ast-site-content-layout":"","site-content-style":"default","site-sidebar-style":"default","ast-global-header-display":"","ast-banner-title-visibility":"","ast-main-header-display":"","ast-hfb-above-header-display":"","ast-hfb-below-header-display":"","ast-hfb-mobile-header-display":"","site-post-title":"","ast-breadcrumbs-content":"","ast-featured-img":"","footer-sml-layout":"","theme-transparent-header-meta":"","adv-header-id-meta":"","stick-header-meta":"","header-above-stick-meta":"","header-main-stick-meta":"","header-below-stick-meta":"","astra-migrate-meta-layouts":"default","ast-page-background-enabled":"default","ast-page-background-meta":{"desktop":{"background-color":"var(--ast-global-color-4)","background-image":"","background-repeat":"repeat","background-position":"center center","background-size":"auto","background-attachment":"scroll","background-type":"","background-media":"","overlay-type":"","overlay-color":"","overlay-opacity":"","overlay-gradient":""},"tablet":{"background-color":"","background-image":"","background-repeat":"repeat","background-position":"center center","background-size":"auto","background-attachment":"scroll","background-type":"","background-media":"","overlay-type":"","overlay-color":"","overlay-opacity":"","overlay-gradient":""},"mobile":{"background-color":"","background-image":"","background-repeat":"repeat","background-position":"center center","background-size":"auto","background-attachment":"scroll","background-type":"","background-media":"","overlay-type":"","overlay-color":"","overlay-opacity":"","overlay-gradient":""}},"ast-content-background-meta":{"desktop":{"background-color":"var(--ast-global-color-5)","background-image":"","background-repeat":"repeat","background-position":"center center","background-size":"auto","background-attachment":"scroll","background-type":"","background-media":"","overlay-type":"","overlay-color":"","overlay-opacity":"","overlay-gradient":""},"tablet":{"background-color":"var(--ast-global-color-5)","background-image":"","background-repeat":"repeat","background-position":"center center","background-size":"auto","background-attachment":"scroll","background-type":"","background-media":"","overlay-type":"","overlay-color":"","overlay-opacity":"","overlay-gradient":""},"mobile":{"background-color":"var(--ast-global-color-5)","background-image":"","background-repeat":"repeat","background-position":"center center","background-size":"auto","background-attachment":"scroll","background-type":"","background-media":"","overlay-type":"","overlay-color":"","overlay-opacity":"","overlay-gradient":""}},"footnotes":""},"categories":[30,239,173,29],"tags":[],"class_list":["post-10202","post","type-post","status-publish","format-standard","has-post-thumbnail","hentry","category-cicles-formatius","category-electricitat_i_electronica","category-fp-dual","category-portada"],"post_mailing_queue_ids":[],"_links":{"self":[{"href":"https:\/\/agora.xtec.cat\/iesagustiserra\/wp-json\/wp\/v2\/posts\/10202","targetHints":{"allow":["GET"]}}],"collection":[{"href":"https:\/\/agora.xtec.cat\/iesagustiserra\/wp-json\/wp\/v2\/posts"}],"about":[{"href":"https:\/\/agora.xtec.cat\/iesagustiserra\/wp-json\/wp\/v2\/types\/post"}],"author":[{"embeddable":true,"href":"https:\/\/agora.xtec.cat\/iesagustiserra\/wp-json\/wp\/v2\/users\/24"}],"replies":[{"embeddable":true,"href":"https:\/\/agora.xtec.cat\/iesagustiserra\/wp-json\/wp\/v2\/comments?post=10202"}],"version-history":[{"count":4,"href":"https:\/\/agora.xtec.cat\/iesagustiserra\/wp-json\/wp\/v2\/posts\/10202\/revisions"}],"predecessor-version":[{"id":10218,"href":"https:\/\/agora.xtec.cat\/iesagustiserra\/wp-json\/wp\/v2\/posts\/10202\/revisions\/10218"}],"wp:featuredmedia":[{"embeddable":true,"href":"https:\/\/agora.xtec.cat\/iesagustiserra\/wp-json\/wp\/v2\/media\/10203"}],"wp:attachment":[{"href":"https:\/\/agora.xtec.cat\/iesagustiserra\/wp-json\/wp\/v2\/media?parent=10202"}],"wp:term":[{"taxonomy":"category","embeddable":true,"href":"https:\/\/agora.xtec.cat\/iesagustiserra\/wp-json\/wp\/v2\/categories?post=10202"},{"taxonomy":"post_tag","embeddable":true,"href":"https:\/\/agora.xtec.cat\/iesagustiserra\/wp-json\/wp\/v2\/tags?post=10202"}],"curies":[{"name":"wp","href":"https:\/\/api.w.org\/{rel}","templated":true}]}}