{"id":9765,"date":"2026-02-23T10:49:36","date_gmt":"2026-02-23T09:49:36","guid":{"rendered":"https:\/\/agora.xtec.cat\/iesacumella\/?p=9765"},"modified":"2026-04-23T09:12:23","modified_gmt":"2026-04-23T07:12:23","slug":"concurs-de-fotografia-matematica-2026","status":"publish","type":"post","link":"https:\/\/agora.xtec.cat\/iesacumella\/portada\/general\/concurs-de-fotografia-matematica-2026\/","title":{"rendered":"Concurs de fotografia matem\u00e0tica 2026"},"content":{"rendered":"<p dir=\"ltr\" style=\"text-align: justify\">L&#8217;equip docent del Departament de Matem\u00e0tiques us convida a participar en el <strong>Concurs de Fotografia Matem\u00e0tica<\/strong> d\u2019enguany. El concurs s&#8217;adre\u00e7a a l\u2019alumnat del centre, al professorat i al PAS, i estar\u00e0 obert fins al\u00a0<strong>20 de mar\u00e7 de 2026<\/strong>.<\/p>\n<p dir=\"ltr\" style=\"text-align: justify\">Us fem arribar el cartell amb les bases del concurs, que tamb\u00e9 estan exposades al vest\u00edbul. El lliurament de premis tindr\u00e0 lloc el 23 d&#8217;abril, coincidint amb la diada de Sant Jordi.<br \/>\nNo deixeu passar l\u2019oportunitat: animeu-vos a participar-hi!<\/p>\n<p dir=\"ltr\"><a href=\"https:\/\/agora.xtec.cat\/iesacumella\/wp-content\/uploads\/usu1642\/2026\/02\/Cartell-i-bases-concurs-fotografia-2026_page-0001.jpg\"><img loading=\"lazy\" decoding=\"async\" class=\"size-large wp-image-9766 aligncenter\" src=\"https:\/\/agora.xtec.cat\/iesacumella\/wp-content\/uploads\/usu1642\/2026\/02\/Cartell-i-bases-concurs-fotografia-2026_page-0001-724x1024.jpg\" alt=\"\" width=\"724\" height=\"1024\" srcset=\"https:\/\/agora.xtec.cat\/iesacumella\/wp-content\/uploads\/usu1642\/2026\/02\/Cartell-i-bases-concurs-fotografia-2026_page-0001-724x1024.jpg 724w, https:\/\/agora.xtec.cat\/iesacumella\/wp-content\/uploads\/usu1642\/2026\/02\/Cartell-i-bases-concurs-fotografia-2026_page-0001-212x300.jpg 212w, https:\/\/agora.xtec.cat\/iesacumella\/wp-content\/uploads\/usu1642\/2026\/02\/Cartell-i-bases-concurs-fotografia-2026_page-0001-768x1086.jpg 768w, https:\/\/agora.xtec.cat\/iesacumella\/wp-content\/uploads\/usu1642\/2026\/02\/Cartell-i-bases-concurs-fotografia-2026_page-0001-1087x1536.jpg 1087w, https:\/\/agora.xtec.cat\/iesacumella\/wp-content\/uploads\/usu1642\/2026\/02\/Cartell-i-bases-concurs-fotografia-2026_page-0001-1449x2048.jpg 1449w, https:\/\/agora.xtec.cat\/iesacumella\/wp-content\/uploads\/usu1642\/2026\/02\/Cartell-i-bases-concurs-fotografia-2026_page-0001.jpg 1756w\" sizes=\"auto, (max-width: 724px) 100vw, 724px\" \/><\/a><\/p>\n","protected":false},"excerpt":{"rendered":"<p>L&#8217;equip docent del Departament de Matem\u00e0tiques us convida a participar en el Concurs de Fotografia Matem\u00e0tica d\u2019enguany. El concurs s&#8217;adre\u00e7a a l\u2019alumnat del centre, al professorat i al PAS, i estar\u00e0 obert fins al\u00a020 de mar\u00e7 de 2026.<br \/>\nUs fem arribar el cartell amb les bases&hellip;  <a href=\"https:\/\/agora.xtec.cat\/iesacumella\/portada\/general\/concurs-de-fotografia-matematica-2026\/\" title=\"Read Concurs de fotografia matem\u00e0tica 2026\">Llegeix m\u00e9s\u00bb<\/a><\/p>\n","protected":false},"author":18,"featured_media":0,"comment_status":"closed","ping_status":"open","sticky":false,"template":"","format":"standard","meta":{"_bbp_topic_count":0,"_bbp_reply_count":0,"_bbp_total_topic_count":0,"_bbp_total_reply_count":0,"_bbp_voice_count":0,"_bbp_anonymous_reply_count":0,"_bbp_topic_count_hidden":0,"_bbp_reply_count_hidden":0,"_bbp_forum_subforum_count":0,"footnotes":""},"categories":[197,3,1,114],"tags":[],"class_list":["post-9765","post","type-post","status-publish","format-standard","hentry","category-curs-2025-2026","category-eso","category-general","category-matematiques"],"post_mailing_queue_ids":[],"_links":{"self":[{"href":"https:\/\/agora.xtec.cat\/iesacumella\/wp-json\/wp\/v2\/posts\/9765","targetHints":{"allow":["GET"]}}],"collection":[{"href":"https:\/\/agora.xtec.cat\/iesacumella\/wp-json\/wp\/v2\/posts"}],"about":[{"href":"https:\/\/agora.xtec.cat\/iesacumella\/wp-json\/wp\/v2\/types\/post"}],"author":[{"embeddable":true,"href":"https:\/\/agora.xtec.cat\/iesacumella\/wp-json\/wp\/v2\/users\/18"}],"replies":[{"embeddable":true,"href":"https:\/\/agora.xtec.cat\/iesacumella\/wp-json\/wp\/v2\/comments?post=9765"}],"version-history":[{"count":2,"href":"https:\/\/agora.xtec.cat\/iesacumella\/wp-json\/wp\/v2\/posts\/9765\/revisions"}],"predecessor-version":[{"id":9909,"href":"https:\/\/agora.xtec.cat\/iesacumella\/wp-json\/wp\/v2\/posts\/9765\/revisions\/9909"}],"wp:attachment":[{"href":"https:\/\/agora.xtec.cat\/iesacumella\/wp-json\/wp\/v2\/media?parent=9765"}],"wp:term":[{"taxonomy":"category","embeddable":true,"href":"https:\/\/agora.xtec.cat\/iesacumella\/wp-json\/wp\/v2\/categories?post=9765"},{"taxonomy":"post_tag","embeddable":true,"href":"https:\/\/agora.xtec.cat\/iesacumella\/wp-json\/wp\/v2\/tags?post=9765"}],"curies":[{"name":"wp","href":"https:\/\/api.w.org\/{rel}","templated":true}]}}