{"id":9760,"date":"2026-02-23T10:43:18","date_gmt":"2026-02-23T09:43:18","guid":{"rendered":"https:\/\/agora.xtec.cat\/iesacumella\/?p=9760"},"modified":"2026-04-23T09:13:18","modified_gmt":"2026-04-23T07:13:18","slug":"visita-al-museu-de-les-matematiques","status":"publish","type":"post","link":"https:\/\/agora.xtec.cat\/iesacumella\/portada\/general\/visita-al-museu-de-les-matematiques\/","title":{"rendered":"Visita al Museu de les Matem\u00e0tiques"},"content":{"rendered":"<p style=\"text-align: justify\">El dilluns 2 de febrer, l\u2019alumnat de 2n d\u2019ESO va realitzar una sortida al <strong>Museu de les Matem\u00e0tiques de Catalunya<\/strong> (MMACA). L\u2019objectiu principal va ser <strong>desenvolupar el pensament matem\u00e0tic mitjan\u00e7ant la comprensi\u00f3, el raonament i l\u2019\u00fas d\u2019estrat\u00e8gies<\/strong>. Van fer un recorregut guiat pel museu, explorant m\u00f2duls interactius i resolent reptes matem\u00e0tics de manera pr\u00e0ctica i col\u00b7laborativa. L\u2019experi\u00e8ncia es va completar amb una <strong>gimcana matem\u00e0tica<\/strong> al Parc de Can Mercader, on van aplicar les <strong>matem\u00e0tiques a l&#8217;entorn real<\/strong>, va ser una activitat din\u00e0mica i enriquidora, molt ben valorada per l\u2019alumnat, que va aprendre divertint-se!<\/p>\n<p><a href=\"https:\/\/agora.xtec.cat\/iesacumella\/wp-content\/uploads\/usu1642\/2026\/02\/IMG_4795-rotated.jpeg\"><img loading=\"lazy\" decoding=\"async\" class=\"alignnone wp-image-9762\" src=\"https:\/\/agora.xtec.cat\/iesacumella\/wp-content\/uploads\/usu1642\/2026\/02\/IMG_4795-768x1024.jpeg\" alt=\"\" width=\"492\" height=\"656\" srcset=\"https:\/\/agora.xtec.cat\/iesacumella\/wp-content\/uploads\/usu1642\/2026\/02\/IMG_4795-768x1024.jpeg 768w, https:\/\/agora.xtec.cat\/iesacumella\/wp-content\/uploads\/usu1642\/2026\/02\/IMG_4795-225x300.jpeg 225w, https:\/\/agora.xtec.cat\/iesacumella\/wp-content\/uploads\/usu1642\/2026\/02\/IMG_4795-1152x1536.jpeg 1152w, https:\/\/agora.xtec.cat\/iesacumella\/wp-content\/uploads\/usu1642\/2026\/02\/IMG_4795-rotated.jpeg 1512w\" sizes=\"auto, (max-width: 492px) 100vw, 492px\" \/><\/a> <a href=\"https:\/\/agora.xtec.cat\/iesacumella\/wp-content\/uploads\/usu1642\/2026\/02\/IMG_4789.jpeg\"><img loading=\"lazy\" decoding=\"async\" class=\"alignnone wp-image-9763\" src=\"https:\/\/agora.xtec.cat\/iesacumella\/wp-content\/uploads\/usu1642\/2026\/02\/IMG_4789-728x1024.jpeg\" alt=\"\" width=\"468\" height=\"658\" srcset=\"https:\/\/agora.xtec.cat\/iesacumella\/wp-content\/uploads\/usu1642\/2026\/02\/IMG_4789-728x1024.jpeg 728w, https:\/\/agora.xtec.cat\/iesacumella\/wp-content\/uploads\/usu1642\/2026\/02\/IMG_4789-213x300.jpeg 213w, https:\/\/agora.xtec.cat\/iesacumella\/wp-content\/uploads\/usu1642\/2026\/02\/IMG_4789-768x1080.jpeg 768w, https:\/\/agora.xtec.cat\/iesacumella\/wp-content\/uploads\/usu1642\/2026\/02\/IMG_4789-1092x1536.jpeg 1092w, https:\/\/agora.xtec.cat\/iesacumella\/wp-content\/uploads\/usu1642\/2026\/02\/IMG_4789.jpeg 1229w\" sizes=\"auto, (max-width: 468px) 100vw, 468px\" \/><\/a><\/p>\n<p>&nbsp;<\/p>\n","protected":false},"excerpt":{"rendered":"<p>El dilluns 2 de febrer, l\u2019alumnat de 2n d\u2019ESO va realitzar una sortida al Museu de les Matem\u00e0tiques de Catalunya (MMACA). L\u2019objectiu principal va ser desenvolupar el pensament matem\u00e0tic mitjan\u00e7ant la comprensi\u00f3, el raonament i l\u2019\u00fas d\u2019estrat\u00e8gies. Van fer un recorregut guiat pel museu, explorant&hellip;  <a href=\"https:\/\/agora.xtec.cat\/iesacumella\/portada\/general\/visita-al-museu-de-les-matematiques\/\" title=\"Read Visita al Museu de les Matem\u00e0tiques\">Llegeix m\u00e9s\u00bb<\/a><\/p>\n","protected":false},"author":18,"featured_media":0,"comment_status":"closed","ping_status":"open","sticky":false,"template":"","format":"standard","meta":{"_bbp_topic_count":0,"_bbp_reply_count":0,"_bbp_total_topic_count":0,"_bbp_total_reply_count":0,"_bbp_voice_count":0,"_bbp_anonymous_reply_count":0,"_bbp_topic_count_hidden":0,"_bbp_reply_count_hidden":0,"_bbp_forum_subforum_count":0,"footnotes":""},"categories":[126,197,1,114],"tags":[],"class_list":["post-9760","post","type-post","status-publish","format-standard","hentry","category-2n-eso","category-curs-2025-2026","category-general","category-matematiques"],"post_mailing_queue_ids":[],"_links":{"self":[{"href":"https:\/\/agora.xtec.cat\/iesacumella\/wp-json\/wp\/v2\/posts\/9760","targetHints":{"allow":["GET"]}}],"collection":[{"href":"https:\/\/agora.xtec.cat\/iesacumella\/wp-json\/wp\/v2\/posts"}],"about":[{"href":"https:\/\/agora.xtec.cat\/iesacumella\/wp-json\/wp\/v2\/types\/post"}],"author":[{"embeddable":true,"href":"https:\/\/agora.xtec.cat\/iesacumella\/wp-json\/wp\/v2\/users\/18"}],"replies":[{"embeddable":true,"href":"https:\/\/agora.xtec.cat\/iesacumella\/wp-json\/wp\/v2\/comments?post=9760"}],"version-history":[{"count":2,"href":"https:\/\/agora.xtec.cat\/iesacumella\/wp-json\/wp\/v2\/posts\/9760\/revisions"}],"predecessor-version":[{"id":9910,"href":"https:\/\/agora.xtec.cat\/iesacumella\/wp-json\/wp\/v2\/posts\/9760\/revisions\/9910"}],"wp:attachment":[{"href":"https:\/\/agora.xtec.cat\/iesacumella\/wp-json\/wp\/v2\/media?parent=9760"}],"wp:term":[{"taxonomy":"category","embeddable":true,"href":"https:\/\/agora.xtec.cat\/iesacumella\/wp-json\/wp\/v2\/categories?post=9760"},{"taxonomy":"post_tag","embeddable":true,"href":"https:\/\/agora.xtec.cat\/iesacumella\/wp-json\/wp\/v2\/tags?post=9760"}],"curies":[{"name":"wp","href":"https:\/\/api.w.org\/{rel}","templated":true}]}}