{"id":9748,"date":"2026-02-16T11:44:05","date_gmt":"2026-02-16T10:44:05","guid":{"rendered":"https:\/\/agora.xtec.cat\/iesacumella\/?p=9748"},"modified":"2026-02-16T11:44:05","modified_gmt":"2026-02-16T10:44:05","slug":"jornada-de-portes-obertes-2","status":"publish","type":"post","link":"https:\/\/agora.xtec.cat\/iesacumella\/portada\/general\/jornada-de-portes-obertes-2\/","title":{"rendered":"Jornada de portes obertes"},"content":{"rendered":"<p>El pr\u00f2xim dissabte 21 de febrer celebrarem la Jornada de Portes Obertes de l\u2019Educaci\u00f3 Secund\u00e0ria Obligat\u00f2ria, i el 21 de mar\u00e7 la de Batxillerat.<br \/>\nEn dos torns us presentarem el projecte educatiu i organitzatiu del centre i podreu visitar les instal\u00b7lacions on podreu veure mostres de projectes del centre i programes d\u2019innovaci\u00f3.<br \/>\nUs hi esperem!<\/p>\n<p><a href=\"https:\/\/agora.xtec.cat\/iesacumella\/wp-content\/uploads\/usu1642\/2026\/02\/Portes-Obertes-1-1.png\"><img loading=\"lazy\" decoding=\"async\" class=\"alignnone size-full wp-image-9749\" src=\"https:\/\/agora.xtec.cat\/iesacumella\/wp-content\/uploads\/usu1642\/2026\/02\/Portes-Obertes-1-1.png\" alt=\"\" width=\"1020\" height=\"765\" srcset=\"https:\/\/agora.xtec.cat\/iesacumella\/wp-content\/uploads\/usu1642\/2026\/02\/Portes-Obertes-1-1.png 1020w, https:\/\/agora.xtec.cat\/iesacumella\/wp-content\/uploads\/usu1642\/2026\/02\/Portes-Obertes-1-1-300x225.png 300w, https:\/\/agora.xtec.cat\/iesacumella\/wp-content\/uploads\/usu1642\/2026\/02\/Portes-Obertes-1-1-768x576.png 768w, https:\/\/agora.xtec.cat\/iesacumella\/wp-content\/uploads\/usu1642\/2026\/02\/Portes-Obertes-1-1-200x150.png 200w\" sizes=\"auto, (max-width: 1020px) 100vw, 1020px\" \/><\/a><\/p>\n","protected":false},"excerpt":{"rendered":"<p>El pr\u00f2xim dissabte 21 de febrer celebrarem la Jornada de Portes Obertes de l\u2019Educaci\u00f3 Secund\u00e0ria Obligat\u00f2ria, i el 21 de mar\u00e7 la de Batxillerat.<br \/>\nEn dos torns us presentarem el projecte educatiu i organitzatiu del centre i podreu visitar les instal\u00b7lacions on podreu veure mostres de&hellip;  <a href=\"https:\/\/agora.xtec.cat\/iesacumella\/portada\/general\/jornada-de-portes-obertes-2\/\" title=\"Read Jornada de portes obertes\">Llegeix m\u00e9s\u00bb<\/a><\/p>\n","protected":false},"author":18,"featured_media":0,"comment_status":"closed","ping_status":"open","sticky":false,"template":"","format":"standard","meta":{"_bbp_topic_count":0,"_bbp_reply_count":0,"_bbp_total_topic_count":0,"_bbp_total_reply_count":0,"_bbp_voice_count":0,"_bbp_anonymous_reply_count":0,"_bbp_topic_count_hidden":0,"_bbp_reply_count_hidden":0,"_bbp_forum_subforum_count":0,"footnotes":""},"categories":[8,197,3,105,1],"tags":[],"class_list":["post-9748","post","type-post","status-publish","format-standard","hentry","category-batxillerat","category-curs-2025-2026","category-eso","category-estudis","category-general"],"post_mailing_queue_ids":[],"_links":{"self":[{"href":"https:\/\/agora.xtec.cat\/iesacumella\/wp-json\/wp\/v2\/posts\/9748","targetHints":{"allow":["GET"]}}],"collection":[{"href":"https:\/\/agora.xtec.cat\/iesacumella\/wp-json\/wp\/v2\/posts"}],"about":[{"href":"https:\/\/agora.xtec.cat\/iesacumella\/wp-json\/wp\/v2\/types\/post"}],"author":[{"embeddable":true,"href":"https:\/\/agora.xtec.cat\/iesacumella\/wp-json\/wp\/v2\/users\/18"}],"replies":[{"embeddable":true,"href":"https:\/\/agora.xtec.cat\/iesacumella\/wp-json\/wp\/v2\/comments?post=9748"}],"version-history":[{"count":1,"href":"https:\/\/agora.xtec.cat\/iesacumella\/wp-json\/wp\/v2\/posts\/9748\/revisions"}],"predecessor-version":[{"id":9750,"href":"https:\/\/agora.xtec.cat\/iesacumella\/wp-json\/wp\/v2\/posts\/9748\/revisions\/9750"}],"wp:attachment":[{"href":"https:\/\/agora.xtec.cat\/iesacumella\/wp-json\/wp\/v2\/media?parent=9748"}],"wp:term":[{"taxonomy":"category","embeddable":true,"href":"https:\/\/agora.xtec.cat\/iesacumella\/wp-json\/wp\/v2\/categories?post=9748"},{"taxonomy":"post_tag","embeddable":true,"href":"https:\/\/agora.xtec.cat\/iesacumella\/wp-json\/wp\/v2\/tags?post=9748"}],"curies":[{"name":"wp","href":"https:\/\/api.w.org\/{rel}","templated":true}]}}