{"id":9627,"date":"2025-06-27T11:58:14","date_gmt":"2025-06-27T09:58:14","guid":{"rendered":"https:\/\/agora.xtec.cat\/iesacumella\/?p=9627"},"modified":"2025-06-27T11:58:32","modified_gmt":"2025-06-27T09:58:32","slug":"tanquem-el-projecte-erasmus-24-25","status":"publish","type":"post","link":"https:\/\/agora.xtec.cat\/iesacumella\/portada\/general\/tanquem-el-projecte-erasmus-24-25\/","title":{"rendered":"Tanquem el projecte Erasmus 24-25"},"content":{"rendered":"<p>\ud83c\udf93\ud83c\udf0d Tanquem el projecte Erasmus del curs 24-25 amb un balan\u00e7 molt positiu! Amb el nostre objectiu anual de fomentar pr\u00e0ctiques educatives basades en la recerca per resoldre reptes reals de l&#8217;entorn, hem viscut un any ple d\u2019aprenentatges i experi\u00e8ncies internacionals amb els nostres projectes: \ud83c\udf0a <em>Blue Future: exploring water issues<\/em> i \ud83c\udfad <em>La culture au service de la diff\u00e9rence.<\/em><\/p>\n<p>31 alumnes han participat en 3 mobilitats a Debrecen (Hongria), a Montreuil-sur-Mer (Fran\u00e7a), i a Hamburg (Alemanya) amb 6 docents acompanyants i 4 professors han fet estades d&#8217;observaci\u00f3 (Job Shadowing) a Bologna (It\u00e0lia) i a Bornem (B\u00e8lgica).<\/p>\n<p>Gr\u00e0cies a tots i totes per fer-ho possible! Seguim apostant per una educaci\u00f3 oberta, col\u00b7laborativa i internacional! HAPPY SUMMER!!<\/p>\n\r\n\t<div class=\"slideshow_container slideshow_container_style-light\" style=\"height: 300px; \" data-slideshow-id=\"9630\" data-style-name=\"style-light\" data-style-version=\"2.3.1\" >\r\n\r\n\t\t\t\t\t<div class=\"slideshow_loading_icon\"><\/div>\r\n\t\t\r\n\t\t<div class=\"slideshow_content\" style=\"display: none;\">\r\n\r\n\t\t\t<div class=\"slideshow_view\">\r\n\t\t\t\t<div class=\"slideshow_slide slideshow_slide_image\">\r\n\t\t\t\t\t\t\t\t\t\t\t<img src=\"https:\/\/agora.xtec.cat\/iesacumella\/wp-content\/uploads\/usu1642\/2025\/06\/IMG-20250625-WA0004-1.jpg\" alt=\"IMG-20250625-WA0004\" width=\"598\" height=\"585\" \/>\r\n\t\t\t\t\t\t\t\t\t\t<div class=\"slideshow_description_box slideshow_transparent\">\r\n\t\t\t\t\t\t<div class=\"slideshow_title\">IMG-20250625-WA0004<\/div>\t\t\t\t\t\t\t\t\t\t\t<\/div>\r\n\t\t\t\t<\/div>\r\n\r\n\t\t\t\t\t\t<div style=\"clear: both;\"><\/div><\/div><div class=\"slideshow_view\">\r\n\t\t\t\t<div class=\"slideshow_slide slideshow_slide_image\">\r\n\t\t\t\t\t\t\t\t\t\t\t<img src=\"https:\/\/agora.xtec.cat\/iesacumella\/wp-content\/uploads\/usu1642\/2025\/06\/20250619_123734.jpg\" alt=\"20250619_123734\" width=\"1845\" height=\"1388\" \/>\r\n\t\t\t\t\t\t\t\t\t\t<div class=\"slideshow_description_box slideshow_transparent\">\r\n\t\t\t\t\t\t<div class=\"slideshow_title\">20250619_123734<\/div>\t\t\t\t\t\t\t\t\t\t\t<\/div>\r\n\t\t\t\t<\/div>\r\n\r\n\t\t\t\t\t\t<div style=\"clear: both;\"><\/div><\/div><div class=\"slideshow_view\">\r\n\t\t\t\t<div class=\"slideshow_slide slideshow_slide_image\">\r\n\t\t\t\t\t\t\t\t\t\t\t<img src=\"https:\/\/agora.xtec.cat\/iesacumella\/wp-content\/uploads\/usu1642\/2025\/06\/20250619_123352-rotated.jpg\" alt=\"20250619_123352\" width=\"1500\" height=\"2000\" \/>\r\n\t\t\t\t\t\t\t\t\t\t<div class=\"slideshow_description_box slideshow_transparent\">\r\n\t\t\t\t\t\t<div class=\"slideshow_title\">20250619_123352<\/div>\t\t\t\t\t\t\t\t\t\t\t<\/div>\r\n\t\t\t\t<\/div>\r\n\r\n\t\t\t\t\t\t<div style=\"clear: both;\"><\/div><\/div>\r\n\t\t<\/div>\r\n\r\n\t\t<div class=\"slideshow_controlPanel slideshow_transparent\" style=\"display: none;\"><ul><li class=\"slideshow_togglePlay\" data-play-text=\"Visualitza\" data-pause-text=\"Pausa\"><\/li><\/ul><\/div>\r\n\r\n\t\t<div class=\"slideshow_button slideshow_previous slideshow_transparent\" role=\"button\" data-previous-text=\"Anterior\" style=\"display: none;\"><\/div>\r\n\t\t<div class=\"slideshow_button slideshow_next slideshow_transparent\" role=\"button\" data-next-text=\"Seg\u00fcent\" style=\"display: none;\"><\/div>\r\n\r\n\t\t<div class=\"slideshow_pagination\" style=\"display: none;\" data-go-to-text=\"V\u00e9s a la diapositiva\"><div class=\"slideshow_pagination_center\"><\/div><\/div>\r\n\r\n\t\t<!-- WordPress Slideshow Version 2.3.1 -->\r\n\r\n\t\t\t<\/div>\r\n\r\n\n","protected":false},"excerpt":{"rendered":"<p>\ud83c\udf93\ud83c\udf0d Tanquem el projecte Erasmus del curs 24-25 amb un balan\u00e7 molt positiu! Amb el nostre objectiu anual de fomentar pr\u00e0ctiques educatives basades en la recerca per resoldre reptes reals de l&#8217;entorn, hem viscut un any ple d\u2019aprenentatges i experi\u00e8ncies internacionals amb els nostres projectes:&hellip;  <a href=\"https:\/\/agora.xtec.cat\/iesacumella\/portada\/general\/tanquem-el-projecte-erasmus-24-25\/\" title=\"Read Tanquem el projecte Erasmus 24-25\">Llegeix m\u00e9s\u00bb<\/a><\/p>\n","protected":false},"author":18,"featured_media":9633,"comment_status":"closed","ping_status":"open","sticky":false,"template":"","format":"standard","meta":{"_bbp_topic_count":0,"_bbp_reply_count":0,"_bbp_total_topic_count":0,"_bbp_total_reply_count":0,"_bbp_voice_count":0,"_bbp_anonymous_reply_count":0,"_bbp_topic_count_hidden":0,"_bbp_reply_count_hidden":0,"_bbp_forum_subforum_count":0,"footnotes":""},"categories":[128,191,1,113],"tags":[],"class_list":["post-9627","post","type-post","status-publish","format-standard","has-post-thumbnail","hentry","category-4rt-eso","category-curs-2024-2025","category-general","category-llengues-estrangeres"],"post_mailing_queue_ids":[],"_links":{"self":[{"href":"https:\/\/agora.xtec.cat\/iesacumella\/wp-json\/wp\/v2\/posts\/9627","targetHints":{"allow":["GET"]}}],"collection":[{"href":"https:\/\/agora.xtec.cat\/iesacumella\/wp-json\/wp\/v2\/posts"}],"about":[{"href":"https:\/\/agora.xtec.cat\/iesacumella\/wp-json\/wp\/v2\/types\/post"}],"author":[{"embeddable":true,"href":"https:\/\/agora.xtec.cat\/iesacumella\/wp-json\/wp\/v2\/users\/18"}],"replies":[{"embeddable":true,"href":"https:\/\/agora.xtec.cat\/iesacumella\/wp-json\/wp\/v2\/comments?post=9627"}],"version-history":[{"count":2,"href":"https:\/\/agora.xtec.cat\/iesacumella\/wp-json\/wp\/v2\/posts\/9627\/revisions"}],"predecessor-version":[{"id":9634,"href":"https:\/\/agora.xtec.cat\/iesacumella\/wp-json\/wp\/v2\/posts\/9627\/revisions\/9634"}],"wp:featuredmedia":[{"embeddable":true,"href":"https:\/\/agora.xtec.cat\/iesacumella\/wp-json\/wp\/v2\/media\/9633"}],"wp:attachment":[{"href":"https:\/\/agora.xtec.cat\/iesacumella\/wp-json\/wp\/v2\/media?parent=9627"}],"wp:term":[{"taxonomy":"category","embeddable":true,"href":"https:\/\/agora.xtec.cat\/iesacumella\/wp-json\/wp\/v2\/categories?post=9627"},{"taxonomy":"post_tag","embeddable":true,"href":"https:\/\/agora.xtec.cat\/iesacumella\/wp-json\/wp\/v2\/tags?post=9627"}],"curies":[{"name":"wp","href":"https:\/\/api.w.org\/{rel}","templated":true}]}}