{"id":9471,"date":"2025-05-06T13:27:30","date_gmt":"2025-05-06T11:27:30","guid":{"rendered":"https:\/\/agora.xtec.cat\/iesacumella\/?p=9471"},"modified":"2025-05-06T13:27:30","modified_gmt":"2025-05-06T11:27:30","slug":"exposicio-re-animar-1r-eso","status":"publish","type":"post","link":"https:\/\/agora.xtec.cat\/iesacumella\/portada\/general\/exposicio-re-animar-1r-eso\/","title":{"rendered":"Exposici\u00f3 Re-animar 1r ESO"},"content":{"rendered":"<div dir=\"auto\">\u201c<em><strong>Re-anima<\/strong><strong>r<\/strong><\/em>\u201d \u00e9s un projecte d\u2019art interdisciplinari portat a terme pels alumnes de 1r d\u2019ESO.\u00a0 A partir d\u2019objectes trobats pels voltants de la ciutat i materials donats per GRID Granollers, s\u2019han constru\u00eft unes obres d\u2019art pl\u00e0stiques i s\u2019ha creat un ambient sonor i un microrelat per a cada obra. Tamb\u00e9 es podr\u00e0 veure un muntatge audiovisual on els alumnes expressen amb el cos les emocions que els transmet cada creaci\u00f3. Aquest treball vol potenciar la consci\u00e8ncia mediambiental de l\u2019alumnat, el treball en equip i l\u2019art contemporani.<\/div>\n<div dir=\"auto\"><\/div>\n<div dir=\"auto\"><strong>L\u2019exposici\u00f3 s\u2019inaugura el pr\u00f2xim 9 de maig i es podr\u00e0 veure a la segona planta del Cinema Edison fins al 26 de maig.\u00a0<\/strong><\/div>\n<div dir=\"auto\"><\/div>\n<div dir=\"auto\"><a href=\"https:\/\/agora.xtec.cat\/iesacumella\/wp-content\/uploads\/usu1642\/2025\/05\/Captura-de-pantalla-2025-05-06-a-les-10.42.07-1.png\"><img loading=\"lazy\" decoding=\"async\" class=\"alignnone size-large wp-image-9472\" src=\"https:\/\/agora.xtec.cat\/iesacumella\/wp-content\/uploads\/usu1642\/2025\/05\/Captura-de-pantalla-2025-05-06-a-les-10.42.07-1-1024x502.png\" alt=\"\" width=\"1024\" height=\"502\" srcset=\"https:\/\/agora.xtec.cat\/iesacumella\/wp-content\/uploads\/usu1642\/2025\/05\/Captura-de-pantalla-2025-05-06-a-les-10.42.07-1-1024x502.png 1024w, https:\/\/agora.xtec.cat\/iesacumella\/wp-content\/uploads\/usu1642\/2025\/05\/Captura-de-pantalla-2025-05-06-a-les-10.42.07-1-300x147.png 300w, https:\/\/agora.xtec.cat\/iesacumella\/wp-content\/uploads\/usu1642\/2025\/05\/Captura-de-pantalla-2025-05-06-a-les-10.42.07-1-768x376.png 768w, https:\/\/agora.xtec.cat\/iesacumella\/wp-content\/uploads\/usu1642\/2025\/05\/Captura-de-pantalla-2025-05-06-a-les-10.42.07-1.png 1100w\" sizes=\"auto, (max-width: 1024px) 100vw, 1024px\" \/><\/a><\/div>\n","protected":false},"excerpt":{"rendered":"<p>\u201cRe-animar\u201d \u00e9s un projecte d\u2019art interdisciplinari portat a terme pels alumnes de 1r d\u2019ESO.\u00a0 A partir d\u2019objectes trobats pels voltants de la ciutat i materials donats per GRID Granollers, s\u2019han constru\u00eft unes obres d\u2019art pl\u00e0stiques i s\u2019ha creat un ambient sonor i un microrelat per&hellip;  <a href=\"https:\/\/agora.xtec.cat\/iesacumella\/portada\/general\/exposicio-re-animar-1r-eso\/\" title=\"Read Exposici\u00f3 Re-animar 1r ESO\">Llegeix m\u00e9s\u00bb<\/a><\/p>\n","protected":false},"author":18,"featured_media":0,"comment_status":"closed","ping_status":"closed","sticky":false,"template":"","format":"standard","meta":{"_bbp_topic_count":0,"_bbp_reply_count":0,"_bbp_total_topic_count":0,"_bbp_total_reply_count":0,"_bbp_voice_count":0,"_bbp_anonymous_reply_count":0,"_bbp_topic_count_hidden":0,"_bbp_reply_count_hidden":0,"_bbp_forum_subforum_count":0,"footnotes":""},"categories":[1],"tags":[],"class_list":["post-9471","post","type-post","status-publish","format-standard","hentry","category-general"],"post_mailing_queue_ids":[],"_links":{"self":[{"href":"https:\/\/agora.xtec.cat\/iesacumella\/wp-json\/wp\/v2\/posts\/9471","targetHints":{"allow":["GET"]}}],"collection":[{"href":"https:\/\/agora.xtec.cat\/iesacumella\/wp-json\/wp\/v2\/posts"}],"about":[{"href":"https:\/\/agora.xtec.cat\/iesacumella\/wp-json\/wp\/v2\/types\/post"}],"author":[{"embeddable":true,"href":"https:\/\/agora.xtec.cat\/iesacumella\/wp-json\/wp\/v2\/users\/18"}],"replies":[{"embeddable":true,"href":"https:\/\/agora.xtec.cat\/iesacumella\/wp-json\/wp\/v2\/comments?post=9471"}],"version-history":[{"count":1,"href":"https:\/\/agora.xtec.cat\/iesacumella\/wp-json\/wp\/v2\/posts\/9471\/revisions"}],"predecessor-version":[{"id":9473,"href":"https:\/\/agora.xtec.cat\/iesacumella\/wp-json\/wp\/v2\/posts\/9471\/revisions\/9473"}],"wp:attachment":[{"href":"https:\/\/agora.xtec.cat\/iesacumella\/wp-json\/wp\/v2\/media?parent=9471"}],"wp:term":[{"taxonomy":"category","embeddable":true,"href":"https:\/\/agora.xtec.cat\/iesacumella\/wp-json\/wp\/v2\/categories?post=9471"},{"taxonomy":"post_tag","embeddable":true,"href":"https:\/\/agora.xtec.cat\/iesacumella\/wp-json\/wp\/v2\/tags?post=9471"}],"curies":[{"name":"wp","href":"https:\/\/api.w.org\/{rel}","templated":true}]}}