{"id":9420,"date":"2025-04-02T18:26:39","date_gmt":"2025-04-02T16:26:39","guid":{"rendered":"https:\/\/agora.xtec.cat\/iesacumella\/?p=9420"},"modified":"2025-04-02T18:30:26","modified_gmt":"2025-04-02T16:30:26","slug":"sortida-al-servei-de-microscopia-de-la-uab-2","status":"publish","type":"post","link":"https:\/\/agora.xtec.cat\/iesacumella\/portada\/estudis\/batxillerat\/sortida-al-servei-de-microscopia-de-la-uab-2\/","title":{"rendered":"Sortida al servei de microsc\u00f2pia de la UAB!"},"content":{"rendered":"<p>Els alumnes de 2n de Batxillerat de Biologia hem tingut l&#8217;oportunitat de visitar el Servei de Microsc\u00f2pia de la Universitat Aut\u00f2noma de Barcelona (UAB). Durant aquesta visita, vam poder con\u00e8ixer de primera m\u00e0 els microsc\u00f2pics electr\u00f2nics de rastreig (SEM) i de transmissi\u00f3 (TEM), que ens van permetre explorar el m\u00f3n a una escala microsc\u00f2pica impressionant. La visita va ser molt educativa i emocionant, ja que vam poder observar estructures biol\u00f2giques i materials a una resoluci\u00f3 molt m\u00e9s alta del que veiem habitualment amb els microscopis \u00f2ptics. A m\u00e9s, els estudiants que ens van guiar ens van explicar detalladament com funcionen aquests sofisticats equips i quina import\u00e0ncia tenen en la investigaci\u00f3 cient\u00edfica. Sens dubte, va ser una experi\u00e8ncia molt enriquidora que ens va motivar encara m\u00e9s per seguir explorant el fascinant m\u00f3n de la biologia i la ci\u00e8ncia en general.<\/p>\n<p><a href=\"https:\/\/agora.xtec.cat\/iesacumella\/wp-content\/uploads\/usu1642\/2025\/04\/20250327_1217051-scaled.jpg\"><img loading=\"lazy\" decoding=\"async\" class=\"alignnone wp-image-9421\" src=\"https:\/\/agora.xtec.cat\/iesacumella\/wp-content\/uploads\/usu1642\/2025\/04\/20250327_1217051-577x1024.jpg\" alt=\"\" width=\"275\" height=\"488\" srcset=\"https:\/\/agora.xtec.cat\/iesacumella\/wp-content\/uploads\/usu1642\/2025\/04\/20250327_1217051-577x1024.jpg 577w, https:\/\/agora.xtec.cat\/iesacumella\/wp-content\/uploads\/usu1642\/2025\/04\/20250327_1217051-169x300.jpg 169w, https:\/\/agora.xtec.cat\/iesacumella\/wp-content\/uploads\/usu1642\/2025\/04\/20250327_1217051-768x1364.jpg 768w, https:\/\/agora.xtec.cat\/iesacumella\/wp-content\/uploads\/usu1642\/2025\/04\/20250327_1217051-865x1536.jpg 865w, https:\/\/agora.xtec.cat\/iesacumella\/wp-content\/uploads\/usu1642\/2025\/04\/20250327_1217051-1153x2048.jpg 1153w, https:\/\/agora.xtec.cat\/iesacumella\/wp-content\/uploads\/usu1642\/2025\/04\/20250327_1217051-scaled.jpg 1441w\" sizes=\"auto, (max-width: 275px) 100vw, 275px\" \/><\/a> <a href=\"https:\/\/agora.xtec.cat\/iesacumella\/wp-content\/uploads\/usu1642\/2025\/04\/20250327_093445-1-1.jpg\"><img loading=\"lazy\" decoding=\"async\" class=\"wp-image-9422 alignleft\" src=\"https:\/\/agora.xtec.cat\/iesacumella\/wp-content\/uploads\/usu1642\/2025\/04\/20250327_093445-1-1-1024x577.jpg\" alt=\"\" width=\"573\" height=\"323\" srcset=\"https:\/\/agora.xtec.cat\/iesacumella\/wp-content\/uploads\/usu1642\/2025\/04\/20250327_093445-1-1-1024x577.jpg 1024w, https:\/\/agora.xtec.cat\/iesacumella\/wp-content\/uploads\/usu1642\/2025\/04\/20250327_093445-1-1-300x169.jpg 300w, https:\/\/agora.xtec.cat\/iesacumella\/wp-content\/uploads\/usu1642\/2025\/04\/20250327_093445-1-1-768x432.jpg 768w, https:\/\/agora.xtec.cat\/iesacumella\/wp-content\/uploads\/usu1642\/2025\/04\/20250327_093445-1-1-1536x865.jpg 1536w, https:\/\/agora.xtec.cat\/iesacumella\/wp-content\/uploads\/usu1642\/2025\/04\/20250327_093445-1-1.jpg 2000w\" sizes=\"auto, (max-width: 573px) 100vw, 573px\" \/><\/a><\/p>\n","protected":false},"excerpt":{"rendered":"<p>Els alumnes de 2n de Batxillerat de Biologia hem tingut l&#8217;oportunitat de visitar el Servei de Microsc\u00f2pia de la Universitat Aut\u00f2noma de Barcelona (UAB). Durant aquesta visita, vam poder con\u00e8ixer de primera m\u00e0 els microsc\u00f2pics electr\u00f2nics de rastreig (SEM) i de transmissi\u00f3 (TEM), que ens&hellip;  <a href=\"https:\/\/agora.xtec.cat\/iesacumella\/portada\/estudis\/batxillerat\/sortida-al-servei-de-microscopia-de-la-uab-2\/\" title=\"Read Sortida al servei de microsc\u00f2pia de la UAB!\">Llegeix m\u00e9s\u00bb<\/a><\/p>\n","protected":false},"author":18,"featured_media":0,"comment_status":"closed","ping_status":"closed","sticky":false,"template":"","format":"standard","meta":{"_bbp_topic_count":0,"_bbp_reply_count":0,"_bbp_total_topic_count":0,"_bbp_total_reply_count":0,"_bbp_voice_count":0,"_bbp_anonymous_reply_count":0,"_bbp_topic_count_hidden":0,"_bbp_reply_count_hidden":0,"_bbp_forum_subforum_count":0,"footnotes":""},"categories":[8,130,191],"tags":[],"class_list":["post-9420","post","type-post","status-publish","format-standard","hentry","category-batxillerat","category-ciencies-naturals","category-curs-2024-2025"],"post_mailing_queue_ids":[],"_links":{"self":[{"href":"https:\/\/agora.xtec.cat\/iesacumella\/wp-json\/wp\/v2\/posts\/9420","targetHints":{"allow":["GET"]}}],"collection":[{"href":"https:\/\/agora.xtec.cat\/iesacumella\/wp-json\/wp\/v2\/posts"}],"about":[{"href":"https:\/\/agora.xtec.cat\/iesacumella\/wp-json\/wp\/v2\/types\/post"}],"author":[{"embeddable":true,"href":"https:\/\/agora.xtec.cat\/iesacumella\/wp-json\/wp\/v2\/users\/18"}],"replies":[{"embeddable":true,"href":"https:\/\/agora.xtec.cat\/iesacumella\/wp-json\/wp\/v2\/comments?post=9420"}],"version-history":[{"count":3,"href":"https:\/\/agora.xtec.cat\/iesacumella\/wp-json\/wp\/v2\/posts\/9420\/revisions"}],"predecessor-version":[{"id":9426,"href":"https:\/\/agora.xtec.cat\/iesacumella\/wp-json\/wp\/v2\/posts\/9420\/revisions\/9426"}],"wp:attachment":[{"href":"https:\/\/agora.xtec.cat\/iesacumella\/wp-json\/wp\/v2\/media?parent=9420"}],"wp:term":[{"taxonomy":"category","embeddable":true,"href":"https:\/\/agora.xtec.cat\/iesacumella\/wp-json\/wp\/v2\/categories?post=9420"},{"taxonomy":"post_tag","embeddable":true,"href":"https:\/\/agora.xtec.cat\/iesacumella\/wp-json\/wp\/v2\/tags?post=9420"}],"curies":[{"name":"wp","href":"https:\/\/api.w.org\/{rel}","templated":true}]}}