{"id":9368,"date":"2025-01-27T16:21:20","date_gmt":"2025-01-27T15:21:20","guid":{"rendered":"https:\/\/agora.xtec.cat\/iesacumella\/?p=9368"},"modified":"2025-01-27T16:21:20","modified_gmt":"2025-01-27T15:21:20","slug":"80-anys-de-lalliberacio-dauswitch-%f0%9f%93%9a","status":"publish","type":"post","link":"https:\/\/agora.xtec.cat\/iesacumella\/portada\/estudis\/eso\/80-anys-de-lalliberacio-dauswitch-%f0%9f%93%9a\/","title":{"rendered":"80 anys de l\u2019alliberaci\u00f3 d\u2019Auswitch \ud83d\udcda"},"content":{"rendered":"<p>Avui se celebren 80 anys de l\u2019alliberaci\u00f3 d\u2019Auswitch. A l\u2019Institut hem recordat les v\u00edctimes de l\u2019Holocaust en una jornada de reflexi\u00f3 i mem\u00f2ria. Durant l\u2019hora de lectura, hem compartit textos de testimonis com Primo Levi, Neus Catal\u00e0, Joaquim Amat-Piniella i el pastor Martin Niem\u00f6ller, que ens han ajudat a entendre millor el dolor i la for\u00e7a d\u2019aquells que van patir aquell horror. Als passadissos, hem penjat cartells amb frases d\u2019altres veus com Anna Frank i Elie Wiesel, perqu\u00e8 la seva paraula arribi a tothom que passi. Recordem per no oblidar. Recordem per canviar. <a class=\"x1i10hfl xjbqb8w x1ejq31n xd10rxx x1sy0etr x17r0tee x972fbf xcfux6l x1qhh985 xm0m39n x9f619 x1ypdohk xt0psk2 xe8uvvx xdj266r x11i5rnm xat24cr x1mh8g0r xexx8yu x4uap5 x18d9i69 xkhd6sd x16tdsg8 x1hl2dhg xggy1nq x1a2a7pz  _aa9_ _a6hd\" role=\"link\" href=\"https:\/\/www.instagram.com\/explore\/tags\/holocaust\/\">#Holocaust <\/a><a class=\"x1i10hfl xjbqb8w x1ejq31n xd10rxx x1sy0etr x17r0tee x972fbf xcfux6l x1qhh985 xm0m39n x9f619 x1ypdohk xt0psk2 xe8uvvx xdj266r x11i5rnm xat24cr x1mh8g0r xexx8yu x4uap5 x18d9i69 xkhd6sd x16tdsg8 x1hl2dhg xggy1nq x1a2a7pz  _aa9_ _a6hd\" role=\"link\" href=\"https:\/\/www.instagram.com\/explore\/tags\/mem%C3%B2riahist%C3%B2rica\/\">#Mem\u00f2riaHist\u00f2rica <\/a><a class=\"x1i10hfl xjbqb8w x1ejq31n xd10rxx x1sy0etr x17r0tee x972fbf xcfux6l x1qhh985 xm0m39n x9f619 x1ypdohk xt0psk2 xe8uvvx xdj266r x11i5rnm xat24cr x1mh8g0r xexx8yu x4uap5 x18d9i69 xkhd6sd x16tdsg8 x1hl2dhg xggy1nq x1a2a7pz  _aa9_ _a6hd\" role=\"link\" href=\"https:\/\/www.instagram.com\/explore\/tags\/maim%C3%A9s\/\">#MaiM\u00e9s<\/a><\/p>\n<p><a href=\"https:\/\/agora.xtec.cat\/iesacumella\/wp-content\/uploads\/usu1642\/2025\/01\/20250124_120427.jpg\"><img loading=\"lazy\" decoding=\"async\" class=\"alignnone  wp-image-9369\" src=\"https:\/\/agora.xtec.cat\/iesacumella\/wp-content\/uploads\/usu1642\/2025\/01\/20250124_120427.jpg\" alt=\"\" width=\"250\" height=\"360\" srcset=\"https:\/\/agora.xtec.cat\/iesacumella\/wp-content\/uploads\/usu1642\/2025\/01\/20250124_120427.jpg 572w, https:\/\/agora.xtec.cat\/iesacumella\/wp-content\/uploads\/usu1642\/2025\/01\/20250124_120427-209x300.jpg 209w\" sizes=\"auto, (max-width: 250px) 100vw, 250px\" \/><\/a><a href=\"https:\/\/agora.xtec.cat\/iesacumella\/wp-content\/uploads\/usu1642\/2025\/01\/20250124_125924.jpg\"><img loading=\"lazy\" decoding=\"async\" class=\"alignnone  wp-image-9370\" src=\"https:\/\/agora.xtec.cat\/iesacumella\/wp-content\/uploads\/usu1642\/2025\/01\/20250124_125924.jpg\" alt=\"\" width=\"334\" height=\"450\" srcset=\"https:\/\/agora.xtec.cat\/iesacumella\/wp-content\/uploads\/usu1642\/2025\/01\/20250124_125924.jpg 671w, https:\/\/agora.xtec.cat\/iesacumella\/wp-content\/uploads\/usu1642\/2025\/01\/20250124_125924-223x300.jpg 223w\" sizes=\"auto, (max-width: 334px) 100vw, 334px\" \/><\/a><\/p>\n","protected":false},"excerpt":{"rendered":"<p>Avui se celebren 80 anys de l\u2019alliberaci\u00f3 d\u2019Auswitch. A l\u2019Institut hem recordat les v\u00edctimes de l\u2019Holocaust en una jornada de reflexi\u00f3 i mem\u00f2ria. Durant l\u2019hora de lectura, hem compartit textos de testimonis com Primo Levi, Neus Catal\u00e0, Joaquim Amat-Piniella i el pastor Martin Niem\u00f6ller, que&hellip;  <a href=\"https:\/\/agora.xtec.cat\/iesacumella\/portada\/estudis\/eso\/80-anys-de-lalliberacio-dauswitch-%f0%9f%93%9a\/\" title=\"Read 80 anys de l\u2019alliberaci\u00f3 d\u2019Auswitch \ud83d\udcda\">Llegeix m\u00e9s\u00bb<\/a><\/p>\n","protected":false},"author":18,"featured_media":0,"comment_status":"closed","ping_status":"closed","sticky":false,"template":"","format":"standard","meta":{"_bbp_topic_count":0,"_bbp_reply_count":0,"_bbp_total_topic_count":0,"_bbp_total_reply_count":0,"_bbp_voice_count":0,"_bbp_anonymous_reply_count":0,"_bbp_topic_count_hidden":0,"_bbp_reply_count_hidden":0,"_bbp_forum_subforum_count":0,"footnotes":""},"categories":[8,131,191,3],"tags":[195],"class_list":["post-9368","post","type-post","status-publish","format-standard","hentry","category-batxillerat","category-ciencies-socials","category-curs-2024-2025","category-eso","tag-lectura"],"post_mailing_queue_ids":[],"_links":{"self":[{"href":"https:\/\/agora.xtec.cat\/iesacumella\/wp-json\/wp\/v2\/posts\/9368","targetHints":{"allow":["GET"]}}],"collection":[{"href":"https:\/\/agora.xtec.cat\/iesacumella\/wp-json\/wp\/v2\/posts"}],"about":[{"href":"https:\/\/agora.xtec.cat\/iesacumella\/wp-json\/wp\/v2\/types\/post"}],"author":[{"embeddable":true,"href":"https:\/\/agora.xtec.cat\/iesacumella\/wp-json\/wp\/v2\/users\/18"}],"replies":[{"embeddable":true,"href":"https:\/\/agora.xtec.cat\/iesacumella\/wp-json\/wp\/v2\/comments?post=9368"}],"version-history":[{"count":1,"href":"https:\/\/agora.xtec.cat\/iesacumella\/wp-json\/wp\/v2\/posts\/9368\/revisions"}],"predecessor-version":[{"id":9371,"href":"https:\/\/agora.xtec.cat\/iesacumella\/wp-json\/wp\/v2\/posts\/9368\/revisions\/9371"}],"wp:attachment":[{"href":"https:\/\/agora.xtec.cat\/iesacumella\/wp-json\/wp\/v2\/media?parent=9368"}],"wp:term":[{"taxonomy":"category","embeddable":true,"href":"https:\/\/agora.xtec.cat\/iesacumella\/wp-json\/wp\/v2\/categories?post=9368"},{"taxonomy":"post_tag","embeddable":true,"href":"https:\/\/agora.xtec.cat\/iesacumella\/wp-json\/wp\/v2\/tags?post=9368"}],"curies":[{"name":"wp","href":"https:\/\/api.w.org\/{rel}","templated":true}]}}