{"id":931,"date":"2013-06-20T17:18:34","date_gmt":"2013-06-20T16:18:34","guid":{"rendered":"http:\/\/blog.iesacumella.cat\/?p=931"},"modified":"2013-06-20T17:18:34","modified_gmt":"2013-06-20T16:18:34","slug":"el-dia-del-cumella","status":"publish","type":"post","link":"https:\/\/agora.xtec.cat\/iesacumella\/portada\/general\/el-dia-del-cumella\/","title":{"rendered":"El &#8220;Dia del Cumella&#8221;"},"content":{"rendered":"<p><!--:ca--><a href=\"http:\/\/agora.xtec.cat\/iesacumella\/wp-content\/uploads\/usu1642\/2013\/06\/quart2.jpg\"><img loading=\"lazy\" decoding=\"async\" src=\"http:\/\/agora.xtec.cat\/iesacumella\/wp-content\/uploads\/usu1642\/2013\/06\/quart2-300x225.jpg\" alt=\"quart2\" width=\"300\" height=\"225\" class=\"alignnone size-medium wp-image-990\" srcset=\"https:\/\/agora.xtec.cat\/iesacumella\/wp-content\/uploads\/usu1642\/2013\/06\/quart2-300x225.jpg 300w, https:\/\/agora.xtec.cat\/iesacumella\/wp-content\/uploads\/usu1642\/2013\/06\/quart2-768x576.jpg 768w, https:\/\/agora.xtec.cat\/iesacumella\/wp-content\/uploads\/usu1642\/2013\/06\/quart2-1024x768.jpg 1024w, https:\/\/agora.xtec.cat\/iesacumella\/wp-content\/uploads\/usu1642\/2013\/06\/quart2-200x150.jpg 200w, https:\/\/agora.xtec.cat\/iesacumella\/wp-content\/uploads\/usu1642\/2013\/06\/quart2.jpg 2048w\" sizes=\"auto, (max-width: 300px) 100vw, 300px\" \/><\/a><a href=\"http:\/\/agora.xtec.cat\/iesacumella\/wp-content\/uploads\/usu1642\/2013\/06\/riquesaling7.jpg\"><img loading=\"lazy\" decoding=\"async\" src=\"http:\/\/agora.xtec.cat\/iesacumella\/wp-content\/uploads\/usu1642\/2013\/06\/riquesaling7-300x225.jpg\" alt=\"riquesaling7\" width=\"300\" height=\"225\" class=\"alignnone size-medium wp-image-991\" srcset=\"https:\/\/agora.xtec.cat\/iesacumella\/wp-content\/uploads\/usu1642\/2013\/06\/riquesaling7-300x225.jpg 300w, https:\/\/agora.xtec.cat\/iesacumella\/wp-content\/uploads\/usu1642\/2013\/06\/riquesaling7-768x576.jpg 768w, https:\/\/agora.xtec.cat\/iesacumella\/wp-content\/uploads\/usu1642\/2013\/06\/riquesaling7-1024x768.jpg 1024w, https:\/\/agora.xtec.cat\/iesacumella\/wp-content\/uploads\/usu1642\/2013\/06\/riquesaling7-200x150.jpg 200w\" sizes=\"auto, (max-width: 300px) 100vw, 300px\" \/><\/a><a href=\"http:\/\/agora.xtec.cat\/iesacumella\/wp-content\/uploads\/usu1642\/2013\/06\/quart4.jpg\"><img loading=\"lazy\" decoding=\"async\" src=\"http:\/\/agora.xtec.cat\/iesacumella\/wp-content\/uploads\/usu1642\/2013\/06\/quart4-300x225.jpg\" alt=\"quart4\" width=\"300\" height=\"225\" class=\"alignnone size-medium wp-image-992\" srcset=\"https:\/\/agora.xtec.cat\/iesacumella\/wp-content\/uploads\/usu1642\/2013\/06\/quart4-300x225.jpg 300w, https:\/\/agora.xtec.cat\/iesacumella\/wp-content\/uploads\/usu1642\/2013\/06\/quart4-768x576.jpg 768w, https:\/\/agora.xtec.cat\/iesacumella\/wp-content\/uploads\/usu1642\/2013\/06\/quart4-1024x768.jpg 1024w, https:\/\/agora.xtec.cat\/iesacumella\/wp-content\/uploads\/usu1642\/2013\/06\/quart4-200x150.jpg 200w, https:\/\/agora.xtec.cat\/iesacumella\/wp-content\/uploads\/usu1642\/2013\/06\/quart4.jpg 2048w\" sizes=\"auto, (max-width: 300px) 100vw, 300px\" \/><\/a><a href=\"http:\/\/agora.xtec.cat\/iesacumella\/wp-content\/uploads\/usu1642\/2013\/06\/DSC05407.jpg\"><img loading=\"lazy\" decoding=\"async\" src=\"http:\/\/agora.xtec.cat\/iesacumella\/wp-content\/uploads\/usu1642\/2013\/06\/DSC05407-300x168.jpg\" alt=\"DSC05407\" width=\"300\" height=\"168\" class=\"alignnone size-medium wp-image-974\" \/><\/a><a href=\"http:\/\/agora.xtec.cat\/iesacumella\/wp-content\/uploads\/usu1642\/2013\/06\/DSC05416.jpg\"><img loading=\"lazy\" decoding=\"async\" src=\"http:\/\/agora.xtec.cat\/iesacumella\/wp-content\/uploads\/usu1642\/2013\/06\/DSC05416-300x168.jpg\" alt=\"DSC05416\" width=\"300\" height=\"168\" class=\"alignnone size-medium wp-image-982\" \/><\/a><a href=\"http:\/\/agora.xtec.cat\/iesacumella\/wp-content\/uploads\/usu1642\/2013\/06\/DSC05418.jpg\"><img loading=\"lazy\" decoding=\"async\" src=\"http:\/\/agora.xtec.cat\/iesacumella\/wp-content\/uploads\/usu1642\/2013\/06\/DSC05418-300x168.jpg\" alt=\"DSC05418\" width=\"300\" height=\"168\" class=\"alignnone size-medium wp-image-980\" \/><\/a><a href=\"http:\/\/agora.xtec.cat\/iesacumella\/wp-content\/uploads\/usu1642\/2013\/06\/DSC05413.jpg\"><img loading=\"lazy\" decoding=\"async\" src=\"http:\/\/agora.xtec.cat\/iesacumella\/wp-content\/uploads\/usu1642\/2013\/06\/DSC05413-300x168.jpg\" alt=\"DSC05413\" width=\"300\" height=\"168\" class=\"alignnone size-medium wp-image-975\" \/><\/a><a href=\"http:\/\/agora.xtec.cat\/iesacumella\/wp-content\/uploads\/usu1642\/2013\/06\/DSC05433.jpg\"><img loading=\"lazy\" decoding=\"async\" src=\"http:\/\/agora.xtec.cat\/iesacumella\/wp-content\/uploads\/usu1642\/2013\/06\/DSC05433-300x168.jpg\" alt=\"DSC05433\" width=\"300\" height=\"168\" class=\"alignnone size-medium wp-image-977\" \/><\/a><a href=\"http:\/\/agora.xtec.cat\/iesacumella\/wp-content\/uploads\/usu1642\/2013\/06\/DSC05425.jpg\"><img loading=\"lazy\" decoding=\"async\" src=\"http:\/\/agora.xtec.cat\/iesacumella\/wp-content\/uploads\/usu1642\/2013\/06\/DSC05425-300x168.jpg\" alt=\"DSC05425\" width=\"300\" height=\"168\" class=\"alignnone size-medium wp-image-978\" \/><\/a>El mat\u00ed del divendres dia 14 de juny es va celebrar el <strong>&#8220;Dia del Cumella<\/strong>\u201d, amb activitats diverses. De 9 a 11 hi va haver <strong>tallers <\/strong>de guitarra, est\u00e8tica, joieria, dansa, fotografia i jocs de taula i diverses <strong>competicions esportives <\/strong>de b\u00e0squet, voleibol, futbol i b\u00e0dminton. Despr\u00e9s del pati, a la sala d\u2019actes, es van dur a terme un seguit <strong>d\u2019actuacions musicals,<\/strong> algunes en grup i d\u2019altres individuals. A m\u00e9s, per mostrar la riquesa ling\u00fc\u00edstica del centre, nois  i noies procedents de diversos pa\u00efsos van sortir a l\u2019escenari a desitjar \u201cBona sort, amics i amigues\u201d en les seves lleng\u00fces respectives ( itali\u00e0, portugu\u00e8s, nepal\u00ed, fula, roman\u00e8s, berber, quitxua, xin\u00e8s, wolof&#8230;). I ja cap al migdia, els alumnes de quart d&#8217; ESO i els seus professors i professores van baixar a la cantina per fer un vermut de comiat.<\/p>\n<p>I aqu\u00ed teniu l&#8217;enlla\u00e7 amb el video de la jornada<br \/>\nhttps:\/\/www.youtube.com\/watch?v=q5pzaLzf4GE&#038;feature=c4-overview&#038;list=UUEdEPLhTPhPTp47Nm5Fptzg<\/p>\n<p><!--:--><\/p>\n","protected":false},"excerpt":{"rendered":"<p><a href=\"http:\/\/agora.xtec.cat\/iesacumella\/wp-content\/uploads\/usu1642\/2013\/06\/quart2.jpg\"><\/a><a href=\"http:\/\/agora.xtec.cat\/iesacumella\/wp-content\/uploads\/usu1642\/2013\/06\/riquesaling7.jpg\"><\/a><a href=\"http:\/\/agora.xtec.cat\/iesacumella\/wp-content\/uploads\/usu1642\/2013\/06\/quart4.jpg\"><\/a><a href=\"http:\/\/agora.xtec.cat\/iesacumella\/wp-content\/uploads\/usu1642\/2013\/06\/DSC05407.jpg\"><\/a><a href=\"http:\/\/agora.xtec.cat\/iesacumella\/wp-content\/uploads\/usu1642\/2013\/06\/DSC05416.jpg\"><\/a><a href=\"http:\/\/agora.xtec.cat\/iesacumella\/wp-content\/uploads\/usu1642\/2013\/06\/DSC05418.jpg\"><\/a><a href=\"http:\/\/agora.xtec.cat\/iesacumella\/wp-content\/uploads\/usu1642\/2013\/06\/DSC05413.jpg\"><\/a><a href=\"http:\/\/agora.xtec.cat\/iesacumella\/wp-content\/uploads\/usu1642\/2013\/06\/DSC05433.jpg\"><\/a><a href=\"http:\/\/agora.xtec.cat\/iesacumella\/wp-content\/uploads\/usu1642\/2013\/06\/DSC05425.jpg\"><\/a>El mat\u00ed del divendres dia 14 de juny es va celebrar el &#8220;Dia del Cumella\u201d, amb activitats diverses. De 9 a 11 hi va haver tallers de guitarra, est\u00e8tica, joieria, dansa, fotografia i jocs de taula&hellip;  <a href=\"https:\/\/agora.xtec.cat\/iesacumella\/portada\/general\/el-dia-del-cumella\/\" title=\"Read El &#8220;Dia del Cumella&#8221;\">Llegeix m\u00e9s\u00bb<\/a><\/p>\n","protected":false},"author":1,"featured_media":973,"comment_status":"closed","ping_status":"closed","sticky":false,"template":"","format":"standard","meta":{"_bbp_topic_count":0,"_bbp_reply_count":0,"_bbp_total_topic_count":0,"_bbp_total_reply_count":0,"_bbp_voice_count":0,"_bbp_anonymous_reply_count":0,"_bbp_topic_count_hidden":0,"_bbp_reply_count_hidden":0,"_bbp_forum_subforum_count":0,"footnotes":""},"categories":[1],"tags":[],"class_list":["post-931","post","type-post","status-publish","format-standard","has-post-thumbnail","hentry","category-general"],"post_mailing_queue_ids":[],"_links":{"self":[{"href":"https:\/\/agora.xtec.cat\/iesacumella\/wp-json\/wp\/v2\/posts\/931","targetHints":{"allow":["GET"]}}],"collection":[{"href":"https:\/\/agora.xtec.cat\/iesacumella\/wp-json\/wp\/v2\/posts"}],"about":[{"href":"https:\/\/agora.xtec.cat\/iesacumella\/wp-json\/wp\/v2\/types\/post"}],"author":[{"embeddable":true,"href":"https:\/\/agora.xtec.cat\/iesacumella\/wp-json\/wp\/v2\/users\/1"}],"replies":[{"embeddable":true,"href":"https:\/\/agora.xtec.cat\/iesacumella\/wp-json\/wp\/v2\/comments?post=931"}],"version-history":[{"count":0,"href":"https:\/\/agora.xtec.cat\/iesacumella\/wp-json\/wp\/v2\/posts\/931\/revisions"}],"wp:featuredmedia":[{"embeddable":true,"href":"https:\/\/agora.xtec.cat\/iesacumella\/wp-json\/wp\/v2\/media\/973"}],"wp:attachment":[{"href":"https:\/\/agora.xtec.cat\/iesacumella\/wp-json\/wp\/v2\/media?parent=931"}],"wp:term":[{"taxonomy":"category","embeddable":true,"href":"https:\/\/agora.xtec.cat\/iesacumella\/wp-json\/wp\/v2\/categories?post=931"},{"taxonomy":"post_tag","embeddable":true,"href":"https:\/\/agora.xtec.cat\/iesacumella\/wp-json\/wp\/v2\/tags?post=931"}],"curies":[{"name":"wp","href":"https:\/\/api.w.org\/{rel}","templated":true}]}}