{"id":9077,"date":"2023-08-30T12:05:57","date_gmt":"2023-08-30T10:05:57","guid":{"rendered":"https:\/\/agora.xtec.cat\/iesacumella\/?p=9077"},"modified":"2023-08-30T13:11:09","modified_gmt":"2023-08-30T11:11:09","slug":"benvinguda-i-inici-de-classes-2023-24","status":"publish","type":"post","link":"https:\/\/agora.xtec.cat\/iesacumella\/portada\/general\/benvinguda-i-inici-de-classes-2023-24\/","title":{"rendered":"Benvinguda i inici de classes 2023-24"},"content":{"rendered":"<p>El curs comen\u00e7a el proper dijous 7 de setembre per l&#8217;alumnat d&#8217;ESO i Batxillerat ho far\u00e0 el dimarts 12 de setembre. L&#8217;horari \u00e9s l&#8217;habitual des d&#8217;inici de curs, de 8 a 14.30h, i de 16 a 21.20h pel Batxillerat de tarda.<\/p>\n<p>Recordar-vos que el primer dia se us facilitar\u00e0 la carpeta i l&#8217;agenda del curs del centre, per\u00f2 caldr\u00e0 que porteu llibreta i estoig per no perdre detall!<\/p>\n<p><img loading=\"lazy\" decoding=\"async\" class=\"alignnone size-full wp-image-9078\" src=\"https:\/\/agora.xtec.cat\/iesacumella\/wp-content\/uploads\/usu1642\/2023\/08\/inici-curs.jpg\" alt=\"\" width=\"590\" height=\"309\" srcset=\"https:\/\/agora.xtec.cat\/iesacumella\/wp-content\/uploads\/usu1642\/2023\/08\/inici-curs.jpg 590w, https:\/\/agora.xtec.cat\/iesacumella\/wp-content\/uploads\/usu1642\/2023\/08\/inici-curs-300x157.jpg 300w\" sizes=\"auto, (max-width: 590px) 100vw, 590px\" \/><\/p>\n","protected":false},"excerpt":{"rendered":"<p>El curs comen\u00e7a el proper dijous 7 de setembre per l&#8217;alumnat d&#8217;ESO i Batxillerat ho far\u00e0 el dimarts 12 de setembre. L&#8217;horari \u00e9s l&#8217;habitual des d&#8217;inici de curs, de 8 a 14.30h, i de 16 a 21.20h pel Batxillerat de tarda.<br \/>\nRecordar-vos que el primer dia&hellip;  <a href=\"https:\/\/agora.xtec.cat\/iesacumella\/portada\/general\/benvinguda-i-inici-de-classes-2023-24\/\" title=\"Read Benvinguda i inici de classes 2023-24\">Llegeix m\u00e9s\u00bb<\/a><\/p>\n","protected":false},"author":1,"featured_media":0,"comment_status":"closed","ping_status":"closed","sticky":false,"template":"","format":"standard","meta":{"_bbp_topic_count":0,"_bbp_reply_count":0,"_bbp_total_topic_count":0,"_bbp_total_reply_count":0,"_bbp_voice_count":0,"_bbp_anonymous_reply_count":0,"_bbp_topic_count_hidden":0,"_bbp_reply_count_hidden":0,"_bbp_forum_subforum_count":0,"footnotes":""},"categories":[185,1],"tags":[],"class_list":["post-9077","post","type-post","status-publish","format-standard","hentry","category-curs-2023-2024","category-general"],"post_mailing_queue_ids":[],"_links":{"self":[{"href":"https:\/\/agora.xtec.cat\/iesacumella\/wp-json\/wp\/v2\/posts\/9077","targetHints":{"allow":["GET"]}}],"collection":[{"href":"https:\/\/agora.xtec.cat\/iesacumella\/wp-json\/wp\/v2\/posts"}],"about":[{"href":"https:\/\/agora.xtec.cat\/iesacumella\/wp-json\/wp\/v2\/types\/post"}],"author":[{"embeddable":true,"href":"https:\/\/agora.xtec.cat\/iesacumella\/wp-json\/wp\/v2\/users\/1"}],"replies":[{"embeddable":true,"href":"https:\/\/agora.xtec.cat\/iesacumella\/wp-json\/wp\/v2\/comments?post=9077"}],"version-history":[{"count":3,"href":"https:\/\/agora.xtec.cat\/iesacumella\/wp-json\/wp\/v2\/posts\/9077\/revisions"}],"predecessor-version":[{"id":9085,"href":"https:\/\/agora.xtec.cat\/iesacumella\/wp-json\/wp\/v2\/posts\/9077\/revisions\/9085"}],"wp:attachment":[{"href":"https:\/\/agora.xtec.cat\/iesacumella\/wp-json\/wp\/v2\/media?parent=9077"}],"wp:term":[{"taxonomy":"category","embeddable":true,"href":"https:\/\/agora.xtec.cat\/iesacumella\/wp-json\/wp\/v2\/categories?post=9077"},{"taxonomy":"post_tag","embeddable":true,"href":"https:\/\/agora.xtec.cat\/iesacumella\/wp-json\/wp\/v2\/tags?post=9077"}],"curies":[{"name":"wp","href":"https:\/\/api.w.org\/{rel}","templated":true}]}}