{"id":8965,"date":"2023-03-14T14:00:31","date_gmt":"2023-03-14T13:00:31","guid":{"rendered":"https:\/\/agora.xtec.cat\/iesacumella\/?p=8965"},"modified":"2023-03-14T14:00:31","modified_gmt":"2023-03-14T13:00:31","slug":"rapejant-amb-versembrant","status":"publish","type":"post","link":"https:\/\/agora.xtec.cat\/iesacumella\/portada\/general\/rapejant-amb-versembrant\/","title":{"rendered":"RAPEJANT AMB VERSEMBRANT!"},"content":{"rendered":"<ul>\n<li>Per participar als Premis Sambori d&#8217;\u00d2mnium Cultural, alguns alumnes de 2n d&#8217;ESO han rebut l&#8217;Elane de Versembrant, una professional del m\u00f3n del rap. Ella els va parlar d&#8217;aquest estil de m\u00fasica, dels or\u00edgens i de com es viu en l&#8217;actualitat. Tamb\u00e9 van rapejar a classe i finalment van escriure ells la lletra d&#8217;una can\u00e7\u00f3 que van enregistrar durant l&#8217;\u00faltima sessi\u00f3, i que ser\u00e0 la que enviarem als Premis. Una molt bona experi\u00e8ncia!<\/li>\n<\/ul>\n<p><a href=\"https:\/\/agora.xtec.cat\/iesacumella\/wp-content\/uploads\/usu1642\/2023\/03\/IMG_2814-scaled.jpeg\"><img loading=\"lazy\" decoding=\"async\" class=\"size-large wp-image-8966 aligncenter\" src=\"https:\/\/agora.xtec.cat\/iesacumella\/wp-content\/uploads\/usu1642\/2023\/03\/IMG_2814-768x1024.jpeg\" alt=\"\" width=\"768\" height=\"1024\" srcset=\"https:\/\/agora.xtec.cat\/iesacumella\/wp-content\/uploads\/usu1642\/2023\/03\/IMG_2814-768x1024.jpeg 768w, https:\/\/agora.xtec.cat\/iesacumella\/wp-content\/uploads\/usu1642\/2023\/03\/IMG_2814-225x300.jpeg 225w, https:\/\/agora.xtec.cat\/iesacumella\/wp-content\/uploads\/usu1642\/2023\/03\/IMG_2814-1152x1536.jpeg 1152w, https:\/\/agora.xtec.cat\/iesacumella\/wp-content\/uploads\/usu1642\/2023\/03\/IMG_2814-1536x2048.jpeg 1536w, https:\/\/agora.xtec.cat\/iesacumella\/wp-content\/uploads\/usu1642\/2023\/03\/IMG_2814-scaled.jpeg 1920w\" sizes=\"auto, (max-width: 768px) 100vw, 768px\" \/><\/a><\/p>\n","protected":false},"excerpt":{"rendered":"<ul>\n<li>Per participar als Premis Sambori d&#8217;\u00d2mnium Cultural, alguns alumnes de 2n d&#8217;ESO han rebut l&#8217;Elane de Versembrant, una professional del m\u00f3n del rap. Ella els va parlar d&#8217;aquest estil de m\u00fasica, dels or\u00edgens i de com es viu en l&#8217;actualitat. Tamb\u00e9 van rapejar a classe&hellip;  <a href=\"https:\/\/agora.xtec.cat\/iesacumella\/portada\/general\/rapejant-amb-versembrant\/\" title=\"Read RAPEJANT AMB VERSEMBRANT!\">Llegeix m\u00e9s\u00bb<\/a><br \/>\n","protected":false},"author":18,"featured_media":0,"comment_status":"closed","ping_status":"closed","sticky":false,"template":"","format":"standard","meta":{"_bbp_topic_count":0,"_bbp_reply_count":0,"_bbp_total_topic_count":0,"_bbp_total_reply_count":0,"_bbp_voice_count":0,"_bbp_anonymous_reply_count":0,"_bbp_topic_count_hidden":0,"_bbp_reply_count_hidden":0,"_bbp_forum_subforum_count":0,"footnotes":""},"categories":[1],"tags":[],"class_list":["post-8965","post","type-post","status-publish","format-standard","hentry","category-general"],"post_mailing_queue_ids":[],"_links":{"self":[{"href":"https:\/\/agora.xtec.cat\/iesacumella\/wp-json\/wp\/v2\/posts\/8965","targetHints":{"allow":["GET"]}}],"collection":[{"href":"https:\/\/agora.xtec.cat\/iesacumella\/wp-json\/wp\/v2\/posts"}],"about":[{"href":"https:\/\/agora.xtec.cat\/iesacumella\/wp-json\/wp\/v2\/types\/post"}],"author":[{"embeddable":true,"href":"https:\/\/agora.xtec.cat\/iesacumella\/wp-json\/wp\/v2\/users\/18"}],"replies":[{"embeddable":true,"href":"https:\/\/agora.xtec.cat\/iesacumella\/wp-json\/wp\/v2\/comments?post=8965"}],"version-history":[{"count":1,"href":"https:\/\/agora.xtec.cat\/iesacumella\/wp-json\/wp\/v2\/posts\/8965\/revisions"}],"predecessor-version":[{"id":8967,"href":"https:\/\/agora.xtec.cat\/iesacumella\/wp-json\/wp\/v2\/posts\/8965\/revisions\/8967"}],"wp:attachment":[{"href":"https:\/\/agora.xtec.cat\/iesacumella\/wp-json\/wp\/v2\/media?parent=8965"}],"wp:term":[{"taxonomy":"category","embeddable":true,"href":"https:\/\/agora.xtec.cat\/iesacumella\/wp-json\/wp\/v2\/categories?post=8965"},{"taxonomy":"post_tag","embeddable":true,"href":"https:\/\/agora.xtec.cat\/iesacumella\/wp-json\/wp\/v2\/tags?post=8965"}],"curies":[{"name":"wp","href":"https:\/\/api.w.org\/{rel}","templated":true}]}}