{"id":8959,"date":"2023-03-14T13:31:10","date_gmt":"2023-03-14T12:31:10","guid":{"rendered":"https:\/\/agora.xtec.cat\/iesacumella\/?p=8959"},"modified":"2023-03-14T13:31:10","modified_gmt":"2023-03-14T12:31:10","slug":"sortida-al-servei-de-microscopia-de-la-uab","status":"publish","type":"post","link":"https:\/\/agora.xtec.cat\/iesacumella\/portada\/general\/sortida-al-servei-de-microscopia-de-la-uab\/","title":{"rendered":"Sortida al Servei de Microsc\u00f2pia de la UAB"},"content":{"rendered":"<p><span style=\"color: #000000;font-family: arial, sans-serif\">Amb l&#8217;alumnat de Biologia de 2n de Batx hem realitzat una <strong>sortida al Servei de Microsc\u00f2pia de la UAB<\/strong>. <\/span><span style=\"color: #000000\"><span style=\"font-family: arial, sans-serif\">En aquesta visita v\u00e0rem aprofundir en la utilitzaci\u00f3 de t\u00e8cniques de microsc\u00f2pia \u00f2ptica avan\u00e7ada i electr\u00f2nica, indispensables per estudis en camps com la ci\u00e8ncia de materials, ci\u00e8ncies biom\u00e8diques i nanotecnologia, entre d&#8217;altres. <\/span>Agra\u00efm molt\u00edssim les magn\u00edfiques explicacions dels microscopis\u00a0electr\u00f2nics\u00a0<\/span>SEM i TEM!\u00a0<span style=\"color: #000000\"><br \/>\n<\/span><\/p>\n<p><a href=\"https:\/\/agora.xtec.cat\/iesacumella\/wp-content\/uploads\/usu1642\/2023\/03\/20230301_101346-scaled.jpg\"><img loading=\"lazy\" decoding=\"async\" class=\"alignnone size-large wp-image-8960\" src=\"https:\/\/agora.xtec.cat\/iesacumella\/wp-content\/uploads\/usu1642\/2023\/03\/20230301_101346-1024x576.jpg\" alt=\"\" width=\"1024\" height=\"576\" srcset=\"https:\/\/agora.xtec.cat\/iesacumella\/wp-content\/uploads\/usu1642\/2023\/03\/20230301_101346-1024x576.jpg 1024w, https:\/\/agora.xtec.cat\/iesacumella\/wp-content\/uploads\/usu1642\/2023\/03\/20230301_101346-300x169.jpg 300w, https:\/\/agora.xtec.cat\/iesacumella\/wp-content\/uploads\/usu1642\/2023\/03\/20230301_101346-768x432.jpg 768w, https:\/\/agora.xtec.cat\/iesacumella\/wp-content\/uploads\/usu1642\/2023\/03\/20230301_101346-1536x864.jpg 1536w, https:\/\/agora.xtec.cat\/iesacumella\/wp-content\/uploads\/usu1642\/2023\/03\/20230301_101346-2048x1152.jpg 2048w\" sizes=\"auto, (max-width: 1024px) 100vw, 1024px\" \/><\/a> <a href=\"https:\/\/agora.xtec.cat\/iesacumella\/wp-content\/uploads\/usu1642\/2023\/03\/20230301_122734-scaled.jpg\"><img loading=\"lazy\" decoding=\"async\" class=\"alignnone size-large wp-image-8962\" src=\"https:\/\/agora.xtec.cat\/iesacumella\/wp-content\/uploads\/usu1642\/2023\/03\/20230301_122734-1024x576.jpg\" alt=\"\" width=\"1024\" height=\"576\" srcset=\"https:\/\/agora.xtec.cat\/iesacumella\/wp-content\/uploads\/usu1642\/2023\/03\/20230301_122734-1024x576.jpg 1024w, https:\/\/agora.xtec.cat\/iesacumella\/wp-content\/uploads\/usu1642\/2023\/03\/20230301_122734-300x169.jpg 300w, https:\/\/agora.xtec.cat\/iesacumella\/wp-content\/uploads\/usu1642\/2023\/03\/20230301_122734-768x432.jpg 768w, https:\/\/agora.xtec.cat\/iesacumella\/wp-content\/uploads\/usu1642\/2023\/03\/20230301_122734-1536x864.jpg 1536w, https:\/\/agora.xtec.cat\/iesacumella\/wp-content\/uploads\/usu1642\/2023\/03\/20230301_122734-2048x1152.jpg 2048w\" sizes=\"auto, (max-width: 1024px) 100vw, 1024px\" \/><\/a><\/p>\n<p><a href=\"https:\/\/agora.xtec.cat\/iesacumella\/wp-content\/uploads\/usu1642\/2023\/03\/20230301_104801-2-scaled.jpg\"><img loading=\"lazy\" decoding=\"async\" class=\"alignnone size-large wp-image-8961\" src=\"https:\/\/agora.xtec.cat\/iesacumella\/wp-content\/uploads\/usu1642\/2023\/03\/20230301_104801-2-576x1024.jpg\" alt=\"\" width=\"576\" height=\"1024\" srcset=\"https:\/\/agora.xtec.cat\/iesacumella\/wp-content\/uploads\/usu1642\/2023\/03\/20230301_104801-2-576x1024.jpg 576w, https:\/\/agora.xtec.cat\/iesacumella\/wp-content\/uploads\/usu1642\/2023\/03\/20230301_104801-2-169x300.jpg 169w, https:\/\/agora.xtec.cat\/iesacumella\/wp-content\/uploads\/usu1642\/2023\/03\/20230301_104801-2-768x1365.jpg 768w, https:\/\/agora.xtec.cat\/iesacumella\/wp-content\/uploads\/usu1642\/2023\/03\/20230301_104801-2-864x1536.jpg 864w, https:\/\/agora.xtec.cat\/iesacumella\/wp-content\/uploads\/usu1642\/2023\/03\/20230301_104801-2-1152x2048.jpg 1152w, https:\/\/agora.xtec.cat\/iesacumella\/wp-content\/uploads\/usu1642\/2023\/03\/20230301_104801-2-scaled.jpg 1440w\" sizes=\"auto, (max-width: 576px) 100vw, 576px\" \/><\/a><\/p>\n","protected":false},"excerpt":{"rendered":"<p>Amb l&#8217;alumnat de Biologia de 2n de Batx hem realitzat una sortida al Servei de Microsc\u00f2pia de la UAB. En aquesta visita v\u00e0rem aprofundir en la utilitzaci\u00f3 de t\u00e8cniques de microsc\u00f2pia \u00f2ptica avan\u00e7ada i electr\u00f2nica, indispensables per estudis en camps com la ci\u00e8ncia de materials,&hellip;  <a href=\"https:\/\/agora.xtec.cat\/iesacumella\/portada\/general\/sortida-al-servei-de-microscopia-de-la-uab\/\" title=\"Read Sortida al Servei de Microsc\u00f2pia de la UAB\">Llegeix m\u00e9s\u00bb<\/a><\/p>\n","protected":false},"author":18,"featured_media":0,"comment_status":"closed","ping_status":"closed","sticky":false,"template":"","format":"standard","meta":{"_bbp_topic_count":0,"_bbp_reply_count":0,"_bbp_total_topic_count":0,"_bbp_total_reply_count":0,"_bbp_voice_count":0,"_bbp_anonymous_reply_count":0,"_bbp_topic_count_hidden":0,"_bbp_reply_count_hidden":0,"_bbp_forum_subforum_count":0,"footnotes":""},"categories":[1],"tags":[],"class_list":["post-8959","post","type-post","status-publish","format-standard","hentry","category-general"],"post_mailing_queue_ids":[],"_links":{"self":[{"href":"https:\/\/agora.xtec.cat\/iesacumella\/wp-json\/wp\/v2\/posts\/8959","targetHints":{"allow":["GET"]}}],"collection":[{"href":"https:\/\/agora.xtec.cat\/iesacumella\/wp-json\/wp\/v2\/posts"}],"about":[{"href":"https:\/\/agora.xtec.cat\/iesacumella\/wp-json\/wp\/v2\/types\/post"}],"author":[{"embeddable":true,"href":"https:\/\/agora.xtec.cat\/iesacumella\/wp-json\/wp\/v2\/users\/18"}],"replies":[{"embeddable":true,"href":"https:\/\/agora.xtec.cat\/iesacumella\/wp-json\/wp\/v2\/comments?post=8959"}],"version-history":[{"count":2,"href":"https:\/\/agora.xtec.cat\/iesacumella\/wp-json\/wp\/v2\/posts\/8959\/revisions"}],"predecessor-version":[{"id":8964,"href":"https:\/\/agora.xtec.cat\/iesacumella\/wp-json\/wp\/v2\/posts\/8959\/revisions\/8964"}],"wp:attachment":[{"href":"https:\/\/agora.xtec.cat\/iesacumella\/wp-json\/wp\/v2\/media?parent=8959"}],"wp:term":[{"taxonomy":"category","embeddable":true,"href":"https:\/\/agora.xtec.cat\/iesacumella\/wp-json\/wp\/v2\/categories?post=8959"},{"taxonomy":"post_tag","embeddable":true,"href":"https:\/\/agora.xtec.cat\/iesacumella\/wp-json\/wp\/v2\/tags?post=8959"}],"curies":[{"name":"wp","href":"https:\/\/api.w.org\/{rel}","templated":true}]}}