{"id":8846,"date":"2022-11-29T13:10:56","date_gmt":"2022-11-29T12:10:56","guid":{"rendered":"https:\/\/agora.xtec.cat\/iesacumella\/?p=8846"},"modified":"2022-11-29T13:24:04","modified_gmt":"2022-11-29T12:24:04","slug":"plantem-cara-a-les-violencies-masclistes","status":"publish","type":"post","link":"https:\/\/agora.xtec.cat\/iesacumella\/portada\/general\/plantem-cara-a-les-violencies-masclistes\/","title":{"rendered":"Plantem cara a les viol\u00e8ncies masclistes"},"content":{"rendered":"<p dir=\"ltr\">Amb motiu del 25N, a l\u2019institut tanquem una setmana dedicada a la reflexi\u00f3 i la lluita contra les viol\u00e8ncies masclistes.<\/p>\n<p dir=\"ltr\">Aquests dies, hem organitzat tallers i din\u00e0miques de sensibilitzaci\u00f3 sobre les diverses viol\u00e8ncies que provoquen les desigualtats de g\u00e8nere (i no nom\u00e9s aquestes) a la nostra societat. Tamb\u00e9, hem dut a terme lectures relacionades amb les viol\u00e8ncies masclistes i l\u2019alumnat ha pogut fabricar xapes reivindicatives per escampar missatges feministes.<\/p>\n<p dir=\"ltr\">El divendres 25 de novembre, el Dia Internacional contra les Viol\u00e8ncies Masclistes, alumnes i professorat vam fer un gran cercle hum\u00e0 al pati, on vam llegir un manifest de rebuig a aquesta xacra social.<\/p>\n<p><span id=\"m_478973350378572218gmail-docs-internal-guid-4249ccaf-7fff-e496-eafe-407ec0349b43\"><span style=\"color: #351c75\">Finalment, el vest\u00edbul del centre ha acollit l\u2019exposici\u00f3 <em>Lliures i sense l\u00edmits<\/em>, comissariada per l\u2019Institut Catal\u00e0 de les Dones i Creaci\u00f3n Positiva. Aquesta mostra reivindica el dret a la llibertat sexual i seguretat de les dones en l\u2019\u00e0mbit p\u00fablic i privat. Alhora, ajuda a identificar les diferents viol\u00e8ncies sexuals, les seves causes i explica com cal actuar per combatre-les.<\/span><\/span><\/p>\n<p><a href=\"https:\/\/agora.xtec.cat\/iesacumella\/wp-content\/uploads\/usu1642\/2022\/11\/xapes.jpg\"><img loading=\"lazy\" decoding=\"async\" class=\"alignnone size-large wp-image-8847\" src=\"https:\/\/agora.xtec.cat\/iesacumella\/wp-content\/uploads\/usu1642\/2022\/11\/xapes-1024x768.jpg\" alt=\"\" width=\"1024\" height=\"768\" srcset=\"https:\/\/agora.xtec.cat\/iesacumella\/wp-content\/uploads\/usu1642\/2022\/11\/xapes-1024x768.jpg 1024w, https:\/\/agora.xtec.cat\/iesacumella\/wp-content\/uploads\/usu1642\/2022\/11\/xapes-300x225.jpg 300w, https:\/\/agora.xtec.cat\/iesacumella\/wp-content\/uploads\/usu1642\/2022\/11\/xapes-768x576.jpg 768w, https:\/\/agora.xtec.cat\/iesacumella\/wp-content\/uploads\/usu1642\/2022\/11\/xapes-1536x1152.jpg 1536w, https:\/\/agora.xtec.cat\/iesacumella\/wp-content\/uploads\/usu1642\/2022\/11\/xapes-200x150.jpg 200w, https:\/\/agora.xtec.cat\/iesacumella\/wp-content\/uploads\/usu1642\/2022\/11\/xapes.jpg 2016w\" sizes=\"auto, (max-width: 1024px) 100vw, 1024px\" \/><\/a><\/p>\n<p><a href=\"https:\/\/agora.xtec.cat\/iesacumella\/wp-content\/uploads\/usu1642\/2022\/11\/cercle.jpg\"><img loading=\"lazy\" decoding=\"async\" class=\"alignnone size-large wp-image-8848\" src=\"https:\/\/agora.xtec.cat\/iesacumella\/wp-content\/uploads\/usu1642\/2022\/11\/cercle-1024x731.jpg\" alt=\"\" width=\"1024\" height=\"731\" srcset=\"https:\/\/agora.xtec.cat\/iesacumella\/wp-content\/uploads\/usu1642\/2022\/11\/cercle-1024x731.jpg 1024w, https:\/\/agora.xtec.cat\/iesacumella\/wp-content\/uploads\/usu1642\/2022\/11\/cercle-300x214.jpg 300w, https:\/\/agora.xtec.cat\/iesacumella\/wp-content\/uploads\/usu1642\/2022\/11\/cercle-768x548.jpg 768w, https:\/\/agora.xtec.cat\/iesacumella\/wp-content\/uploads\/usu1642\/2022\/11\/cercle-1536x1097.jpg 1536w, https:\/\/agora.xtec.cat\/iesacumella\/wp-content\/uploads\/usu1642\/2022\/11\/cercle.jpg 2017w\" sizes=\"auto, (max-width: 1024px) 100vw, 1024px\" \/><\/a><\/p>\n","protected":false},"excerpt":{"rendered":"<p>Amb motiu del 25N, a l\u2019institut tanquem una setmana dedicada a la reflexi\u00f3 i la lluita contra les viol\u00e8ncies masclistes.<br \/>\nAquests dies, hem organitzat tallers i din\u00e0miques de sensibilitzaci\u00f3 sobre les diverses viol\u00e8ncies que provoquen les desigualtats de g\u00e8nere (i no nom\u00e9s aquestes) a la nostra&hellip;  <a href=\"https:\/\/agora.xtec.cat\/iesacumella\/portada\/general\/plantem-cara-a-les-violencies-masclistes\/\" title=\"Read Plantem cara a les viol\u00e8ncies masclistes\">Llegeix m\u00e9s\u00bb<\/a><\/p>\n","protected":false},"author":18,"featured_media":0,"comment_status":"closed","ping_status":"closed","sticky":false,"template":"","format":"standard","meta":{"_bbp_topic_count":0,"_bbp_reply_count":0,"_bbp_total_topic_count":0,"_bbp_total_reply_count":0,"_bbp_voice_count":0,"_bbp_anonymous_reply_count":0,"_bbp_topic_count_hidden":0,"_bbp_reply_count_hidden":0,"_bbp_forum_subforum_count":0,"footnotes":""},"categories":[1],"tags":[],"class_list":["post-8846","post","type-post","status-publish","format-standard","hentry","category-general"],"post_mailing_queue_ids":[],"_links":{"self":[{"href":"https:\/\/agora.xtec.cat\/iesacumella\/wp-json\/wp\/v2\/posts\/8846","targetHints":{"allow":["GET"]}}],"collection":[{"href":"https:\/\/agora.xtec.cat\/iesacumella\/wp-json\/wp\/v2\/posts"}],"about":[{"href":"https:\/\/agora.xtec.cat\/iesacumella\/wp-json\/wp\/v2\/types\/post"}],"author":[{"embeddable":true,"href":"https:\/\/agora.xtec.cat\/iesacumella\/wp-json\/wp\/v2\/users\/18"}],"replies":[{"embeddable":true,"href":"https:\/\/agora.xtec.cat\/iesacumella\/wp-json\/wp\/v2\/comments?post=8846"}],"version-history":[{"count":3,"href":"https:\/\/agora.xtec.cat\/iesacumella\/wp-json\/wp\/v2\/posts\/8846\/revisions"}],"predecessor-version":[{"id":8851,"href":"https:\/\/agora.xtec.cat\/iesacumella\/wp-json\/wp\/v2\/posts\/8846\/revisions\/8851"}],"wp:attachment":[{"href":"https:\/\/agora.xtec.cat\/iesacumella\/wp-json\/wp\/v2\/media?parent=8846"}],"wp:term":[{"taxonomy":"category","embeddable":true,"href":"https:\/\/agora.xtec.cat\/iesacumella\/wp-json\/wp\/v2\/categories?post=8846"},{"taxonomy":"post_tag","embeddable":true,"href":"https:\/\/agora.xtec.cat\/iesacumella\/wp-json\/wp\/v2\/tags?post=8846"}],"curies":[{"name":"wp","href":"https:\/\/api.w.org\/{rel}","templated":true}]}}