{"id":8840,"date":"2022-11-23T09:50:44","date_gmt":"2022-11-23T08:50:44","guid":{"rendered":"https:\/\/agora.xtec.cat\/iesacumella\/?p=8840"},"modified":"2022-11-23T09:50:44","modified_gmt":"2022-11-23T08:50:44","slug":"socials-en-angles","status":"publish","type":"post","link":"https:\/\/agora.xtec.cat\/iesacumella\/portada\/general\/socials-en-angles\/","title":{"rendered":"Socials en angl\u00e8s!"},"content":{"rendered":"<p dir=\"ltr\">A 2n d\u2019ESO, tamb\u00e9 apliquem la metodologia AICLE a les Ci\u00e8ncies Socials. Aquests dies, hem treballat la formaci\u00f3 d\u2019Europa (segles VI &#8211; XII) per con\u00e8ixer-ne els fets hist\u00f2rics m\u00e9s importants.<\/p>\n<p dir=\"ltr\">A la classe, ens hem organitzat en cinc grups col\u00b7laboratius per investigar i aprofundir en el passat dels pobles v\u00edking, visigot i franc, de l\u2019Imperi Bizant\u00ed i tamb\u00e9 d&#8217;Anglaterra (els anglesos i els saxons).<\/p>\n<p dir=\"ltr\">Una part de la recerca l\u2019hem feta en angl\u00e8s i, tamb\u00e9, l\u2019hem presentat en aquesta llengua davant de la resta de la classe. El resultat de la feina ha estat molt bo! I ens ha perm\u00e8s, no nom\u00e9s endinsar-nos en aquests per\u00edodes de la hist\u00f2ria, sin\u00f3 tamb\u00e9 expressar-nos en llengua anglesa i fer servir aquesta llengua estrangera en l&#8217;aprenentatge de les Ci\u00e8ncies Socials.<\/p>\n<p dir=\"ltr\">\n<p dir=\"ltr\"><a href=\"https:\/\/agora.xtec.cat\/iesacumella\/wp-content\/uploads\/usu1642\/2022\/11\/History.jpg\"><img loading=\"lazy\" decoding=\"async\" class=\"alignnone size-large wp-image-8841\" src=\"https:\/\/agora.xtec.cat\/iesacumella\/wp-content\/uploads\/usu1642\/2022\/11\/History-1024x768.jpg\" alt=\"\" width=\"1024\" height=\"768\" srcset=\"https:\/\/agora.xtec.cat\/iesacumella\/wp-content\/uploads\/usu1642\/2022\/11\/History-1024x768.jpg 1024w, https:\/\/agora.xtec.cat\/iesacumella\/wp-content\/uploads\/usu1642\/2022\/11\/History-300x225.jpg 300w, https:\/\/agora.xtec.cat\/iesacumella\/wp-content\/uploads\/usu1642\/2022\/11\/History-768x576.jpg 768w, https:\/\/agora.xtec.cat\/iesacumella\/wp-content\/uploads\/usu1642\/2022\/11\/History-1536x1153.jpg 1536w, https:\/\/agora.xtec.cat\/iesacumella\/wp-content\/uploads\/usu1642\/2022\/11\/History-200x150.jpg 200w, https:\/\/agora.xtec.cat\/iesacumella\/wp-content\/uploads\/usu1642\/2022\/11\/History.jpg 1599w\" sizes=\"auto, (max-width: 1024px) 100vw, 1024px\" \/><\/a><\/p>\n","protected":false},"excerpt":{"rendered":"<p>A 2n d\u2019ESO, tamb\u00e9 apliquem la metodologia AICLE a les Ci\u00e8ncies Socials. Aquests dies, hem treballat la formaci\u00f3 d\u2019Europa (segles VI &#8211; XII) per con\u00e8ixer-ne els fets hist\u00f2rics m\u00e9s importants.<br \/>\nA la classe, ens hem organitzat en cinc grups col\u00b7laboratius per investigar i aprofundir en el&hellip;  <a href=\"https:\/\/agora.xtec.cat\/iesacumella\/portada\/general\/socials-en-angles\/\" title=\"Read Socials en angl\u00e8s!\">Llegeix m\u00e9s\u00bb<\/a><\/p>\n","protected":false},"author":18,"featured_media":0,"comment_status":"closed","ping_status":"closed","sticky":false,"template":"","format":"standard","meta":{"_bbp_topic_count":0,"_bbp_reply_count":0,"_bbp_total_topic_count":0,"_bbp_total_reply_count":0,"_bbp_voice_count":0,"_bbp_anonymous_reply_count":0,"_bbp_topic_count_hidden":0,"_bbp_reply_count_hidden":0,"_bbp_forum_subforum_count":0,"footnotes":""},"categories":[1],"tags":[],"class_list":["post-8840","post","type-post","status-publish","format-standard","hentry","category-general"],"post_mailing_queue_ids":[],"_links":{"self":[{"href":"https:\/\/agora.xtec.cat\/iesacumella\/wp-json\/wp\/v2\/posts\/8840","targetHints":{"allow":["GET"]}}],"collection":[{"href":"https:\/\/agora.xtec.cat\/iesacumella\/wp-json\/wp\/v2\/posts"}],"about":[{"href":"https:\/\/agora.xtec.cat\/iesacumella\/wp-json\/wp\/v2\/types\/post"}],"author":[{"embeddable":true,"href":"https:\/\/agora.xtec.cat\/iesacumella\/wp-json\/wp\/v2\/users\/18"}],"replies":[{"embeddable":true,"href":"https:\/\/agora.xtec.cat\/iesacumella\/wp-json\/wp\/v2\/comments?post=8840"}],"version-history":[{"count":2,"href":"https:\/\/agora.xtec.cat\/iesacumella\/wp-json\/wp\/v2\/posts\/8840\/revisions"}],"predecessor-version":[{"id":8843,"href":"https:\/\/agora.xtec.cat\/iesacumella\/wp-json\/wp\/v2\/posts\/8840\/revisions\/8843"}],"wp:attachment":[{"href":"https:\/\/agora.xtec.cat\/iesacumella\/wp-json\/wp\/v2\/media?parent=8840"}],"wp:term":[{"taxonomy":"category","embeddable":true,"href":"https:\/\/agora.xtec.cat\/iesacumella\/wp-json\/wp\/v2\/categories?post=8840"},{"taxonomy":"post_tag","embeddable":true,"href":"https:\/\/agora.xtec.cat\/iesacumella\/wp-json\/wp\/v2\/tags?post=8840"}],"curies":[{"name":"wp","href":"https:\/\/api.w.org\/{rel}","templated":true}]}}