{"id":8815,"date":"2022-11-04T12:44:37","date_gmt":"2022-11-04T11:44:37","guid":{"rendered":"https:\/\/agora.xtec.cat\/iesacumella\/?p=8815"},"modified":"2022-11-04T12:44:37","modified_gmt":"2022-11-04T11:44:37","slug":"auxiliar-de-conversa-en-angles","status":"publish","type":"post","link":"https:\/\/agora.xtec.cat\/iesacumella\/portada\/general\/auxiliar-de-conversa-en-angles\/","title":{"rendered":"Auxiliar de conversa en angl\u00e8s"},"content":{"rendered":"<p>L\u2019institut compta, des del passat mes d\u2019octubre, amb una auxiliar de conversa en llengua anglesa. La jove es diu Barbara Loncar, \u00e9s del Regne Unit i s\u2019ha traslladat a Catalunya per iniciar les seves classes al centre, on ofereix suport ling\u00fc\u00edstic en diversos grups de l\u2019ESO. Per a l\u2019alumnat, la figura de la Barbara suposa una oportunitat per estimular l&#8217;aprenentatge de la llengua anglesa amb una persona nativa i con\u00e8ixer la cultura d\u2019un altre pa\u00eds.<\/p>\n<p>El Programa d\u2019auxiliars de conversa, que gestiona el Ministeri d\u2019Educaci\u00f3, s\u2019emmarca dins del conjunt d\u2019actuacions destinades a donar suport a aquells centres que desenvolupen un projecte innovador per a la gesti\u00f3 de les lleng\u00fces estrangeres curriculars. \u00c9s per aix\u00f2 que l\u2019institut n\u2019ha pogut ser beneficiari, ja que forma part del projecte Generaci\u00f3 Pluriling\u00fce (GEP) del Departament d&#8217;Educaci\u00f3 i del programa Erasmus+ de la Uni\u00f3 Europea.<a href=\"https:\/\/agora.xtec.cat\/iesacumella\/wp-content\/uploads\/usu1642\/2022\/11\/Barbara-1.jpg\"><img loading=\"lazy\" decoding=\"async\" class=\"alignnone size-full wp-image-8816\" src=\"https:\/\/agora.xtec.cat\/iesacumella\/wp-content\/uploads\/usu1642\/2022\/11\/Barbara-1.jpg\" alt=\"\" width=\"800\" height=\"599\" srcset=\"https:\/\/agora.xtec.cat\/iesacumella\/wp-content\/uploads\/usu1642\/2022\/11\/Barbara-1.jpg 800w, https:\/\/agora.xtec.cat\/iesacumella\/wp-content\/uploads\/usu1642\/2022\/11\/Barbara-1-300x225.jpg 300w, https:\/\/agora.xtec.cat\/iesacumella\/wp-content\/uploads\/usu1642\/2022\/11\/Barbara-1-768x575.jpg 768w, https:\/\/agora.xtec.cat\/iesacumella\/wp-content\/uploads\/usu1642\/2022\/11\/Barbara-1-200x150.jpg 200w\" sizes=\"auto, (max-width: 800px) 100vw, 800px\" \/><\/a><\/p>\n<p><a href=\"https:\/\/agora.xtec.cat\/iesacumella\/wp-content\/uploads\/usu1642\/2022\/11\/BARBARA-2.jpg\"><img loading=\"lazy\" decoding=\"async\" class=\"alignnone size-large wp-image-8817\" src=\"https:\/\/agora.xtec.cat\/iesacumella\/wp-content\/uploads\/usu1642\/2022\/11\/BARBARA-2-576x1024.jpg\" alt=\"\" width=\"576\" height=\"1024\" srcset=\"https:\/\/agora.xtec.cat\/iesacumella\/wp-content\/uploads\/usu1642\/2022\/11\/BARBARA-2-576x1024.jpg 576w, https:\/\/agora.xtec.cat\/iesacumella\/wp-content\/uploads\/usu1642\/2022\/11\/BARBARA-2-169x300.jpg 169w, https:\/\/agora.xtec.cat\/iesacumella\/wp-content\/uploads\/usu1642\/2022\/11\/BARBARA-2-768x1366.jpg 768w, https:\/\/agora.xtec.cat\/iesacumella\/wp-content\/uploads\/usu1642\/2022\/11\/BARBARA-2-864x1536.jpg 864w, https:\/\/agora.xtec.cat\/iesacumella\/wp-content\/uploads\/usu1642\/2022\/11\/BARBARA-2.jpg 899w\" sizes=\"auto, (max-width: 576px) 100vw, 576px\" \/><\/a><\/p>\n<p><a href=\"https:\/\/agora.xtec.cat\/iesacumella\/wp-content\/uploads\/usu1642\/2022\/11\/BARBARA-3.jpg\"><img loading=\"lazy\" decoding=\"async\" class=\"alignnone size-large wp-image-8818\" src=\"https:\/\/agora.xtec.cat\/iesacumella\/wp-content\/uploads\/usu1642\/2022\/11\/BARBARA-3.jpg\" alt=\"\" width=\"800\" height=\"599\" srcset=\"https:\/\/agora.xtec.cat\/iesacumella\/wp-content\/uploads\/usu1642\/2022\/11\/BARBARA-3.jpg 800w, https:\/\/agora.xtec.cat\/iesacumella\/wp-content\/uploads\/usu1642\/2022\/11\/BARBARA-3-300x225.jpg 300w, https:\/\/agora.xtec.cat\/iesacumella\/wp-content\/uploads\/usu1642\/2022\/11\/BARBARA-3-768x575.jpg 768w, https:\/\/agora.xtec.cat\/iesacumella\/wp-content\/uploads\/usu1642\/2022\/11\/BARBARA-3-200x150.jpg 200w\" sizes=\"auto, (max-width: 800px) 100vw, 800px\" \/><\/a><\/p>\n","protected":false},"excerpt":{"rendered":"<p>L\u2019institut compta, des del passat mes d\u2019octubre, amb una auxiliar de conversa en llengua anglesa. La jove es diu Barbara Loncar, \u00e9s del Regne Unit i s\u2019ha traslladat a Catalunya per iniciar les seves classes al centre, on ofereix suport ling\u00fc\u00edstic en diversos grups de&hellip;  <a href=\"https:\/\/agora.xtec.cat\/iesacumella\/portada\/general\/auxiliar-de-conversa-en-angles\/\" title=\"Read Auxiliar de conversa en angl\u00e8s\">Llegeix m\u00e9s\u00bb<\/a><\/p>\n","protected":false},"author":18,"featured_media":0,"comment_status":"closed","ping_status":"closed","sticky":false,"template":"","format":"standard","meta":{"_bbp_topic_count":0,"_bbp_reply_count":0,"_bbp_total_topic_count":0,"_bbp_total_reply_count":0,"_bbp_voice_count":0,"_bbp_anonymous_reply_count":0,"_bbp_topic_count_hidden":0,"_bbp_reply_count_hidden":0,"_bbp_forum_subforum_count":0,"footnotes":""},"categories":[1],"tags":[],"class_list":["post-8815","post","type-post","status-publish","format-standard","hentry","category-general"],"post_mailing_queue_ids":[],"_links":{"self":[{"href":"https:\/\/agora.xtec.cat\/iesacumella\/wp-json\/wp\/v2\/posts\/8815","targetHints":{"allow":["GET"]}}],"collection":[{"href":"https:\/\/agora.xtec.cat\/iesacumella\/wp-json\/wp\/v2\/posts"}],"about":[{"href":"https:\/\/agora.xtec.cat\/iesacumella\/wp-json\/wp\/v2\/types\/post"}],"author":[{"embeddable":true,"href":"https:\/\/agora.xtec.cat\/iesacumella\/wp-json\/wp\/v2\/users\/18"}],"replies":[{"embeddable":true,"href":"https:\/\/agora.xtec.cat\/iesacumella\/wp-json\/wp\/v2\/comments?post=8815"}],"version-history":[{"count":2,"href":"https:\/\/agora.xtec.cat\/iesacumella\/wp-json\/wp\/v2\/posts\/8815\/revisions"}],"predecessor-version":[{"id":8820,"href":"https:\/\/agora.xtec.cat\/iesacumella\/wp-json\/wp\/v2\/posts\/8815\/revisions\/8820"}],"wp:attachment":[{"href":"https:\/\/agora.xtec.cat\/iesacumella\/wp-json\/wp\/v2\/media?parent=8815"}],"wp:term":[{"taxonomy":"category","embeddable":true,"href":"https:\/\/agora.xtec.cat\/iesacumella\/wp-json\/wp\/v2\/categories?post=8815"},{"taxonomy":"post_tag","embeddable":true,"href":"https:\/\/agora.xtec.cat\/iesacumella\/wp-json\/wp\/v2\/tags?post=8815"}],"curies":[{"name":"wp","href":"https:\/\/api.w.org\/{rel}","templated":true}]}}