{"id":8807,"date":"2022-11-04T09:42:10","date_gmt":"2022-11-04T08:42:10","guid":{"rendered":"https:\/\/agora.xtec.cat\/iesacumella\/?p=8807"},"modified":"2022-11-04T09:44:14","modified_gmt":"2022-11-04T08:44:14","slug":"les-colonies-de-1r-deso","status":"publish","type":"post","link":"https:\/\/agora.xtec.cat\/iesacumella\/portada\/general\/les-colonies-de-1r-deso\/","title":{"rendered":"Les col\u00f2nies de 1r d&#8217;ESO"},"content":{"rendered":"<p>Fa uns dies va ser el torn de l&#8217;alumnat de 1r d&#8217;ESO que va gaudir molt de les seves primeres col\u00f2nies a l&#8217;Institut.<\/p>\n<p>Dilluns 24 va comen\u00e7ar l&#8217;aventura amb el viatge amb tren cap a Planoles. Un cop all\u00e0, vam poder gaudir de l&#8217;entorn de l&#8217;Alberg fent activitats de cohesi\u00f3 de grup. Al vespre, vam fer d&#8217;un Talent Show, en el qual vam descobrir talents amagats i vam acabar la vetllada amb una discoteca amb pista de ball, llums i DJ.<br \/>\nL&#8217;endem\u00e0 tocava caminada per con\u00e8ixer l&#8217;entorn, abans de preparar-se per marxar.<\/p>\n<p>Van ser unes col\u00f2nies curtes per\u00f2 les vam aprofitar molt i hem pogut con\u00e8ixer-nos tots plegats una mica m\u00e9s. Ara, ja esperem amb ganes l&#8217;esquiada al gener!<\/p>\n<p><a href=\"https:\/\/agora.xtec.cat\/iesacumella\/wp-content\/uploads\/usu1642\/2022\/11\/20221025_105306.jpg\"><img loading=\"lazy\" decoding=\"async\" class=\"alignnone size-full wp-image-8808\" src=\"https:\/\/agora.xtec.cat\/iesacumella\/wp-content\/uploads\/usu1642\/2022\/11\/20221025_105306.jpg\" alt=\"\" width=\"807\" height=\"605\" srcset=\"https:\/\/agora.xtec.cat\/iesacumella\/wp-content\/uploads\/usu1642\/2022\/11\/20221025_105306.jpg 807w, https:\/\/agora.xtec.cat\/iesacumella\/wp-content\/uploads\/usu1642\/2022\/11\/20221025_105306-300x225.jpg 300w, https:\/\/agora.xtec.cat\/iesacumella\/wp-content\/uploads\/usu1642\/2022\/11\/20221025_105306-768x576.jpg 768w, https:\/\/agora.xtec.cat\/iesacumella\/wp-content\/uploads\/usu1642\/2022\/11\/20221025_105306-200x150.jpg 200w\" sizes=\"auto, (max-width: 807px) 100vw, 807px\" \/><\/a><\/p>\n<p>&nbsp;<\/p>\n<p><a href=\"https:\/\/agora.xtec.cat\/iesacumella\/wp-content\/uploads\/usu1642\/2022\/11\/1666889304372.jpg\"><img loading=\"lazy\" decoding=\"async\" class=\"alignnone size-large wp-image-8809\" src=\"https:\/\/agora.xtec.cat\/iesacumella\/wp-content\/uploads\/usu1642\/2022\/11\/1666889304372.jpg\" alt=\"\" width=\"800\" height=\"369\" srcset=\"https:\/\/agora.xtec.cat\/iesacumella\/wp-content\/uploads\/usu1642\/2022\/11\/1666889304372.jpg 800w, https:\/\/agora.xtec.cat\/iesacumella\/wp-content\/uploads\/usu1642\/2022\/11\/1666889304372-300x138.jpg 300w, https:\/\/agora.xtec.cat\/iesacumella\/wp-content\/uploads\/usu1642\/2022\/11\/1666889304372-768x354.jpg 768w\" sizes=\"auto, (max-width: 800px) 100vw, 800px\" \/><\/a><\/p>\n<p><a href=\"https:\/\/agora.xtec.cat\/iesacumella\/wp-content\/uploads\/usu1642\/2022\/11\/1666889304475.jpg\"><img loading=\"lazy\" decoding=\"async\" class=\"alignnone size-full wp-image-8812\" src=\"https:\/\/agora.xtec.cat\/iesacumella\/wp-content\/uploads\/usu1642\/2022\/11\/1666889304475.jpg\" alt=\"\" width=\"653\" height=\"301\" srcset=\"https:\/\/agora.xtec.cat\/iesacumella\/wp-content\/uploads\/usu1642\/2022\/11\/1666889304475.jpg 653w, https:\/\/agora.xtec.cat\/iesacumella\/wp-content\/uploads\/usu1642\/2022\/11\/1666889304475-300x138.jpg 300w\" sizes=\"auto, (max-width: 653px) 100vw, 653px\" \/><\/a><\/p>\n","protected":false},"excerpt":{"rendered":"<p>Fa uns dies va ser el torn de l&#8217;alumnat de 1r d&#8217;ESO que va gaudir molt de les seves primeres col\u00f2nies a l&#8217;Institut.<br \/>\nDilluns 24 va comen\u00e7ar l&#8217;aventura amb el viatge amb tren cap a Planoles. Un cop all\u00e0, vam poder gaudir de l&#8217;entorn de l&#8217;Alberg&hellip;  <a href=\"https:\/\/agora.xtec.cat\/iesacumella\/portada\/general\/les-colonies-de-1r-deso\/\" title=\"Read Les col\u00f2nies de 1r d&#8217;ESO\">Llegeix m\u00e9s\u00bb<\/a><\/p>\n","protected":false},"author":18,"featured_media":0,"comment_status":"closed","ping_status":"closed","sticky":false,"template":"","format":"standard","meta":{"_bbp_topic_count":0,"_bbp_reply_count":0,"_bbp_total_topic_count":0,"_bbp_total_reply_count":0,"_bbp_voice_count":0,"_bbp_anonymous_reply_count":0,"_bbp_topic_count_hidden":0,"_bbp_reply_count_hidden":0,"_bbp_forum_subforum_count":0,"footnotes":""},"categories":[1],"tags":[],"class_list":["post-8807","post","type-post","status-publish","format-standard","hentry","category-general"],"post_mailing_queue_ids":[],"_links":{"self":[{"href":"https:\/\/agora.xtec.cat\/iesacumella\/wp-json\/wp\/v2\/posts\/8807","targetHints":{"allow":["GET"]}}],"collection":[{"href":"https:\/\/agora.xtec.cat\/iesacumella\/wp-json\/wp\/v2\/posts"}],"about":[{"href":"https:\/\/agora.xtec.cat\/iesacumella\/wp-json\/wp\/v2\/types\/post"}],"author":[{"embeddable":true,"href":"https:\/\/agora.xtec.cat\/iesacumella\/wp-json\/wp\/v2\/users\/18"}],"replies":[{"embeddable":true,"href":"https:\/\/agora.xtec.cat\/iesacumella\/wp-json\/wp\/v2\/comments?post=8807"}],"version-history":[{"count":3,"href":"https:\/\/agora.xtec.cat\/iesacumella\/wp-json\/wp\/v2\/posts\/8807\/revisions"}],"predecessor-version":[{"id":8814,"href":"https:\/\/agora.xtec.cat\/iesacumella\/wp-json\/wp\/v2\/posts\/8807\/revisions\/8814"}],"wp:attachment":[{"href":"https:\/\/agora.xtec.cat\/iesacumella\/wp-json\/wp\/v2\/media?parent=8807"}],"wp:term":[{"taxonomy":"category","embeddable":true,"href":"https:\/\/agora.xtec.cat\/iesacumella\/wp-json\/wp\/v2\/categories?post=8807"},{"taxonomy":"post_tag","embeddable":true,"href":"https:\/\/agora.xtec.cat\/iesacumella\/wp-json\/wp\/v2\/tags?post=8807"}],"curies":[{"name":"wp","href":"https:\/\/api.w.org\/{rel}","templated":true}]}}