{"id":8783,"date":"2022-10-27T10:47:47","date_gmt":"2022-10-27T08:47:47","guid":{"rendered":"https:\/\/agora.xtec.cat\/iesacumella\/?p=8783"},"modified":"2022-10-27T10:47:47","modified_gmt":"2022-10-27T08:47:47","slug":"empuries-les-pedres-parlen","status":"publish","type":"post","link":"https:\/\/agora.xtec.cat\/iesacumella\/portada\/general\/empuries-les-pedres-parlen\/","title":{"rendered":"EMP\u00daRIES: LES PEDRES PARLEN&#8230;"},"content":{"rendered":"<p>L&#8217;alumnat de Batxillerat que cursa les mat\u00e8ries de Llat\u00ed i Grec han visitat el jaciment arqueol\u00f2gic d&#8217;Emp\u00faries (Alt Empord\u00e0). A continuaci\u00f3, podeu veure&#8217;n imatges i llegir la cr\u00f2nica que ha preparat el professor Mario Vita. Gaudiu-ne!<\/p>\n<p><a href=\"https:\/\/agora.xtec.cat\/iesacumella\/wp-content\/uploads\/usu1642\/2022\/10\/Sortida-a-Empuries-Les-pedres-parlen-.pdf\">Sortida a Emp\u00faries Les pedres parlen<\/a><\/p>\n<p><a href=\"https:\/\/agora.xtec.cat\/iesacumella\/wp-content\/uploads\/usu1642\/2022\/10\/les-ruines-dempuries-escala.jpg\"><img loading=\"lazy\" decoding=\"async\" class=\"size-full wp-image-8786 aligncenter\" src=\"https:\/\/agora.xtec.cat\/iesacumella\/wp-content\/uploads\/usu1642\/2022\/10\/les-ruines-dempuries-escala.jpg\" alt=\"\" width=\"550\" height=\"367\" srcset=\"https:\/\/agora.xtec.cat\/iesacumella\/wp-content\/uploads\/usu1642\/2022\/10\/les-ruines-dempuries-escala.jpg 550w, https:\/\/agora.xtec.cat\/iesacumella\/wp-content\/uploads\/usu1642\/2022\/10\/les-ruines-dempuries-escala-300x200.jpg 300w\" sizes=\"auto, (max-width: 550px) 100vw, 550px\" \/><\/a><\/p>\n","protected":false},"excerpt":{"rendered":"<p>L&#8217;alumnat de Batxillerat que cursa les mat\u00e8ries de Llat\u00ed i Grec han visitat el jaciment arqueol\u00f2gic d&#8217;Emp\u00faries (Alt Empord\u00e0). A continuaci\u00f3, podeu veure&#8217;n imatges i llegir la cr\u00f2nica que ha preparat el professor Mario Vita. Gaudiu-ne!<br \/>\n<a href=\"https:\/\/agora.xtec.cat\/iesacumella\/wp-content\/uploads\/usu1642\/2022\/10\/Sortida-a-Empuries-Les-pedres-parlen-.pdf\">Sortida a Emp\u00faries Les pedres parlen<\/a><br \/>\n<a href=\"https:\/\/agora.xtec.cat\/iesacumella\/wp-content\/uploads\/usu1642\/2022\/10\/les-ruines-dempuries-escala.jpg\"><\/a><\/p>\n","protected":false},"author":18,"featured_media":0,"comment_status":"closed","ping_status":"closed","sticky":false,"template":"","format":"standard","meta":{"_bbp_topic_count":0,"_bbp_reply_count":0,"_bbp_total_topic_count":0,"_bbp_total_reply_count":0,"_bbp_voice_count":0,"_bbp_anonymous_reply_count":0,"_bbp_topic_count_hidden":0,"_bbp_reply_count_hidden":0,"_bbp_forum_subforum_count":0,"footnotes":""},"categories":[1],"tags":[],"class_list":["post-8783","post","type-post","status-publish","format-standard","hentry","category-general"],"post_mailing_queue_ids":[],"_links":{"self":[{"href":"https:\/\/agora.xtec.cat\/iesacumella\/wp-json\/wp\/v2\/posts\/8783","targetHints":{"allow":["GET"]}}],"collection":[{"href":"https:\/\/agora.xtec.cat\/iesacumella\/wp-json\/wp\/v2\/posts"}],"about":[{"href":"https:\/\/agora.xtec.cat\/iesacumella\/wp-json\/wp\/v2\/types\/post"}],"author":[{"embeddable":true,"href":"https:\/\/agora.xtec.cat\/iesacumella\/wp-json\/wp\/v2\/users\/18"}],"replies":[{"embeddable":true,"href":"https:\/\/agora.xtec.cat\/iesacumella\/wp-json\/wp\/v2\/comments?post=8783"}],"version-history":[{"count":3,"href":"https:\/\/agora.xtec.cat\/iesacumella\/wp-json\/wp\/v2\/posts\/8783\/revisions"}],"predecessor-version":[{"id":8789,"href":"https:\/\/agora.xtec.cat\/iesacumella\/wp-json\/wp\/v2\/posts\/8783\/revisions\/8789"}],"wp:attachment":[{"href":"https:\/\/agora.xtec.cat\/iesacumella\/wp-json\/wp\/v2\/media?parent=8783"}],"wp:term":[{"taxonomy":"category","embeddable":true,"href":"https:\/\/agora.xtec.cat\/iesacumella\/wp-json\/wp\/v2\/categories?post=8783"},{"taxonomy":"post_tag","embeddable":true,"href":"https:\/\/agora.xtec.cat\/iesacumella\/wp-json\/wp\/v2\/tags?post=8783"}],"curies":[{"name":"wp","href":"https:\/\/api.w.org\/{rel}","templated":true}]}}