{"id":8776,"date":"2022-10-26T12:23:21","date_gmt":"2022-10-26T10:23:21","guid":{"rendered":"https:\/\/agora.xtec.cat\/iesacumella\/?p=8776"},"modified":"2022-11-03T13:38:32","modified_gmt":"2022-11-03T12:38:32","slug":"erasmus-days-2022","status":"publish","type":"post","link":"https:\/\/agora.xtec.cat\/iesacumella\/portada\/estudis\/eso\/erasmus-days-2022\/","title":{"rendered":"Erasmus Days 2022"},"content":{"rendered":"<p><a href=\"https:\/\/agora.xtec.cat\/iesacumella\/wp-content\/uploads\/usu1642\/2022\/10\/ERASMUSDAYS_LOGO_2022_EN.jpg\"><img loading=\"lazy\" decoding=\"async\" class=\"alignright size-medium wp-image-8804\" src=\"https:\/\/agora.xtec.cat\/iesacumella\/wp-content\/uploads\/usu1642\/2022\/10\/ERASMUSDAYS_LOGO_2022_EN-300x220.jpg\" alt=\"\" width=\"300\" height=\"220\" srcset=\"https:\/\/agora.xtec.cat\/iesacumella\/wp-content\/uploads\/usu1642\/2022\/10\/ERASMUSDAYS_LOGO_2022_EN-300x220.jpg 300w, https:\/\/agora.xtec.cat\/iesacumella\/wp-content\/uploads\/usu1642\/2022\/10\/ERASMUSDAYS_LOGO_2022_EN-1024x752.jpg 1024w, https:\/\/agora.xtec.cat\/iesacumella\/wp-content\/uploads\/usu1642\/2022\/10\/ERASMUSDAYS_LOGO_2022_EN-768x564.jpg 768w, https:\/\/agora.xtec.cat\/iesacumella\/wp-content\/uploads\/usu1642\/2022\/10\/ERASMUSDAYS_LOGO_2022_EN-1536x1128.jpg 1536w, https:\/\/agora.xtec.cat\/iesacumella\/wp-content\/uploads\/usu1642\/2022\/10\/ERASMUSDAYS_LOGO_2022_EN.jpg 1564w\" sizes=\"auto, (max-width: 300px) 100vw, 300px\" \/><\/a>#ErasmusDays 2022 took place on the 13, 14 and 15th of October throughout Europe and also the world! This international celebration is based on a very simple concept: to promote European values, mobility benefits and Erasmus+ project results in order to boost visibility for citizens, stakeholders, media and policy makers.<\/p>\n<p>El passat dijous 13 d\u2019octubre es va celebrar una <strong>Jornada Erasmus Days<\/strong> on vam participar centres de prim\u00e0ria, secund\u00e0ria i cicles formatius de la zona que estem fent projectes Erasmus+. L\u2019acte va comen\u00e7ar amb una presentaci\u00f3 del que s\u00f3n els projectes Erasmus, i despr\u00e9s totes les escoles i instituts vam tenir l\u2019oportunitat de compartir les nostres experi\u00e8ncies viscudes i les diferents maneres de fer.<\/p>\n<p><a href=\"https:\/\/agora.xtec.cat\/iesacumella\/wp-content\/uploads\/usu1642\/2022\/10\/Poster-Erasmus-Days-CUMELLA.pdf\">Poster Erasmus Days CUMELLA<\/a><\/p>\n<p>&nbsp;<\/p>\n","protected":false},"excerpt":{"rendered":"<p><a href=\"https:\/\/agora.xtec.cat\/iesacumella\/wp-content\/uploads\/usu1642\/2022\/10\/ERASMUSDAYS_LOGO_2022_EN.jpg\"><\/a>#ErasmusDays 2022 took place on the 13, 14 and 15th of October throughout Europe and also the world! This international celebration is based on a very simple concept: to promote European values, mobility benefits and Erasmus+ project results in order to boost visibility for&hellip;  <a href=\"https:\/\/agora.xtec.cat\/iesacumella\/portada\/estudis\/eso\/erasmus-days-2022\/\" title=\"Read Erasmus Days 2022\">Llegeix m\u00e9s\u00bb<\/a><\/p>\n","protected":false},"author":1,"featured_media":0,"comment_status":"closed","ping_status":"closed","sticky":false,"template":"","format":"standard","meta":{"_bbp_topic_count":0,"_bbp_reply_count":0,"_bbp_total_topic_count":0,"_bbp_total_reply_count":0,"_bbp_voice_count":0,"_bbp_anonymous_reply_count":0,"_bbp_topic_count_hidden":0,"_bbp_reply_count_hidden":0,"_bbp_forum_subforum_count":0,"footnotes":""},"categories":[8,3,29],"tags":[],"class_list":["post-8776","post","type-post","status-publish","format-standard","hentry","category-batxillerat","category-eso","category-portada"],"post_mailing_queue_ids":[],"_links":{"self":[{"href":"https:\/\/agora.xtec.cat\/iesacumella\/wp-json\/wp\/v2\/posts\/8776","targetHints":{"allow":["GET"]}}],"collection":[{"href":"https:\/\/agora.xtec.cat\/iesacumella\/wp-json\/wp\/v2\/posts"}],"about":[{"href":"https:\/\/agora.xtec.cat\/iesacumella\/wp-json\/wp\/v2\/types\/post"}],"author":[{"embeddable":true,"href":"https:\/\/agora.xtec.cat\/iesacumella\/wp-json\/wp\/v2\/users\/1"}],"replies":[{"embeddable":true,"href":"https:\/\/agora.xtec.cat\/iesacumella\/wp-json\/wp\/v2\/comments?post=8776"}],"version-history":[{"count":2,"href":"https:\/\/agora.xtec.cat\/iesacumella\/wp-json\/wp\/v2\/posts\/8776\/revisions"}],"predecessor-version":[{"id":8806,"href":"https:\/\/agora.xtec.cat\/iesacumella\/wp-json\/wp\/v2\/posts\/8776\/revisions\/8806"}],"wp:attachment":[{"href":"https:\/\/agora.xtec.cat\/iesacumella\/wp-json\/wp\/v2\/media?parent=8776"}],"wp:term":[{"taxonomy":"category","embeddable":true,"href":"https:\/\/agora.xtec.cat\/iesacumella\/wp-json\/wp\/v2\/categories?post=8776"},{"taxonomy":"post_tag","embeddable":true,"href":"https:\/\/agora.xtec.cat\/iesacumella\/wp-json\/wp\/v2\/tags?post=8776"}],"curies":[{"name":"wp","href":"https:\/\/api.w.org\/{rel}","templated":true}]}}