{"id":8602,"date":"2022-06-01T09:44:16","date_gmt":"2022-06-01T07:44:16","guid":{"rendered":"https:\/\/agora.xtec.cat\/iesacumella\/?p=8602"},"modified":"2022-10-26T12:26:55","modified_gmt":"2022-10-26T10:26:55","slug":"lerasmusarriba-al-seu-final-pero-continuara","status":"publish","type":"post","link":"https:\/\/agora.xtec.cat\/iesacumella\/portada\/general\/lerasmusarriba-al-seu-final-pero-continuara\/","title":{"rendered":"L&#8217;Erasmus+ arriba al seu final&#8230; per\u00f2 continuar\u00e0!"},"content":{"rendered":"<p>Hello Erasmusers!!<\/p>\n<p>Hem arribat al final de la nostra experi\u00e8ncia <span class=\"atwho-query\">Erasmus Plus<\/span> d\u2019aquest any, acabant el nostre projecte &#8220;<em>Gamification in Interdiciplinary Education<\/em>&#8221; en la qual hem participat sis pa\u00efsos europeus (It\u00e0lia, Portugal, Hongria, la Rep\u00fablica Checa, B\u00e8lgica i Catalunya) dissenyant activitats col\u00b7laboratives de\u00a0 ludificaci\u00f3 amb els alumnes. Ens ha agradat tant, que ja estem treballant en nous projectes pels propers cursos!<\/p>\n<p>Gr\u00e0cies als intercanvis d\u2019activitats i mobilitats, hem compartit moltes \u00abviv\u00e8ncies <i>abroad<\/i>\u00bb, aprenent maneres de fer (i ensenyar) i aspectes culturals dels diferents pa\u00efsos europeus del projecte. Volem compartir amb vosaltres algunes fotografies d\u2019evid\u00e8ncies i participants en els intercanvis.<\/p>\n<p><em>Don\u2019t forget to follow us<\/em>!<\/p>\n<p><a href=\"https:\/\/agora.xtec.cat\/iesacumella\/wp-content\/uploads\/usu1642\/2022\/06\/IMG-20220520-WA0002.jpg\"><img loading=\"lazy\" decoding=\"async\" class=\"alignnone size-large wp-image-8603\" src=\"https:\/\/agora.xtec.cat\/iesacumella\/wp-content\/uploads\/usu1642\/2022\/06\/IMG-20220520-WA0002-1024x768.jpg\" alt=\"\" width=\"1024\" height=\"768\" srcset=\"https:\/\/agora.xtec.cat\/iesacumella\/wp-content\/uploads\/usu1642\/2022\/06\/IMG-20220520-WA0002-1024x768.jpg 1024w, https:\/\/agora.xtec.cat\/iesacumella\/wp-content\/uploads\/usu1642\/2022\/06\/IMG-20220520-WA0002-300x225.jpg 300w, https:\/\/agora.xtec.cat\/iesacumella\/wp-content\/uploads\/usu1642\/2022\/06\/IMG-20220520-WA0002-768x576.jpg 768w, https:\/\/agora.xtec.cat\/iesacumella\/wp-content\/uploads\/usu1642\/2022\/06\/IMG-20220520-WA0002-1536x1152.jpg 1536w, https:\/\/agora.xtec.cat\/iesacumella\/wp-content\/uploads\/usu1642\/2022\/06\/IMG-20220520-WA0002-200x150.jpg 200w, https:\/\/agora.xtec.cat\/iesacumella\/wp-content\/uploads\/usu1642\/2022\/06\/IMG-20220520-WA0002.jpg 1600w\" sizes=\"auto, (max-width: 1024px) 100vw, 1024px\" \/><\/a><\/p>\n<p><a href=\"https:\/\/agora.xtec.cat\/iesacumella\/wp-content\/uploads\/usu1642\/2022\/06\/IMG_1057-scaled.jpg\"><img loading=\"lazy\" decoding=\"async\" class=\"alignnone size-large wp-image-8604\" src=\"https:\/\/agora.xtec.cat\/iesacumella\/wp-content\/uploads\/usu1642\/2022\/06\/IMG_1057-1024x438.jpg\" alt=\"\" width=\"1024\" height=\"438\" srcset=\"https:\/\/agora.xtec.cat\/iesacumella\/wp-content\/uploads\/usu1642\/2022\/06\/IMG_1057-1024x438.jpg 1024w, https:\/\/agora.xtec.cat\/iesacumella\/wp-content\/uploads\/usu1642\/2022\/06\/IMG_1057-300x128.jpg 300w, https:\/\/agora.xtec.cat\/iesacumella\/wp-content\/uploads\/usu1642\/2022\/06\/IMG_1057-768x329.jpg 768w, https:\/\/agora.xtec.cat\/iesacumella\/wp-content\/uploads\/usu1642\/2022\/06\/IMG_1057-1536x657.jpg 1536w, https:\/\/agora.xtec.cat\/iesacumella\/wp-content\/uploads\/usu1642\/2022\/06\/IMG_1057-2048x876.jpg 2048w\" sizes=\"auto, (max-width: 1024px) 100vw, 1024px\" \/><\/a><\/p>\n<p><a href=\"https:\/\/agora.xtec.cat\/iesacumella\/wp-content\/uploads\/usu1642\/2022\/06\/20220516_102306.jpg\"><img loading=\"lazy\" decoding=\"async\" class=\"alignnone size-full wp-image-8605\" src=\"https:\/\/agora.xtec.cat\/iesacumella\/wp-content\/uploads\/usu1642\/2022\/06\/20220516_102306.jpg\" alt=\"\" width=\"1000\" height=\"750\" srcset=\"https:\/\/agora.xtec.cat\/iesacumella\/wp-content\/uploads\/usu1642\/2022\/06\/20220516_102306.jpg 1000w, https:\/\/agora.xtec.cat\/iesacumella\/wp-content\/uploads\/usu1642\/2022\/06\/20220516_102306-300x225.jpg 300w, https:\/\/agora.xtec.cat\/iesacumella\/wp-content\/uploads\/usu1642\/2022\/06\/20220516_102306-768x576.jpg 768w, https:\/\/agora.xtec.cat\/iesacumella\/wp-content\/uploads\/usu1642\/2022\/06\/20220516_102306-200x150.jpg 200w\" sizes=\"auto, (max-width: 1000px) 100vw, 1000px\" \/><\/a><\/p>\n<p><a href=\"https:\/\/agora.xtec.cat\/iesacumella\/wp-content\/uploads\/usu1642\/2022\/06\/IMG_1055-1.jpeg\"><img loading=\"lazy\" decoding=\"async\" class=\"alignnone size-large wp-image-8606\" src=\"https:\/\/agora.xtec.cat\/iesacumella\/wp-content\/uploads\/usu1642\/2022\/06\/IMG_1055-1.jpeg\" alt=\"\" width=\"1008\" height=\"756\" srcset=\"https:\/\/agora.xtec.cat\/iesacumella\/wp-content\/uploads\/usu1642\/2022\/06\/IMG_1055-1.jpeg 1008w, https:\/\/agora.xtec.cat\/iesacumella\/wp-content\/uploads\/usu1642\/2022\/06\/IMG_1055-1-300x225.jpeg 300w, https:\/\/agora.xtec.cat\/iesacumella\/wp-content\/uploads\/usu1642\/2022\/06\/IMG_1055-1-768x576.jpeg 768w, https:\/\/agora.xtec.cat\/iesacumella\/wp-content\/uploads\/usu1642\/2022\/06\/IMG_1055-1-200x150.jpeg 200w\" sizes=\"auto, (max-width: 1008px) 100vw, 1008px\" \/><\/a><\/p>\n<p>&nbsp;<\/p>\n<p>&nbsp;<\/p>\n<p>&nbsp;<\/p>\n<p>&nbsp;<\/p>\n<p>&nbsp;<\/p>\n<p>&nbsp;<\/p>\n<p>&nbsp;<\/p>\n","protected":false},"excerpt":{"rendered":"<p>Hello Erasmusers!!<br \/>\nHem arribat al final de la nostra experi\u00e8ncia Erasmus Plus d\u2019aquest any, acabant el nostre projecte &#8220;Gamification in Interdiciplinary Education&#8221; en la qual hem participat sis pa\u00efsos europeus (It\u00e0lia, Portugal, Hongria, la Rep\u00fablica Checa, B\u00e8lgica i Catalunya) dissenyant activitats col\u00b7laboratives de\u00a0 ludificaci\u00f3 amb els&hellip;  <a href=\"https:\/\/agora.xtec.cat\/iesacumella\/portada\/general\/lerasmusarriba-al-seu-final-pero-continuara\/\" title=\"Read L&#8217;Erasmus+ arriba al seu final&#8230; per\u00f2 continuar\u00e0!\">Llegeix m\u00e9s\u00bb<\/a><\/p>\n","protected":false},"author":18,"featured_media":0,"comment_status":"closed","ping_status":"closed","sticky":false,"template":"","format":"standard","meta":{"_bbp_topic_count":0,"_bbp_reply_count":0,"_bbp_total_topic_count":0,"_bbp_total_reply_count":0,"_bbp_voice_count":0,"_bbp_anonymous_reply_count":0,"_bbp_topic_count_hidden":0,"_bbp_reply_count_hidden":0,"_bbp_forum_subforum_count":0,"footnotes":""},"categories":[178,1,113],"tags":[],"class_list":["post-8602","post","type-post","status-publish","format-standard","hentry","category-curs-2021-2022","category-general","category-llengues-estrangeres"],"post_mailing_queue_ids":[],"_links":{"self":[{"href":"https:\/\/agora.xtec.cat\/iesacumella\/wp-json\/wp\/v2\/posts\/8602","targetHints":{"allow":["GET"]}}],"collection":[{"href":"https:\/\/agora.xtec.cat\/iesacumella\/wp-json\/wp\/v2\/posts"}],"about":[{"href":"https:\/\/agora.xtec.cat\/iesacumella\/wp-json\/wp\/v2\/types\/post"}],"author":[{"embeddable":true,"href":"https:\/\/agora.xtec.cat\/iesacumella\/wp-json\/wp\/v2\/users\/18"}],"replies":[{"embeddable":true,"href":"https:\/\/agora.xtec.cat\/iesacumella\/wp-json\/wp\/v2\/comments?post=8602"}],"version-history":[{"count":3,"href":"https:\/\/agora.xtec.cat\/iesacumella\/wp-json\/wp\/v2\/posts\/8602\/revisions"}],"predecessor-version":[{"id":8781,"href":"https:\/\/agora.xtec.cat\/iesacumella\/wp-json\/wp\/v2\/posts\/8602\/revisions\/8781"}],"wp:attachment":[{"href":"https:\/\/agora.xtec.cat\/iesacumella\/wp-json\/wp\/v2\/media?parent=8602"}],"wp:term":[{"taxonomy":"category","embeddable":true,"href":"https:\/\/agora.xtec.cat\/iesacumella\/wp-json\/wp\/v2\/categories?post=8602"},{"taxonomy":"post_tag","embeddable":true,"href":"https:\/\/agora.xtec.cat\/iesacumella\/wp-json\/wp\/v2\/tags?post=8602"}],"curies":[{"name":"wp","href":"https:\/\/api.w.org\/{rel}","templated":true}]}}