{"id":8596,"date":"2022-06-01T09:26:58","date_gmt":"2022-06-01T07:26:58","guid":{"rendered":"https:\/\/agora.xtec.cat\/iesacumella\/?p=8596"},"modified":"2023-01-27T13:05:07","modified_gmt":"2023-01-27T12:05:07","slug":"proves-cangur-2022","status":"publish","type":"post","link":"https:\/\/agora.xtec.cat\/iesacumella\/portada\/general\/proves-cangur-2022\/","title":{"rendered":"Proves Cangur 2022"},"content":{"rendered":"<p><span style=\"font-family: Calibri, sans-serif\"><b>Aquest curs s\u2019han presentat 62 alumnes del nostre institut a les proves <span style=\"color: #000000\">Cangur 2022. D<\/span>estaquem l\u2019excel\u00b7lent posici\u00f3 aconseguida pels alumnes del centre en els diferents nivells. Enhorabona! <\/b><\/span><\/p>\n<p><span style=\"color: #222222\"><span style=\"font-family: Roboto, sans-serif\"><b>1r d&#8217;ESO:\u00a0\u00a0\u00a0\u00a0\u00a0\u00a0\u00a0\u00a0Marc Vallcorba Cort\u00e8s.\u00a0\u00a0<\/b><\/span><\/span><\/p>\n<p><span style=\"font-family: Roboto, sans-serif\"><b>2n d&#8217;ESO:\u00a0 \u00a0 \u00a0\u00a0 Guerau Peguera Rubio<\/b><\/span><\/p>\n<p><span style=\"font-family: Roboto, sans-serif\"><b>3r d&#8217;ESO:\u00a0 \u00a0 \u00a0 \u00a0 Mar\u00eda L\u00f3pez Franc\u00e0s.<\/b><\/span><\/p>\n<p><b>4t d&#8217;ESO:\u00a0 \u00a0 \u00a0 \u00a0Tyar\u00f3 L\u00f3pez Vieira-Martins\u00a0\u00a0<\/b><\/p>\n<p><b>1r de BATXILLERAT:\u00a0 \u00a0 \u00a0 \u00a0 Francesc Jansana Garolera<\/b><\/p>\n<p><span style=\"font-family: Roboto, sans-serif\"><b>2n de BATXILLERAT:\u00a0 \u00a0 \u00a0 \u00a0 Pol Jim\u00e9nez Asunci\u00f3n<\/b><\/span><\/p>\n<p>&nbsp;<\/p>\n<p><a href=\"https:\/\/agora.xtec.cat\/iesacumella\/wp-content\/uploads\/usu1642\/2022\/06\/PROVES-CANGUR-2022.jpg\"><img loading=\"lazy\" decoding=\"async\" class=\"alignnone size-large wp-image-8597\" src=\"https:\/\/agora.xtec.cat\/iesacumella\/wp-content\/uploads\/usu1642\/2022\/06\/PROVES-CANGUR-2022-1024x461.jpg\" alt=\"\" width=\"1024\" height=\"461\" srcset=\"https:\/\/agora.xtec.cat\/iesacumella\/wp-content\/uploads\/usu1642\/2022\/06\/PROVES-CANGUR-2022-1024x461.jpg 1024w, https:\/\/agora.xtec.cat\/iesacumella\/wp-content\/uploads\/usu1642\/2022\/06\/PROVES-CANGUR-2022-300x135.jpg 300w, https:\/\/agora.xtec.cat\/iesacumella\/wp-content\/uploads\/usu1642\/2022\/06\/PROVES-CANGUR-2022-768x345.jpg 768w, https:\/\/agora.xtec.cat\/iesacumella\/wp-content\/uploads\/usu1642\/2022\/06\/PROVES-CANGUR-2022.jpg 1156w\" sizes=\"auto, (max-width: 1024px) 100vw, 1024px\" \/><\/a><\/p>\n","protected":false},"excerpt":{"rendered":"<p>Aquest curs s\u2019han presentat 62 alumnes del nostre institut a les proves Cangur 2022. Destaquem l\u2019excel\u00b7lent posici\u00f3 aconseguida pels alumnes del centre en els diferents nivells. Enhorabona!<br \/>\n1r d&#8217;ESO:\u00a0\u00a0\u00a0\u00a0\u00a0\u00a0\u00a0\u00a0Marc Vallcorba Cort\u00e8s.\u00a0\u00a0<br \/>\n2n d&#8217;ESO:\u00a0 \u00a0 \u00a0\u00a0 Guerau Peguera Rubio<br \/>\n3r d&#8217;ESO:\u00a0 \u00a0 \u00a0 \u00a0 Mar\u00eda L\u00f3pez Franc\u00e0s.<br \/>\n4t d&#8217;ESO:\u00a0&hellip;  <a href=\"https:\/\/agora.xtec.cat\/iesacumella\/portada\/general\/proves-cangur-2022\/\" title=\"Read Proves Cangur 2022\">Llegeix m\u00e9s\u00bb<\/a><\/p>\n","protected":false},"author":18,"featured_media":0,"comment_status":"closed","ping_status":"closed","sticky":false,"template":"","format":"standard","meta":{"_bbp_topic_count":0,"_bbp_reply_count":0,"_bbp_total_topic_count":0,"_bbp_total_reply_count":0,"_bbp_voice_count":0,"_bbp_anonymous_reply_count":0,"_bbp_topic_count_hidden":0,"_bbp_reply_count_hidden":0,"_bbp_forum_subforum_count":0,"footnotes":""},"categories":[8,178,3,1,114,29],"tags":[],"class_list":["post-8596","post","type-post","status-publish","format-standard","hentry","category-batxillerat","category-curs-2021-2022","category-eso","category-general","category-matematiques","category-portada"],"post_mailing_queue_ids":[],"_links":{"self":[{"href":"https:\/\/agora.xtec.cat\/iesacumella\/wp-json\/wp\/v2\/posts\/8596","targetHints":{"allow":["GET"]}}],"collection":[{"href":"https:\/\/agora.xtec.cat\/iesacumella\/wp-json\/wp\/v2\/posts"}],"about":[{"href":"https:\/\/agora.xtec.cat\/iesacumella\/wp-json\/wp\/v2\/types\/post"}],"author":[{"embeddable":true,"href":"https:\/\/agora.xtec.cat\/iesacumella\/wp-json\/wp\/v2\/users\/18"}],"replies":[{"embeddable":true,"href":"https:\/\/agora.xtec.cat\/iesacumella\/wp-json\/wp\/v2\/comments?post=8596"}],"version-history":[{"count":4,"href":"https:\/\/agora.xtec.cat\/iesacumella\/wp-json\/wp\/v2\/posts\/8596\/revisions"}],"predecessor-version":[{"id":8906,"href":"https:\/\/agora.xtec.cat\/iesacumella\/wp-json\/wp\/v2\/posts\/8596\/revisions\/8906"}],"wp:attachment":[{"href":"https:\/\/agora.xtec.cat\/iesacumella\/wp-json\/wp\/v2\/media?parent=8596"}],"wp:term":[{"taxonomy":"category","embeddable":true,"href":"https:\/\/agora.xtec.cat\/iesacumella\/wp-json\/wp\/v2\/categories?post=8596"},{"taxonomy":"post_tag","embeddable":true,"href":"https:\/\/agora.xtec.cat\/iesacumella\/wp-json\/wp\/v2\/tags?post=8596"}],"curies":[{"name":"wp","href":"https:\/\/api.w.org\/{rel}","templated":true}]}}