{"id":8569,"date":"2022-05-20T13:49:57","date_gmt":"2022-05-20T11:49:57","guid":{"rendered":"https:\/\/agora.xtec.cat\/iesacumella\/?p=8569"},"modified":"2022-05-20T14:05:17","modified_gmt":"2022-05-20T12:05:17","slug":"programa-de-suport-vital-basic-al-curriculum-escolar","status":"publish","type":"post","link":"https:\/\/agora.xtec.cat\/iesacumella\/portada\/general\/programa-de-suport-vital-basic-al-curriculum-escolar\/","title":{"rendered":"Programa de Suport Vital B\u00e0sic al curr\u00edculum escolar"},"content":{"rendered":"<p>Aquest any, a l&#8217;Institut Antoni Cumella, hem incorporat el programa de Suport Vital B\u00e0sic al curr\u00edculum escolar i, \u00e9s per aix\u00f2, durant dues setmanes, a les hores d&#8217;Educaci\u00f3 F\u00edsica, l&#8217;alumnat de 1r d&#8217;ESO ha apr\u00e8s com actuar davant d&#8217;una mort sobtada. Han ent\u00e8s com recon\u00e8ixer si una persona est\u00e0 conscient, si respira o no, i com actuar davant les diferents situacions.<\/p>\n<p><a href=\"https:\/\/agora.xtec.cat\/iesacumella\/wp-content\/uploads\/usu1642\/2022\/05\/1652942632783.jpg\"><img loading=\"lazy\" decoding=\"async\" class=\"alignnone size-large wp-image-8570\" src=\"https:\/\/agora.xtec.cat\/iesacumella\/wp-content\/uploads\/usu1642\/2022\/05\/1652942632783-1024x552.jpg\" alt=\"\" width=\"1024\" height=\"552\" srcset=\"https:\/\/agora.xtec.cat\/iesacumella\/wp-content\/uploads\/usu1642\/2022\/05\/1652942632783-1024x552.jpg 1024w, https:\/\/agora.xtec.cat\/iesacumella\/wp-content\/uploads\/usu1642\/2022\/05\/1652942632783-300x162.jpg 300w, https:\/\/agora.xtec.cat\/iesacumella\/wp-content\/uploads\/usu1642\/2022\/05\/1652942632783-768x414.jpg 768w, https:\/\/agora.xtec.cat\/iesacumella\/wp-content\/uploads\/usu1642\/2022\/05\/1652942632783-1536x828.jpg 1536w, https:\/\/agora.xtec.cat\/iesacumella\/wp-content\/uploads\/usu1642\/2022\/05\/1652942632783.jpg 1600w\" sizes=\"auto, (max-width: 1024px) 100vw, 1024px\" \/><\/a><\/p>\n<p>&nbsp;<\/p>\n","protected":false},"excerpt":{"rendered":"<p>Aquest any, a l&#8217;Institut Antoni Cumella, hem incorporat el programa de Suport Vital B\u00e0sic al curr\u00edculum escolar i, \u00e9s per aix\u00f2, durant dues setmanes, a les hores d&#8217;Educaci\u00f3 F\u00edsica, l&#8217;alumnat de 1r d&#8217;ESO ha apr\u00e8s com actuar davant d&#8217;una mort sobtada. Han ent\u00e8s com recon\u00e8ixer&hellip;  <a href=\"https:\/\/agora.xtec.cat\/iesacumella\/portada\/general\/programa-de-suport-vital-basic-al-curriculum-escolar\/\" title=\"Read Programa de Suport Vital B\u00e0sic al curr\u00edculum escolar\">Llegeix m\u00e9s\u00bb<\/a><\/p>\n","protected":false},"author":18,"featured_media":0,"comment_status":"closed","ping_status":"closed","sticky":false,"template":"","format":"standard","meta":{"_bbp_topic_count":0,"_bbp_reply_count":0,"_bbp_total_topic_count":0,"_bbp_total_reply_count":0,"_bbp_voice_count":0,"_bbp_anonymous_reply_count":0,"_bbp_topic_count_hidden":0,"_bbp_reply_count_hidden":0,"_bbp_forum_subforum_count":0,"footnotes":""},"categories":[1],"tags":[],"class_list":["post-8569","post","type-post","status-publish","format-standard","hentry","category-general"],"post_mailing_queue_ids":[],"_links":{"self":[{"href":"https:\/\/agora.xtec.cat\/iesacumella\/wp-json\/wp\/v2\/posts\/8569","targetHints":{"allow":["GET"]}}],"collection":[{"href":"https:\/\/agora.xtec.cat\/iesacumella\/wp-json\/wp\/v2\/posts"}],"about":[{"href":"https:\/\/agora.xtec.cat\/iesacumella\/wp-json\/wp\/v2\/types\/post"}],"author":[{"embeddable":true,"href":"https:\/\/agora.xtec.cat\/iesacumella\/wp-json\/wp\/v2\/users\/18"}],"replies":[{"embeddable":true,"href":"https:\/\/agora.xtec.cat\/iesacumella\/wp-json\/wp\/v2\/comments?post=8569"}],"version-history":[{"count":1,"href":"https:\/\/agora.xtec.cat\/iesacumella\/wp-json\/wp\/v2\/posts\/8569\/revisions"}],"predecessor-version":[{"id":8571,"href":"https:\/\/agora.xtec.cat\/iesacumella\/wp-json\/wp\/v2\/posts\/8569\/revisions\/8571"}],"wp:attachment":[{"href":"https:\/\/agora.xtec.cat\/iesacumella\/wp-json\/wp\/v2\/media?parent=8569"}],"wp:term":[{"taxonomy":"category","embeddable":true,"href":"https:\/\/agora.xtec.cat\/iesacumella\/wp-json\/wp\/v2\/categories?post=8569"},{"taxonomy":"post_tag","embeddable":true,"href":"https:\/\/agora.xtec.cat\/iesacumella\/wp-json\/wp\/v2\/tags?post=8569"}],"curies":[{"name":"wp","href":"https:\/\/api.w.org\/{rel}","templated":true}]}}