{"id":8564,"date":"2022-05-20T13:20:07","date_gmt":"2022-05-20T11:20:07","guid":{"rendered":"https:\/\/agora.xtec.cat\/iesacumella\/?p=8564"},"modified":"2022-05-20T13:22:58","modified_gmt":"2022-05-20T11:22:58","slug":"piacenza-2022-fi-del-trajecte-erasmus","status":"publish","type":"post","link":"https:\/\/agora.xtec.cat\/iesacumella\/portada\/general\/piacenza-2022-fi-del-trajecte-erasmus\/","title":{"rendered":"Piacenza 2022: fi del trajecte #Erasmus+"},"content":{"rendered":"<p>I per acabar el nostre projecte Erasmus+ (&#8220;Gamification in Interdisciplinary Education&#8221;) un grup de sis alumnes de primer de Batxillerat i tres professors van anar a Piacenza, al nord d&#8217;It\u00e0lia.\u00a0 Van ser cinc dies d&#8217;activitats col\u00b7laboratives de\u00a0 gamificaci\u00f3 entre alumnes dels pa\u00efsos socis en aquest projecte (It\u00e0lia, Portugal, Hongria, la Rep\u00fablica Txeca, B\u00e8lgica i Catalunya). Aquest cop, els nostres jocs es centraven en l&#8217;art i la geografia dels nostres pa\u00efsos i, com ja era l&#8217;\u00faltima mobilitat, vam\u00a0 votar el millor joc del projecte (&#8220;The Final Challenge&#8221;) que va ser atorgat a l&#8217;equip de la Rep\u00fablica Txeca. Durant la nostra estada, tamb\u00e9 vam con\u00e8ixer Piacenza, amb una gimcana molt cultural; vam visitar Santa Margarita i Portofino a la Riviera Italiana; i, per \u00faltim, vam passejar pel centre de Mil\u00e0 tot admirant el fant\u00e0stic Duomo. Com tot el projecte,\u00a0 va ser una experi\u00e8ncia genial!<\/p>\n<p>&nbsp;<\/p>\n<p><a href=\"https:\/\/agora.xtec.cat\/iesacumella\/wp-content\/uploads\/usu1642\/2022\/05\/20220423_143826.jpg\"><img loading=\"lazy\" decoding=\"async\" class=\"alignnone size-full wp-image-8565\" src=\"https:\/\/agora.xtec.cat\/iesacumella\/wp-content\/uploads\/usu1642\/2022\/05\/20220423_143826.jpg\" alt=\"\" width=\"750\" height=\"1000\" srcset=\"https:\/\/agora.xtec.cat\/iesacumella\/wp-content\/uploads\/usu1642\/2022\/05\/20220423_143826.jpg 750w, https:\/\/agora.xtec.cat\/iesacumella\/wp-content\/uploads\/usu1642\/2022\/05\/20220423_143826-225x300.jpg 225w\" sizes=\"auto, (max-width: 750px) 100vw, 750px\" \/><\/a><\/p>\n","protected":false},"excerpt":{"rendered":"<p>I per acabar el nostre projecte Erasmus+ (&#8220;Gamification in Interdisciplinary Education&#8221;) un grup de sis alumnes de primer de Batxillerat i tres professors van anar a Piacenza, al nord d&#8217;It\u00e0lia.\u00a0 Van ser cinc dies d&#8217;activitats col\u00b7laboratives de\u00a0 gamificaci\u00f3 entre alumnes dels pa\u00efsos socis en aquest&hellip;  <a href=\"https:\/\/agora.xtec.cat\/iesacumella\/portada\/general\/piacenza-2022-fi-del-trajecte-erasmus\/\" title=\"Read Piacenza 2022: fi del trajecte #Erasmus+\">Llegeix m\u00e9s\u00bb<\/a><\/p>\n","protected":false},"author":18,"featured_media":0,"comment_status":"closed","ping_status":"closed","sticky":false,"template":"","format":"standard","meta":{"_bbp_topic_count":0,"_bbp_reply_count":0,"_bbp_total_topic_count":0,"_bbp_total_reply_count":0,"_bbp_voice_count":0,"_bbp_anonymous_reply_count":0,"_bbp_topic_count_hidden":0,"_bbp_reply_count_hidden":0,"_bbp_forum_subforum_count":0,"footnotes":""},"categories":[1],"tags":[],"class_list":["post-8564","post","type-post","status-publish","format-standard","hentry","category-general"],"post_mailing_queue_ids":[],"_links":{"self":[{"href":"https:\/\/agora.xtec.cat\/iesacumella\/wp-json\/wp\/v2\/posts\/8564","targetHints":{"allow":["GET"]}}],"collection":[{"href":"https:\/\/agora.xtec.cat\/iesacumella\/wp-json\/wp\/v2\/posts"}],"about":[{"href":"https:\/\/agora.xtec.cat\/iesacumella\/wp-json\/wp\/v2\/types\/post"}],"author":[{"embeddable":true,"href":"https:\/\/agora.xtec.cat\/iesacumella\/wp-json\/wp\/v2\/users\/18"}],"replies":[{"embeddable":true,"href":"https:\/\/agora.xtec.cat\/iesacumella\/wp-json\/wp\/v2\/comments?post=8564"}],"version-history":[{"count":3,"href":"https:\/\/agora.xtec.cat\/iesacumella\/wp-json\/wp\/v2\/posts\/8564\/revisions"}],"predecessor-version":[{"id":8568,"href":"https:\/\/agora.xtec.cat\/iesacumella\/wp-json\/wp\/v2\/posts\/8564\/revisions\/8568"}],"wp:attachment":[{"href":"https:\/\/agora.xtec.cat\/iesacumella\/wp-json\/wp\/v2\/media?parent=8564"}],"wp:term":[{"taxonomy":"category","embeddable":true,"href":"https:\/\/agora.xtec.cat\/iesacumella\/wp-json\/wp\/v2\/categories?post=8564"},{"taxonomy":"post_tag","embeddable":true,"href":"https:\/\/agora.xtec.cat\/iesacumella\/wp-json\/wp\/v2\/tags?post=8564"}],"curies":[{"name":"wp","href":"https:\/\/api.w.org\/{rel}","templated":true}]}}