{"id":8482,"date":"2022-04-06T20:06:11","date_gmt":"2022-04-06T18:06:11","guid":{"rendered":"https:\/\/agora.xtec.cat\/iesacumella\/?p=8482"},"modified":"2022-04-06T22:36:45","modified_gmt":"2022-04-06T20:36:45","slug":"erasmus-a-braga-portugal","status":"publish","type":"post","link":"https:\/\/agora.xtec.cat\/iesacumella\/portada\/general\/erasmus-a-braga-portugal\/","title":{"rendered":"ERASMUS+ A BRAGA (Portugal)"},"content":{"rendered":"<p><strong>Del 8 al 13 de mar\u00e7, <\/strong><strong>un grup d&#8217;alumnes del nostre institut van an<\/strong><strong>ar d&#8217;intercanvi a Braga. L\u2019experi\u00e8ncia no hagu\u00e9s pogut ser millor. Tot i que gran part del temps el vam tenir passat per aigua, vam gaudir, tant els professors com els alumnes, de les primeres vegades: per alguns, era el principi d\u2019una vida de viatges. El fet de con\u00e8ixer cultures noves, territoris nous i la sensaci\u00f3 d&#8217;una llibertat -una mica vigilada, aix\u00f2 s\u00ed- va fer que, per uns dies, ens sent\u00edssim com una fam\u00edlia. Vam gaudir dels plats t\u00edpics, de la tradici\u00f3 portuguesa, aix\u00ed com de la tecnologia que estaven treballant&#8230; Hagu\u00e9ssim pogut utilitzar la frase de moda, &#8220;Refuse the Technology, embrace the tradition&#8221;. La hibridaci\u00f3 va ser genial!<\/strong><\/p>\n<p><strong>Ens quedem amb l\u2019alegria de compartir experi\u00e8ncies amb altres professors i alumnes, la bona organitzaci\u00f3 i les ganes de veure m\u00f3n: per molt temps que passi, \u00e9s una condici\u00f3 humana innegable!<\/strong><\/p>\n<p><strong>Esperem que, per als nostres estudiants, sigui el principi del cam\u00ed cap a noves experi\u00e8ncies, tradicions, cultures i cura d\u2019aquest m\u00f3n tan fant\u00e0stic on vivim.<\/strong><\/p>\n<p><strong>\u00a0<\/strong><strong>Visca l\u2019intercanvi europeu i visca el Cumella!<\/strong><\/p>\n<p>&nbsp;<\/p>\n<p><a href=\"https:\/\/agora.xtec.cat\/iesacumella\/wp-content\/uploads\/usu1642\/2022\/04\/IMG_20220406_201214.png\"><img loading=\"lazy\" decoding=\"async\" class=\"alignnone size-full wp-image-8489\" src=\"https:\/\/agora.xtec.cat\/iesacumella\/wp-content\/uploads\/usu1642\/2022\/04\/IMG_20220406_201214.png\" alt=\"\" width=\"1000\" height=\"804\" srcset=\"https:\/\/agora.xtec.cat\/iesacumella\/wp-content\/uploads\/usu1642\/2022\/04\/IMG_20220406_201214.png 1000w, https:\/\/agora.xtec.cat\/iesacumella\/wp-content\/uploads\/usu1642\/2022\/04\/IMG_20220406_201214-300x241.png 300w, https:\/\/agora.xtec.cat\/iesacumella\/wp-content\/uploads\/usu1642\/2022\/04\/IMG_20220406_201214-768x617.png 768w\" sizes=\"auto, (max-width: 1000px) 100vw, 1000px\" \/><\/a><\/p>\n","protected":false},"excerpt":{"rendered":"<p>Del 8 al 13 de mar\u00e7, un grup d&#8217;alumnes del nostre institut van anar d&#8217;intercanvi a Braga. L\u2019experi\u00e8ncia no hagu\u00e9s pogut ser millor. Tot i que gran part del temps el vam tenir passat per aigua, vam gaudir, tant els professors com els alumnes, de&hellip;  <a href=\"https:\/\/agora.xtec.cat\/iesacumella\/portada\/general\/erasmus-a-braga-portugal\/\" title=\"Read ERASMUS+ A BRAGA (Portugal)\">Llegeix m\u00e9s\u00bb<\/a><\/p>\n","protected":false},"author":18,"featured_media":0,"comment_status":"closed","ping_status":"closed","sticky":false,"template":"","format":"standard","meta":{"_bbp_topic_count":0,"_bbp_reply_count":0,"_bbp_total_topic_count":0,"_bbp_total_reply_count":0,"_bbp_voice_count":0,"_bbp_anonymous_reply_count":0,"_bbp_topic_count_hidden":0,"_bbp_reply_count_hidden":0,"_bbp_forum_subforum_count":0,"footnotes":""},"categories":[1],"tags":[],"class_list":["post-8482","post","type-post","status-publish","format-standard","hentry","category-general"],"post_mailing_queue_ids":[],"_links":{"self":[{"href":"https:\/\/agora.xtec.cat\/iesacumella\/wp-json\/wp\/v2\/posts\/8482","targetHints":{"allow":["GET"]}}],"collection":[{"href":"https:\/\/agora.xtec.cat\/iesacumella\/wp-json\/wp\/v2\/posts"}],"about":[{"href":"https:\/\/agora.xtec.cat\/iesacumella\/wp-json\/wp\/v2\/types\/post"}],"author":[{"embeddable":true,"href":"https:\/\/agora.xtec.cat\/iesacumella\/wp-json\/wp\/v2\/users\/18"}],"replies":[{"embeddable":true,"href":"https:\/\/agora.xtec.cat\/iesacumella\/wp-json\/wp\/v2\/comments?post=8482"}],"version-history":[{"count":2,"href":"https:\/\/agora.xtec.cat\/iesacumella\/wp-json\/wp\/v2\/posts\/8482\/revisions"}],"predecessor-version":[{"id":8490,"href":"https:\/\/agora.xtec.cat\/iesacumella\/wp-json\/wp\/v2\/posts\/8482\/revisions\/8490"}],"wp:attachment":[{"href":"https:\/\/agora.xtec.cat\/iesacumella\/wp-json\/wp\/v2\/media?parent=8482"}],"wp:term":[{"taxonomy":"category","embeddable":true,"href":"https:\/\/agora.xtec.cat\/iesacumella\/wp-json\/wp\/v2\/categories?post=8482"},{"taxonomy":"post_tag","embeddable":true,"href":"https:\/\/agora.xtec.cat\/iesacumella\/wp-json\/wp\/v2\/tags?post=8482"}],"curies":[{"name":"wp","href":"https:\/\/api.w.org\/{rel}","templated":true}]}}