{"id":8260,"date":"2022-01-13T14:39:02","date_gmt":"2022-01-13T13:39:02","guid":{"rendered":"https:\/\/agora.xtec.cat\/iesacumella\/?p=8260"},"modified":"2022-02-04T13:25:40","modified_gmt":"2022-02-04T12:25:40","slug":"descobrint-el-geni-leonardo-da-vinci","status":"publish","type":"post","link":"https:\/\/agora.xtec.cat\/iesacumella\/portada\/general\/descobrint-el-geni-leonardo-da-vinci\/","title":{"rendered":"Descobrint el geni Leonardo da Vinci"},"content":{"rendered":"<div dir=\"auto\">\n<div dir=\"auto\">L&#8217;alumnat de 1r d&#8217;ESO A i B ha participat en el taller <b>&#8220;Descobrim el geni Leonardo da Vinci&#8221;<\/b>, que organitza el Museu de la Ci\u00e8ncia i la T\u00e8cnica de Terrassa.<\/div>\n<\/div>\n<div dir=\"auto\"><\/div>\n<div dir=\"auto\">\n<div dir=\"auto\">Durant l&#8217;activitat, despr\u00e9s d&#8217;una breu presentaci\u00f3 sobre la figura de Leonardo, els alumnes han constru\u00eft l&#8217;estructura d&#8217;un pont i d&#8217;una gran c\u00fapula entre tota la classe.<\/div>\n<\/div>\n<div dir=\"auto\"><\/div>\n<div dir=\"auto\"><\/div>\n<div dir=\"auto\"><\/div>\n<div dir=\"auto\"><\/div>\n<div dir=\"auto\"><a href=\"https:\/\/agora.xtec.cat\/iesacumella\/wp-content\/uploads\/usu1642\/2022\/01\/IMG_20220114_194751.jpg\"><img loading=\"lazy\" decoding=\"async\" class=\"alignnone size-large wp-image-8334\" src=\"https:\/\/agora.xtec.cat\/iesacumella\/wp-content\/uploads\/usu1642\/2022\/01\/IMG_20220114_194751-1024x567.jpg\" alt=\"\" width=\"1024\" height=\"567\" srcset=\"https:\/\/agora.xtec.cat\/iesacumella\/wp-content\/uploads\/usu1642\/2022\/01\/IMG_20220114_194751-1024x567.jpg 1024w, https:\/\/agora.xtec.cat\/iesacumella\/wp-content\/uploads\/usu1642\/2022\/01\/IMG_20220114_194751-300x166.jpg 300w, https:\/\/agora.xtec.cat\/iesacumella\/wp-content\/uploads\/usu1642\/2022\/01\/IMG_20220114_194751-768x425.jpg 768w, https:\/\/agora.xtec.cat\/iesacumella\/wp-content\/uploads\/usu1642\/2022\/01\/IMG_20220114_194751.jpg 1080w\" sizes=\"auto, (max-width: 1024px) 100vw, 1024px\" \/><\/a> <a href=\"https:\/\/agora.xtec.cat\/iesacumella\/wp-content\/uploads\/usu1642\/2022\/01\/IMG_20220114_194944.jpg\"><img loading=\"lazy\" decoding=\"async\" class=\"alignnone size-large wp-image-8335\" src=\"https:\/\/agora.xtec.cat\/iesacumella\/wp-content\/uploads\/usu1642\/2022\/01\/IMG_20220114_194944-1024x572.jpg\" alt=\"\" width=\"1024\" height=\"572\" srcset=\"https:\/\/agora.xtec.cat\/iesacumella\/wp-content\/uploads\/usu1642\/2022\/01\/IMG_20220114_194944-1024x572.jpg 1024w, https:\/\/agora.xtec.cat\/iesacumella\/wp-content\/uploads\/usu1642\/2022\/01\/IMG_20220114_194944-300x168.jpg 300w, https:\/\/agora.xtec.cat\/iesacumella\/wp-content\/uploads\/usu1642\/2022\/01\/IMG_20220114_194944-768x429.jpg 768w, https:\/\/agora.xtec.cat\/iesacumella\/wp-content\/uploads\/usu1642\/2022\/01\/IMG_20220114_194944.jpg 1065w\" sizes=\"auto, (max-width: 1024px) 100vw, 1024px\" \/><\/a> <a href=\"https:\/\/agora.xtec.cat\/iesacumella\/wp-content\/uploads\/usu1642\/2022\/01\/IMG_20220114_195548.jpg\"><img loading=\"lazy\" decoding=\"async\" class=\"alignnone size-large wp-image-8336\" src=\"https:\/\/agora.xtec.cat\/iesacumella\/wp-content\/uploads\/usu1642\/2022\/01\/IMG_20220114_195548-1024x570.jpg\" alt=\"\" width=\"1024\" height=\"570\" srcset=\"https:\/\/agora.xtec.cat\/iesacumella\/wp-content\/uploads\/usu1642\/2022\/01\/IMG_20220114_195548-1024x570.jpg 1024w, https:\/\/agora.xtec.cat\/iesacumella\/wp-content\/uploads\/usu1642\/2022\/01\/IMG_20220114_195548-300x167.jpg 300w, https:\/\/agora.xtec.cat\/iesacumella\/wp-content\/uploads\/usu1642\/2022\/01\/IMG_20220114_195548-768x427.jpg 768w, https:\/\/agora.xtec.cat\/iesacumella\/wp-content\/uploads\/usu1642\/2022\/01\/IMG_20220114_195548.jpg 1080w\" sizes=\"auto, (max-width: 1024px) 100vw, 1024px\" \/><\/a><\/div>\n","protected":false},"excerpt":{"rendered":"<p>L&#8217;alumnat de 1r d&#8217;ESO A i B ha participat en el taller &#8220;Descobrim el geni Leonardo da Vinci&#8221;, que organitza el Museu de la Ci\u00e8ncia i la T\u00e8cnica de Terrassa.<\/p>\n<p>Durant l&#8217;activitat, despr\u00e9s d&#8217;una breu presentaci\u00f3 sobre la figura de Leonardo, els alumnes han constru\u00eft l&#8217;estructura&hellip;  <a href=\"https:\/\/agora.xtec.cat\/iesacumella\/portada\/general\/descobrint-el-geni-leonardo-da-vinci\/\" title=\"Read Descobrint el geni Leonardo da Vinci\">Llegeix m\u00e9s\u00bb<\/a><\/p>\n","protected":false},"author":18,"featured_media":0,"comment_status":"closed","ping_status":"closed","sticky":false,"template":"","format":"standard","meta":{"_bbp_topic_count":0,"_bbp_reply_count":0,"_bbp_total_topic_count":0,"_bbp_total_reply_count":0,"_bbp_voice_count":0,"_bbp_anonymous_reply_count":0,"_bbp_topic_count_hidden":0,"_bbp_reply_count_hidden":0,"_bbp_forum_subforum_count":0,"footnotes":""},"categories":[1,122],"tags":[],"class_list":["post-8260","post","type-post","status-publish","format-standard","hentry","category-general","category-tecnologia"],"post_mailing_queue_ids":[],"_links":{"self":[{"href":"https:\/\/agora.xtec.cat\/iesacumella\/wp-json\/wp\/v2\/posts\/8260","targetHints":{"allow":["GET"]}}],"collection":[{"href":"https:\/\/agora.xtec.cat\/iesacumella\/wp-json\/wp\/v2\/posts"}],"about":[{"href":"https:\/\/agora.xtec.cat\/iesacumella\/wp-json\/wp\/v2\/types\/post"}],"author":[{"embeddable":true,"href":"https:\/\/agora.xtec.cat\/iesacumella\/wp-json\/wp\/v2\/users\/18"}],"replies":[{"embeddable":true,"href":"https:\/\/agora.xtec.cat\/iesacumella\/wp-json\/wp\/v2\/comments?post=8260"}],"version-history":[{"count":3,"href":"https:\/\/agora.xtec.cat\/iesacumella\/wp-json\/wp\/v2\/posts\/8260\/revisions"}],"predecessor-version":[{"id":8341,"href":"https:\/\/agora.xtec.cat\/iesacumella\/wp-json\/wp\/v2\/posts\/8260\/revisions\/8341"}],"wp:attachment":[{"href":"https:\/\/agora.xtec.cat\/iesacumella\/wp-json\/wp\/v2\/media?parent=8260"}],"wp:term":[{"taxonomy":"category","embeddable":true,"href":"https:\/\/agora.xtec.cat\/iesacumella\/wp-json\/wp\/v2\/categories?post=8260"},{"taxonomy":"post_tag","embeddable":true,"href":"https:\/\/agora.xtec.cat\/iesacumella\/wp-json\/wp\/v2\/tags?post=8260"}],"curies":[{"name":"wp","href":"https:\/\/api.w.org\/{rel}","templated":true}]}}