{"id":8256,"date":"2022-01-13T14:23:44","date_gmt":"2022-01-13T13:23:44","guid":{"rendered":"https:\/\/agora.xtec.cat\/iesacumella\/?p=8256"},"modified":"2022-02-03T10:02:40","modified_gmt":"2022-02-03T09:02:40","slug":"ja-tenim-diplomes-delf","status":"publish","type":"post","link":"https:\/\/agora.xtec.cat\/iesacumella\/portada\/general\/ja-tenim-diplomes-delf\/","title":{"rendered":"Ja tenim diplomes DELF!"},"content":{"rendered":"<div class=\"css-1dbjc4n\">\n<div id=\"id__34k2jrwmcci\" class=\"css-901oao r-18jsvk2 r-37j5jr r-a023e6 r-16dba41 r-rjixqe r-bcqeeo r-bnwqim r-qvutc0\" dir=\"auto\" lang=\"ca\"><span class=\"css-901oao css-16my406 r-poiln3 r-bcqeeo r-qvutc0\">Els reis ens han deixat regals! L&#8217;alumnat de 1r i 2n de batxillerat que es van presentar a la convocat\u00f2ria del <\/span><span class=\"r-18u37iz\"><a class=\"css-4rbku5 css-18t94o4 css-901oao css-16my406 r-1cvl2hr r-1loqt21 r-poiln3 r-bcqeeo r-qvutc0\" role=\"link\" href=\"https:\/\/twitter.com\/hashtag\/DELF2021?src=hashtag_click\">#DELF2021<\/a><\/span><span class=\"css-901oao css-16my406 r-poiln3 r-bcqeeo r-qvutc0\"> ja poden passar per Secretaria a recollir els diplomes. F\u00e9licitations \u00e0 tous et toutes pour vos excellents r\u00e9sultats! <\/span><span class=\"r-18u37iz\"><a class=\"css-4rbku5 css-18t94o4 css-901oao css-16my406 r-1cvl2hr r-1loqt21 r-poiln3 r-bcqeeo r-qvutc0\" role=\"link\" href=\"https:\/\/twitter.com\/hashtag\/INSACumella?src=hashtag_click\">#INSACumella<\/a><\/span> <span class=\"r-18u37iz\"><a class=\"css-4rbku5 css-18t94o4 css-901oao css-16my406 r-1cvl2hr r-1loqt21 r-poiln3 r-bcqeeo r-qvutc0\" role=\"link\" href=\"https:\/\/twitter.com\/hashtag\/diplomesdelf?src=hashtag_click\">#diplomesdelf<\/a><\/span> <span class=\"r-18u37iz\"><a class=\"css-4rbku5 css-18t94o4 css-901oao css-16my406 r-1cvl2hr r-1loqt21 r-poiln3 r-bcqeeo r-qvutc0\" role=\"link\" href=\"https:\/\/twitter.com\/hashtag\/ssttmvo?src=hashtag_click\">#ssttmvo<\/a><\/span> <span class=\"r-18u37iz\"><a class=\"css-4rbku5 css-18t94o4 css-901oao css-16my406 r-1cvl2hr r-1loqt21 r-poiln3 r-bcqeeo r-qvutc0\" role=\"link\" href=\"https:\/\/twitter.com\/hashtag\/FLE?src=hashtag_click\">#FLE<\/a><\/span><\/div>\n<\/div>\n<div dir=\"auto\" lang=\"ca\"><\/div>\n<div dir=\"auto\" lang=\"ca\"><\/div>\n<div dir=\"auto\" lang=\"ca\"><\/div>\n<div dir=\"auto\" lang=\"ca\"><\/div>\n<div dir=\"auto\" lang=\"ca\"><a href=\"https:\/\/agora.xtec.cat\/iesacumella\/wp-content\/uploads\/usu1642\/2022\/01\/IMG_2364-scaled.jpg\"><img loading=\"lazy\" decoding=\"async\" class=\"alignnone size-large wp-image-8257\" src=\"https:\/\/agora.xtec.cat\/iesacumella\/wp-content\/uploads\/usu1642\/2022\/01\/IMG_2364-1024x768.jpg\" alt=\"\" width=\"1024\" height=\"768\" srcset=\"https:\/\/agora.xtec.cat\/iesacumella\/wp-content\/uploads\/usu1642\/2022\/01\/IMG_2364-1024x768.jpg 1024w, https:\/\/agora.xtec.cat\/iesacumella\/wp-content\/uploads\/usu1642\/2022\/01\/IMG_2364-300x225.jpg 300w, https:\/\/agora.xtec.cat\/iesacumella\/wp-content\/uploads\/usu1642\/2022\/01\/IMG_2364-768x576.jpg 768w, https:\/\/agora.xtec.cat\/iesacumella\/wp-content\/uploads\/usu1642\/2022\/01\/IMG_2364-1536x1152.jpg 1536w, https:\/\/agora.xtec.cat\/iesacumella\/wp-content\/uploads\/usu1642\/2022\/01\/IMG_2364-2048x1536.jpg 2048w, https:\/\/agora.xtec.cat\/iesacumella\/wp-content\/uploads\/usu1642\/2022\/01\/IMG_2364-200x150.jpg 200w\" sizes=\"auto, (max-width: 1024px) 100vw, 1024px\" \/><\/a><\/div>\n","protected":false},"excerpt":{"rendered":"<p>Els reis ens han deixat regals! L&#8217;alumnat de 1r i 2n de batxillerat que es van presentar a la convocat\u00f2ria del <a class=\"css-4rbku5 css-18t94o4 css-901oao css-16my406 r-1cvl2hr r-1loqt21 r-poiln3 r-bcqeeo r-qvutc0\" role=\"link\" href=\"https:\/\/twitter.com\/hashtag\/DELF2021?src=hashtag_click\">#DELF2021<\/a> ja poden passar per Secretaria a recollir els diplomes. F\u00e9licitations \u00e0 tous&hellip;  <a href=\"https:\/\/agora.xtec.cat\/iesacumella\/portada\/general\/ja-tenim-diplomes-delf\/\" title=\"Read Ja tenim diplomes DELF!\">Llegeix m\u00e9s\u00bb<\/a><\/p>\n","protected":false},"author":18,"featured_media":0,"comment_status":"closed","ping_status":"closed","sticky":false,"template":"","format":"standard","meta":{"_bbp_topic_count":0,"_bbp_reply_count":0,"_bbp_total_topic_count":0,"_bbp_total_reply_count":0,"_bbp_voice_count":0,"_bbp_anonymous_reply_count":0,"_bbp_topic_count_hidden":0,"_bbp_reply_count_hidden":0,"_bbp_forum_subforum_count":0,"footnotes":""},"categories":[1,113],"tags":[],"class_list":["post-8256","post","type-post","status-publish","format-standard","hentry","category-general","category-llengues-estrangeres"],"post_mailing_queue_ids":[],"_links":{"self":[{"href":"https:\/\/agora.xtec.cat\/iesacumella\/wp-json\/wp\/v2\/posts\/8256","targetHints":{"allow":["GET"]}}],"collection":[{"href":"https:\/\/agora.xtec.cat\/iesacumella\/wp-json\/wp\/v2\/posts"}],"about":[{"href":"https:\/\/agora.xtec.cat\/iesacumella\/wp-json\/wp\/v2\/types\/post"}],"author":[{"embeddable":true,"href":"https:\/\/agora.xtec.cat\/iesacumella\/wp-json\/wp\/v2\/users\/18"}],"replies":[{"embeddable":true,"href":"https:\/\/agora.xtec.cat\/iesacumella\/wp-json\/wp\/v2\/comments?post=8256"}],"version-history":[{"count":2,"href":"https:\/\/agora.xtec.cat\/iesacumella\/wp-json\/wp\/v2\/posts\/8256\/revisions"}],"predecessor-version":[{"id":8259,"href":"https:\/\/agora.xtec.cat\/iesacumella\/wp-json\/wp\/v2\/posts\/8256\/revisions\/8259"}],"wp:attachment":[{"href":"https:\/\/agora.xtec.cat\/iesacumella\/wp-json\/wp\/v2\/media?parent=8256"}],"wp:term":[{"taxonomy":"category","embeddable":true,"href":"https:\/\/agora.xtec.cat\/iesacumella\/wp-json\/wp\/v2\/categories?post=8256"},{"taxonomy":"post_tag","embeddable":true,"href":"https:\/\/agora.xtec.cat\/iesacumella\/wp-json\/wp\/v2\/tags?post=8256"}],"curies":[{"name":"wp","href":"https:\/\/api.w.org\/{rel}","templated":true}]}}