{"id":8241,"date":"2021-12-17T08:45:41","date_gmt":"2021-12-17T07:45:41","guid":{"rendered":"https:\/\/agora.xtec.cat\/iesacumella\/?p=8241"},"modified":"2022-02-03T10:02:30","modified_gmt":"2022-02-03T09:02:30","slug":"accio-solidaria-siei-insac-creu-roja-col%c2%b7laboreu-hi","status":"publish","type":"post","link":"https:\/\/agora.xtec.cat\/iesacumella\/portada\/general\/accio-solidaria-siei-insac-creu-roja-col%c2%b7laboreu-hi\/","title":{"rendered":"Acci\u00f3 solid\u00e0ria SIEI INSAC + Creu Roja = COL\u00b7LABOREU-HI!"},"content":{"rendered":"<p>El dia 3 de desembre vam comen\u00e7ar la col\u00b7laboraci\u00f3 amb la Creu Roja de<br \/>\nGranollers: aquest projecte el lidera l\u2019alumnat de la SIEI. Hi haur\u00e0 un obsequi pel nivell que m\u00e9s donacions faci: moltes gr\u00e0cies per participar-hi!<\/p>\n<p>A data 14 de Desembre 1r d\u2019ESO va en primer lloc!!! Som-hi, fem voltar<br \/>\nels capgrossos!!!<\/p>\n<p><a href=\"https:\/\/agora.xtec.cat\/iesacumella\/wp-content\/uploads\/usu1642\/2021\/12\/IMG_7014-scaled.jpg\"><img loading=\"lazy\" decoding=\"async\" class=\"alignnone size-large wp-image-8246\" src=\"https:\/\/agora.xtec.cat\/iesacumella\/wp-content\/uploads\/usu1642\/2021\/12\/IMG_7014-1024x768.jpg\" alt=\"\" width=\"1024\" height=\"768\" srcset=\"https:\/\/agora.xtec.cat\/iesacumella\/wp-content\/uploads\/usu1642\/2021\/12\/IMG_7014-1024x768.jpg 1024w, https:\/\/agora.xtec.cat\/iesacumella\/wp-content\/uploads\/usu1642\/2021\/12\/IMG_7014-300x225.jpg 300w, https:\/\/agora.xtec.cat\/iesacumella\/wp-content\/uploads\/usu1642\/2021\/12\/IMG_7014-768x576.jpg 768w, https:\/\/agora.xtec.cat\/iesacumella\/wp-content\/uploads\/usu1642\/2021\/12\/IMG_7014-1536x1152.jpg 1536w, https:\/\/agora.xtec.cat\/iesacumella\/wp-content\/uploads\/usu1642\/2021\/12\/IMG_7014-2048x1536.jpg 2048w, https:\/\/agora.xtec.cat\/iesacumella\/wp-content\/uploads\/usu1642\/2021\/12\/IMG_7014-200x150.jpg 200w\" sizes=\"auto, (max-width: 1024px) 100vw, 1024px\" \/><\/a><\/p>\n<p><a href=\"https:\/\/agora.xtec.cat\/iesacumella\/wp-content\/uploads\/usu1642\/2021\/12\/IMG_7002-scaled.jpg\"><img loading=\"lazy\" decoding=\"async\" class=\"alignnone size-large wp-image-8247\" src=\"https:\/\/agora.xtec.cat\/iesacumella\/wp-content\/uploads\/usu1642\/2021\/12\/IMG_7002-1024x768.jpg\" alt=\"\" width=\"1024\" height=\"768\" srcset=\"https:\/\/agora.xtec.cat\/iesacumella\/wp-content\/uploads\/usu1642\/2021\/12\/IMG_7002-1024x768.jpg 1024w, https:\/\/agora.xtec.cat\/iesacumella\/wp-content\/uploads\/usu1642\/2021\/12\/IMG_7002-300x225.jpg 300w, https:\/\/agora.xtec.cat\/iesacumella\/wp-content\/uploads\/usu1642\/2021\/12\/IMG_7002-768x576.jpg 768w, https:\/\/agora.xtec.cat\/iesacumella\/wp-content\/uploads\/usu1642\/2021\/12\/IMG_7002-1536x1152.jpg 1536w, https:\/\/agora.xtec.cat\/iesacumella\/wp-content\/uploads\/usu1642\/2021\/12\/IMG_7002-2048x1536.jpg 2048w, https:\/\/agora.xtec.cat\/iesacumella\/wp-content\/uploads\/usu1642\/2021\/12\/IMG_7002-200x150.jpg 200w\" sizes=\"auto, (max-width: 1024px) 100vw, 1024px\" \/><\/a><\/p>\n","protected":false},"excerpt":{"rendered":"<p>El dia 3 de desembre vam comen\u00e7ar la col\u00b7laboraci\u00f3 amb la Creu Roja de<br \/>\nGranollers: aquest projecte el lidera l\u2019alumnat de la SIEI. Hi haur\u00e0 un obsequi pel nivell que m\u00e9s donacions faci: moltes gr\u00e0cies per participar-hi!<br \/>\nA data 14 de Desembre 1r d\u2019ESO va en primer&hellip;  <a href=\"https:\/\/agora.xtec.cat\/iesacumella\/portada\/general\/accio-solidaria-siei-insac-creu-roja-col%c2%b7laboreu-hi\/\" title=\"Read Acci\u00f3 solid\u00e0ria SIEI INSAC + Creu Roja = COL\u00b7LABOREU-HI!\">Llegeix m\u00e9s\u00bb<\/a><\/p>\n","protected":false},"author":18,"featured_media":0,"comment_status":"closed","ping_status":"closed","sticky":false,"template":"","format":"standard","meta":{"_bbp_topic_count":0,"_bbp_reply_count":0,"_bbp_total_topic_count":0,"_bbp_total_reply_count":0,"_bbp_voice_count":0,"_bbp_anonymous_reply_count":0,"_bbp_topic_count_hidden":0,"_bbp_reply_count_hidden":0,"_bbp_forum_subforum_count":0,"footnotes":""},"categories":[1,118],"tags":[],"class_list":["post-8241","post","type-post","status-publish","format-standard","hentry","category-general","category-psicopedagogia"],"post_mailing_queue_ids":[],"_links":{"self":[{"href":"https:\/\/agora.xtec.cat\/iesacumella\/wp-json\/wp\/v2\/posts\/8241","targetHints":{"allow":["GET"]}}],"collection":[{"href":"https:\/\/agora.xtec.cat\/iesacumella\/wp-json\/wp\/v2\/posts"}],"about":[{"href":"https:\/\/agora.xtec.cat\/iesacumella\/wp-json\/wp\/v2\/types\/post"}],"author":[{"embeddable":true,"href":"https:\/\/agora.xtec.cat\/iesacumella\/wp-json\/wp\/v2\/users\/18"}],"replies":[{"embeddable":true,"href":"https:\/\/agora.xtec.cat\/iesacumella\/wp-json\/wp\/v2\/comments?post=8241"}],"version-history":[{"count":2,"href":"https:\/\/agora.xtec.cat\/iesacumella\/wp-json\/wp\/v2\/posts\/8241\/revisions"}],"predecessor-version":[{"id":8249,"href":"https:\/\/agora.xtec.cat\/iesacumella\/wp-json\/wp\/v2\/posts\/8241\/revisions\/8249"}],"wp:attachment":[{"href":"https:\/\/agora.xtec.cat\/iesacumella\/wp-json\/wp\/v2\/media?parent=8241"}],"wp:term":[{"taxonomy":"category","embeddable":true,"href":"https:\/\/agora.xtec.cat\/iesacumella\/wp-json\/wp\/v2\/categories?post=8241"},{"taxonomy":"post_tag","embeddable":true,"href":"https:\/\/agora.xtec.cat\/iesacumella\/wp-json\/wp\/v2\/tags?post=8241"}],"curies":[{"name":"wp","href":"https:\/\/api.w.org\/{rel}","templated":true}]}}