{"id":8221,"date":"2021-12-14T12:19:11","date_gmt":"2021-12-14T11:19:11","guid":{"rendered":"https:\/\/agora.xtec.cat\/iesacumella\/?p=8221"},"modified":"2021-12-14T12:19:11","modified_gmt":"2021-12-14T11:19:11","slug":"1-origami-1-euro","status":"publish","type":"post","link":"https:\/\/agora.xtec.cat\/iesacumella\/portada\/general\/1-origami-1-euro\/","title":{"rendered":"1 Origami, 1 Euro"},"content":{"rendered":"<div><\/div>\n<div><\/div>\n<div>Dijou<a href=\"https:\/\/agora.xtec.cat\/iesacumella\/wp-content\/uploads\/usu1642\/2021\/12\/Grues-objectiu-solidari-1.jpg\"><img loading=\"lazy\" decoding=\"async\" class=\"wp-image-8222 alignleft\" src=\"https:\/\/agora.xtec.cat\/iesacumella\/wp-content\/uploads\/usu1642\/2021\/12\/Grues-objectiu-solidari-1.jpg\" alt=\"\" width=\"393\" height=\"524\" srcset=\"https:\/\/agora.xtec.cat\/iesacumella\/wp-content\/uploads\/usu1642\/2021\/12\/Grues-objectiu-solidari-1.jpg 378w, https:\/\/agora.xtec.cat\/iesacumella\/wp-content\/uploads\/usu1642\/2021\/12\/Grues-objectiu-solidari-1-225x300.jpg 225w\" sizes=\"auto, (max-width: 393px) 100vw, 393px\" \/><\/a>s dia 10\u00a0 es va realitzar l&#8217;activitat &#8220;Objectiu solidari&#8221; de la Fundaci\u00f3 MGC i en col\u00b7laboraci\u00f3 amb la Marat\u00f3 de TV3.<\/div>\n<div><\/div>\n<div>Tots els nivells van participar en la creaci\u00f3 d&#8217;una grua de paper despr\u00e9s d&#8217;escoltar la llegenda de &#8220;Les mil grues de paper&#8221;, un s\u00edmbol de pau a causa de la hist\u00f2ria de Sadako Sasaki. En total, v\u00e0rem realitzar un total de 225 grues que es convertiran en 225 Euros.<\/div>\n<div><\/div>\n<div>A part de gaudir de l&#8217;art de l&#8217;<em>origami<\/em> tamb\u00e9 va ser una sessi\u00f3 per a treballar l&#8217;estigma de la salut mental, amb debats i reflexions a classe sobre la q\u00fcesti\u00f3.<\/div>\n<div><\/div>\n<div><\/div>\n<div><\/div>\n<div><\/div>\n","protected":false},"excerpt":{"rendered":"<p>Dijou<a href=\"https:\/\/agora.xtec.cat\/iesacumella\/wp-content\/uploads\/usu1642\/2021\/12\/Grues-objectiu-solidari-1.jpg\"><\/a>s dia 10\u00a0 es va realitzar l&#8217;activitat &#8220;Objectiu solidari&#8221; de la Fundaci\u00f3 MGC i en col\u00b7laboraci\u00f3 amb la Marat\u00f3 de TV3.<\/p>\n<p>Tots els nivells van participar en la creaci\u00f3 d&#8217;una grua de paper despr\u00e9s d&#8217;escoltar la llegenda de &#8220;Les mil grues de paper&#8221;, un s\u00edmbol&hellip;  <a href=\"https:\/\/agora.xtec.cat\/iesacumella\/portada\/general\/1-origami-1-euro\/\" title=\"Read 1 Origami, 1 Euro\">Llegeix m\u00e9s\u00bb<\/a><\/p>\n","protected":false},"author":18,"featured_media":0,"comment_status":"closed","ping_status":"closed","sticky":false,"template":"","format":"standard","meta":{"_bbp_topic_count":0,"_bbp_reply_count":0,"_bbp_total_topic_count":0,"_bbp_total_reply_count":0,"_bbp_voice_count":0,"_bbp_anonymous_reply_count":0,"_bbp_topic_count_hidden":0,"_bbp_reply_count_hidden":0,"_bbp_forum_subforum_count":0,"footnotes":""},"categories":[1],"tags":[],"class_list":["post-8221","post","type-post","status-publish","format-standard","hentry","category-general"],"post_mailing_queue_ids":[],"_links":{"self":[{"href":"https:\/\/agora.xtec.cat\/iesacumella\/wp-json\/wp\/v2\/posts\/8221","targetHints":{"allow":["GET"]}}],"collection":[{"href":"https:\/\/agora.xtec.cat\/iesacumella\/wp-json\/wp\/v2\/posts"}],"about":[{"href":"https:\/\/agora.xtec.cat\/iesacumella\/wp-json\/wp\/v2\/types\/post"}],"author":[{"embeddable":true,"href":"https:\/\/agora.xtec.cat\/iesacumella\/wp-json\/wp\/v2\/users\/18"}],"replies":[{"embeddable":true,"href":"https:\/\/agora.xtec.cat\/iesacumella\/wp-json\/wp\/v2\/comments?post=8221"}],"version-history":[{"count":3,"href":"https:\/\/agora.xtec.cat\/iesacumella\/wp-json\/wp\/v2\/posts\/8221\/revisions"}],"predecessor-version":[{"id":8227,"href":"https:\/\/agora.xtec.cat\/iesacumella\/wp-json\/wp\/v2\/posts\/8221\/revisions\/8227"}],"wp:attachment":[{"href":"https:\/\/agora.xtec.cat\/iesacumella\/wp-json\/wp\/v2\/media?parent=8221"}],"wp:term":[{"taxonomy":"category","embeddable":true,"href":"https:\/\/agora.xtec.cat\/iesacumella\/wp-json\/wp\/v2\/categories?post=8221"},{"taxonomy":"post_tag","embeddable":true,"href":"https:\/\/agora.xtec.cat\/iesacumella\/wp-json\/wp\/v2\/tags?post=8221"}],"curies":[{"name":"wp","href":"https:\/\/api.w.org\/{rel}","templated":true}]}}