{"id":8204,"date":"2021-12-01T14:17:27","date_gmt":"2021-12-01T13:17:27","guid":{"rendered":"https:\/\/agora.xtec.cat\/iesacumella\/?p=8204"},"modified":"2021-12-01T14:22:04","modified_gmt":"2021-12-01T13:22:04","slug":"preinscripcio-a-les-proves-delf-scolaire-2022","status":"publish","type":"post","link":"https:\/\/agora.xtec.cat\/iesacumella\/portada\/general\/preinscripcio-a-les-proves-delf-scolaire-2022\/","title":{"rendered":"Preinscripci\u00f3 a les proves DELF Scolaire 2022"},"content":{"rendered":"<p><span style=\"font-weight: 400;\">Queda obert el per\u00edode d&#8217;inscripci\u00f3,<\/span><b> fins el 21 de desembre<\/b><span style=\"font-weight: 400;\">, per a la convocat\u00f2ria de les proves dels diplomes DELF Scolaire que tindran lloc els seg\u00fcents dies:<\/span><\/p>\n<p><b>PROVES ESCRITES COL\u00b7LECTIVES (CE, CO, EE)<\/b><\/p>\n<p><span style=\"font-weight: 400;\">DELF A2: Dijous 28 d\u2019abril de 17h a 18:40h<\/span><\/p>\n<p><span style=\"font-weight: 400;\">DELF B1: Dimecres 27 d\u2019abril de 17h a 18:55h<\/span><\/p>\n<p><span style=\"font-weight: 400;\">DELF B2: Dijous 28 d\u2019abril\u00a0 de 17h a 19:30h<\/span><\/p>\n<p><b>PROVES ORALS INDIVIDUALS\u00a0<\/b><\/p>\n<p><span style=\"font-weight: 400;\">Entre el dimarts 19 d\u2019abril i el dilluns 18 de maig de 2022.<\/span><\/p>\n<p><span style=\"font-weight: 400;\">*Totes les proves, col\u00b7lectives i individuals, es realitzen al mateix Institut Antoni Cumella, ja que en som seu oficial.<\/span><\/p>\n<p><b>PUBLICACI\u00d3 DELS RESULTATS<\/b><\/p>\n<p><span style=\"font-weight: 400;\">Dimarts 28 juny de 2022.<\/span><\/p>\n<p><b>PER\u00cdODE DE PREINSCRIPCI\u00d3<\/b><\/p>\n<p><span style=\"font-weight: 400;\">Fins el 21 de desembre de 2021.<\/span><\/p>\n<p><b>PROC\u00c9S D\u2019INSCRIPCI\u00d3 i TARIFES<\/b><\/p>\n<p><span style=\"font-weight: 400;\">Podeu descarregar-vos els formularis d\u2019inscripci\u00f3 aqu\u00ed : <\/span><a href=\"https:\/\/drive.google.com\/file\/d\/1owMCqxkjH8z1Ehbt7DbcbhCz4NGP-ZR1\/view?usp=sharing\"><span style=\"font-weight: 400;\">DELF A2<\/span><\/a><span style=\"font-weight: 400;\">, <\/span><a href=\"https:\/\/drive.google.com\/file\/d\/1Bj4fwKlZAEjc4KXgykE_TMK6nMxrQfci\/view?usp=sharing\"><span style=\"font-weight: 400;\">DELF B1<\/span><\/a><span style=\"font-weight: 400;\">, <\/span><a href=\"https:\/\/drive.google.com\/file\/d\/1k32-ayNGWFPZm-FD17dkKGQthkd61Dhn\/view?usp=sharing\"><span style=\"font-weight: 400;\">DELF B2<\/span><\/a><span style=\"font-weight: 400;\">.\u00a0<\/span><\/p>\n<p><span style=\"font-weight: 400;\">Seguiu detingudament les instruccions que s\u2019indiquen en aquests documents.<\/span><\/p>\n<p><span style=\"font-weight: 400;\">Les taxes d\u2019inscripci\u00f3 del DELF Scolaire 2022 s\u00f3n les seg\u00fcents:<\/span><\/p>\n<ul>\n<li style=\"font-weight: 400;\" aria-level=\"1\"><span style=\"font-weight: 400;\">71\u20ac per al DELF A2.<\/span><\/li>\n<li style=\"font-weight: 400;\" aria-level=\"1\"><span style=\"font-weight: 400;\">95\u20ac per al DELF B1.<\/span><\/li>\n<li style=\"font-weight: 400;\" aria-level=\"1\"><span style=\"font-weight: 400;\">112\u20ac per al DELF B2.\u00a0<\/span><\/li>\n<\/ul>\n<p><span style=\"font-weight: 400;\">Per a resoldre dubtes o per a qualsevol aclariment, consulteu amb el professorat de Franc\u00e8s de l\u2019INS Antoni Cumella: <\/span><a href=\"mailto:a.calafell@iesacumella.cat\"><span style=\"font-weight: 400;\">a.calafell@iesacumella.cat<\/span><\/a><span style=\"font-weight: 400;\"> ; <\/span><a href=\"mailto:e.portet@iesacumella.cat\"><span style=\"font-weight: 400;\">e.portet@iesacumella.cat<\/span><\/a><span style=\"font-weight: 400;\">.\u00a0<\/span><\/p>\n<p><span style=\"font-weight: 400;\">Trobareu tota la informaci\u00f3 detallada a:\u00a0 <\/span><a href=\"https:\/\/delf-scolaire.cat\/\"><span style=\"font-weight: 400;\">https:\/\/delf-scolaire.cat\/<\/span><\/a><\/p>\n<p><a href=\"https:\/\/agora.xtec.cat\/iesacumella\/wp-content\/uploads\/usu1642\/2021\/12\/delf-scolaire.jpg\"><img loading=\"lazy\" decoding=\"async\" class=\"aligncenter size-medium wp-image-8205\" src=\"https:\/\/agora.xtec.cat\/iesacumella\/wp-content\/uploads\/usu1642\/2021\/12\/delf-scolaire-300x169.jpg\" alt=\"\" width=\"300\" height=\"169\" srcset=\"https:\/\/agora.xtec.cat\/iesacumella\/wp-content\/uploads\/usu1642\/2021\/12\/delf-scolaire-300x169.jpg 300w, https:\/\/agora.xtec.cat\/iesacumella\/wp-content\/uploads\/usu1642\/2021\/12\/delf-scolaire-1024x576.jpg 1024w, https:\/\/agora.xtec.cat\/iesacumella\/wp-content\/uploads\/usu1642\/2021\/12\/delf-scolaire-768x432.jpg 768w, https:\/\/agora.xtec.cat\/iesacumella\/wp-content\/uploads\/usu1642\/2021\/12\/delf-scolaire.jpg 1512w\" sizes=\"auto, (max-width: 300px) 100vw, 300px\" \/><\/a><\/p>\n<p>&nbsp;<\/p>\n<p>&nbsp;<\/p>\n","protected":false},"excerpt":{"rendered":"<p>Queda obert el per\u00edode d&#8217;inscripci\u00f3, fins el 21 de desembre, per a la convocat\u00f2ria de les proves dels diplomes DELF Scolaire que tindran lloc els seg\u00fcents dies:<br \/>\nPROVES ESCRITES COL\u00b7LECTIVES (CE, CO, EE)<br \/>\nDELF A2: Dijous 28 d\u2019abril de 17h a 18:40h<br \/>\nDELF B1: Dimecres 27 d\u2019abril de&hellip;  <a href=\"https:\/\/agora.xtec.cat\/iesacumella\/portada\/general\/preinscripcio-a-les-proves-delf-scolaire-2022\/\" title=\"Read Preinscripci\u00f3 a les proves DELF Scolaire 2022\">Llegeix m\u00e9s\u00bb<\/a><\/p>\n","protected":false},"author":1,"featured_media":8205,"comment_status":"closed","ping_status":"closed","sticky":false,"template":"","format":"standard","meta":{"_bbp_topic_count":0,"_bbp_reply_count":0,"_bbp_total_topic_count":0,"_bbp_total_reply_count":0,"_bbp_voice_count":0,"_bbp_anonymous_reply_count":0,"_bbp_topic_count_hidden":0,"_bbp_reply_count_hidden":0,"_bbp_forum_subforum_count":0,"footnotes":""},"categories":[1,113,29],"tags":[],"class_list":["post-8204","post","type-post","status-publish","format-standard","has-post-thumbnail","hentry","category-general","category-llengues-estrangeres","category-portada"],"post_mailing_queue_ids":[],"_links":{"self":[{"href":"https:\/\/agora.xtec.cat\/iesacumella\/wp-json\/wp\/v2\/posts\/8204","targetHints":{"allow":["GET"]}}],"collection":[{"href":"https:\/\/agora.xtec.cat\/iesacumella\/wp-json\/wp\/v2\/posts"}],"about":[{"href":"https:\/\/agora.xtec.cat\/iesacumella\/wp-json\/wp\/v2\/types\/post"}],"author":[{"embeddable":true,"href":"https:\/\/agora.xtec.cat\/iesacumella\/wp-json\/wp\/v2\/users\/1"}],"replies":[{"embeddable":true,"href":"https:\/\/agora.xtec.cat\/iesacumella\/wp-json\/wp\/v2\/comments?post=8204"}],"version-history":[{"count":1,"href":"https:\/\/agora.xtec.cat\/iesacumella\/wp-json\/wp\/v2\/posts\/8204\/revisions"}],"predecessor-version":[{"id":8206,"href":"https:\/\/agora.xtec.cat\/iesacumella\/wp-json\/wp\/v2\/posts\/8204\/revisions\/8206"}],"wp:featuredmedia":[{"embeddable":true,"href":"https:\/\/agora.xtec.cat\/iesacumella\/wp-json\/wp\/v2\/media\/8205"}],"wp:attachment":[{"href":"https:\/\/agora.xtec.cat\/iesacumella\/wp-json\/wp\/v2\/media?parent=8204"}],"wp:term":[{"taxonomy":"category","embeddable":true,"href":"https:\/\/agora.xtec.cat\/iesacumella\/wp-json\/wp\/v2\/categories?post=8204"},{"taxonomy":"post_tag","embeddable":true,"href":"https:\/\/agora.xtec.cat\/iesacumella\/wp-json\/wp\/v2\/tags?post=8204"}],"curies":[{"name":"wp","href":"https:\/\/api.w.org\/{rel}","templated":true}]}}