{"id":8113,"date":"2021-11-05T13:33:32","date_gmt":"2021-11-05T12:33:32","guid":{"rendered":"https:\/\/agora.xtec.cat\/iesacumella\/?p=8113"},"modified":"2021-11-18T12:28:11","modified_gmt":"2021-11-18T11:28:11","slug":"la-represa-del-projecte-erasmus","status":"publish","type":"post","link":"https:\/\/agora.xtec.cat\/iesacumella\/portada\/general\/la-represa-del-projecte-erasmus\/","title":{"rendered":"La represa del projecte Erasmus+"},"content":{"rendered":"<p><span lang=\"CA\">Aquest curs hem repr\u00e8s el Projecte <span class=\"il\">Erasmus<\/span> \u201cGamification in Interdisciplinary\u00a0 Education\u201d que havia comen\u00e7at\u00a0 el curs 2019\/20 i que va quedar interromput per la pand\u00e8mia de la COVID-19. La segona setmana d&#8217;octubre, un grup de sis alumnes de 1r de Batxillerat i dues professores van anar a Bornen, un poble a uns 40 km al Nord de Brussel\u00b7les, a B\u00e8lgica. Van ser cinc dies d\u2019activitats <\/span><span lang=\"CA\">de gamificaci\u00f3<\/span><span lang=\"CA\"> col\u00b7laboratives entre alumnes de sis pa\u00efsos diferents. Tamb\u00e9 hi va haver d&#8217;altres propostes interessants com els tallers a la Universitat Odisee de Sint Niklaas, la visita hist\u00f2rica del Museu del Red Star Line a Anvers i la caminada pels voltants del majestu\u00f3s Castell de Bornem. Va ser molt enriquidor poder compartir totes aquestes experi\u00e8ncies amb altres joves Europeus!<\/span><\/p>\n<p><span lang=\"CA\">Ara ja, preparem la propera mobilitat a Hongria (dins del mateix projecte) amb un altre grup d&#8217;alumnes del nostre centre.<\/span><\/p>\n<p><a href=\"https:\/\/agora.xtec.cat\/iesacumella\/wp-content\/uploads\/usu1642\/2021\/11\/IMG-20211005-WA0009.jpg\"><img loading=\"lazy\" decoding=\"async\" class=\"alignnone size-large wp-image-8115\" src=\"https:\/\/agora.xtec.cat\/iesacumella\/wp-content\/uploads\/usu1642\/2021\/11\/IMG-20211005-WA0009-1024x768.jpg\" alt=\"\" width=\"1024\" height=\"768\" srcset=\"https:\/\/agora.xtec.cat\/iesacumella\/wp-content\/uploads\/usu1642\/2021\/11\/IMG-20211005-WA0009-1024x768.jpg 1024w, https:\/\/agora.xtec.cat\/iesacumella\/wp-content\/uploads\/usu1642\/2021\/11\/IMG-20211005-WA0009-300x225.jpg 300w, https:\/\/agora.xtec.cat\/iesacumella\/wp-content\/uploads\/usu1642\/2021\/11\/IMG-20211005-WA0009-768x576.jpg 768w, https:\/\/agora.xtec.cat\/iesacumella\/wp-content\/uploads\/usu1642\/2021\/11\/IMG-20211005-WA0009-1536x1152.jpg 1536w, https:\/\/agora.xtec.cat\/iesacumella\/wp-content\/uploads\/usu1642\/2021\/11\/IMG-20211005-WA0009-200x150.jpg 200w, https:\/\/agora.xtec.cat\/iesacumella\/wp-content\/uploads\/usu1642\/2021\/11\/IMG-20211005-WA0009.jpg 1704w\" sizes=\"auto, (max-width: 1024px) 100vw, 1024px\" \/><\/a><\/p>\n","protected":false},"excerpt":{"rendered":"<p>Aquest curs hem repr\u00e8s el Projecte Erasmus \u201cGamification in Interdisciplinary\u00a0 Education\u201d que havia comen\u00e7at\u00a0 el curs 2019\/20 i que va quedar interromput per la pand\u00e8mia de la COVID-19. La segona setmana d&#8217;octubre, un grup de sis alumnes de 1r de Batxillerat i dues professores van&hellip;  <a href=\"https:\/\/agora.xtec.cat\/iesacumella\/portada\/general\/la-represa-del-projecte-erasmus\/\" title=\"Read La represa del projecte Erasmus+\">Llegeix m\u00e9s\u00bb<\/a><\/p>\n","protected":false},"author":18,"featured_media":0,"comment_status":"closed","ping_status":"closed","sticky":false,"template":"","format":"standard","meta":{"_bbp_topic_count":0,"_bbp_reply_count":0,"_bbp_total_topic_count":0,"_bbp_total_reply_count":0,"_bbp_voice_count":0,"_bbp_anonymous_reply_count":0,"_bbp_topic_count_hidden":0,"_bbp_reply_count_hidden":0,"_bbp_forum_subforum_count":0,"footnotes":""},"categories":[145,1,113,29],"tags":[],"class_list":["post-8113","post","type-post","status-publish","format-standard","hentry","category-batxillerat-diurn","category-general","category-llengues-estrangeres","category-portada"],"post_mailing_queue_ids":[],"_links":{"self":[{"href":"https:\/\/agora.xtec.cat\/iesacumella\/wp-json\/wp\/v2\/posts\/8113","targetHints":{"allow":["GET"]}}],"collection":[{"href":"https:\/\/agora.xtec.cat\/iesacumella\/wp-json\/wp\/v2\/posts"}],"about":[{"href":"https:\/\/agora.xtec.cat\/iesacumella\/wp-json\/wp\/v2\/types\/post"}],"author":[{"embeddable":true,"href":"https:\/\/agora.xtec.cat\/iesacumella\/wp-json\/wp\/v2\/users\/18"}],"replies":[{"embeddable":true,"href":"https:\/\/agora.xtec.cat\/iesacumella\/wp-json\/wp\/v2\/comments?post=8113"}],"version-history":[{"count":2,"href":"https:\/\/agora.xtec.cat\/iesacumella\/wp-json\/wp\/v2\/posts\/8113\/revisions"}],"predecessor-version":[{"id":8117,"href":"https:\/\/agora.xtec.cat\/iesacumella\/wp-json\/wp\/v2\/posts\/8113\/revisions\/8117"}],"wp:attachment":[{"href":"https:\/\/agora.xtec.cat\/iesacumella\/wp-json\/wp\/v2\/media?parent=8113"}],"wp:term":[{"taxonomy":"category","embeddable":true,"href":"https:\/\/agora.xtec.cat\/iesacumella\/wp-json\/wp\/v2\/categories?post=8113"},{"taxonomy":"post_tag","embeddable":true,"href":"https:\/\/agora.xtec.cat\/iesacumella\/wp-json\/wp\/v2\/tags?post=8113"}],"curies":[{"name":"wp","href":"https:\/\/api.w.org\/{rel}","templated":true}]}}