{"id":811,"date":"2013-05-27T20:12:12","date_gmt":"2013-05-27T19:12:12","guid":{"rendered":"http:\/\/blog.iesacumella.cat\/?p=811"},"modified":"2013-05-27T20:12:12","modified_gmt":"2013-05-27T19:12:12","slug":"res-de-res-a-escena","status":"publish","type":"post","link":"https:\/\/agora.xtec.cat\/iesacumella\/portada\/general\/res-de-res-a-escena\/","title":{"rendered":"&#8220;Res de res&#8221; a escena"},"content":{"rendered":"<p><!--:ca-->El grup de teatre del nostre institut va fer divendres passat, dia 24 de maig, tres representacions de l&#8217;obra \u201cRes de res\u201d, dirigida per Adri\u00e0 Freijo Guirado. L&#8217;obra est\u00e0 formada per l&#8217;adaptaci\u00f3 de diferents textos breus \u00a0del mateix Adri\u00e0 Freijo i d&#8217;altres autors, la majoria de component humor\u00edstic.<\/p>\n<p>Els actors i actrius van lluir-se en els seus papers, fent les del\u00edcies del p\u00fablic, tant dels seus companys en les representacions del mat\u00ed, com a la tarda en la representaci\u00f3 que van fer per a les fam\u00edlies i l&#8217;alumnat de nocturn. En acabar aquesta representaci\u00f3, l&#8217;AMPA els va fer un petit obsequi i va convidar tots els assistents a un pica-pica a la cantina.<\/p>\n<p>Felicitem de tot cor el grup de teatre del Cumella i el seu director Adri\u00e0 Freijo i esperem que el proper curs segueixin endavant.<\/p>\n<p>[gdl_gallery title=&#8221;ObraTeatreResdeRes&#8221;\u00a0 width=&#8221;170&#8243; height=&#8221;170&#8243; ]<!--:--><\/p>\n","protected":false},"excerpt":{"rendered":"<p>El grup de teatre del nostre institut va fer divendres passat, dia 24 de maig, tres representacions de l&#8217;obra \u201cRes de res\u201d, dirigida per Adri\u00e0 Freijo Guirado. L&#8217;obra est\u00e0 formada per l&#8217;adaptaci\u00f3 de diferents textos breus \u00a0del mateix Adri\u00e0 Freijo i d&#8217;altres autors, la majoria&hellip;  <a href=\"https:\/\/agora.xtec.cat\/iesacumella\/portada\/general\/res-de-res-a-escena\/\" title=\"Read &#8220;Res de res&#8221; a escena\">Llegeix m\u00e9s\u00bb<\/a><\/p>\n","protected":false},"author":1,"featured_media":795,"comment_status":"closed","ping_status":"closed","sticky":false,"template":"","format":"standard","meta":{"_bbp_topic_count":0,"_bbp_reply_count":0,"_bbp_total_topic_count":0,"_bbp_total_reply_count":0,"_bbp_voice_count":0,"_bbp_anonymous_reply_count":0,"_bbp_topic_count_hidden":0,"_bbp_reply_count_hidden":0,"_bbp_forum_subforum_count":0,"footnotes":""},"categories":[1],"tags":[],"class_list":["post-811","post","type-post","status-publish","format-standard","has-post-thumbnail","hentry","category-general"],"post_mailing_queue_ids":[],"_links":{"self":[{"href":"https:\/\/agora.xtec.cat\/iesacumella\/wp-json\/wp\/v2\/posts\/811","targetHints":{"allow":["GET"]}}],"collection":[{"href":"https:\/\/agora.xtec.cat\/iesacumella\/wp-json\/wp\/v2\/posts"}],"about":[{"href":"https:\/\/agora.xtec.cat\/iesacumella\/wp-json\/wp\/v2\/types\/post"}],"author":[{"embeddable":true,"href":"https:\/\/agora.xtec.cat\/iesacumella\/wp-json\/wp\/v2\/users\/1"}],"replies":[{"embeddable":true,"href":"https:\/\/agora.xtec.cat\/iesacumella\/wp-json\/wp\/v2\/comments?post=811"}],"version-history":[{"count":0,"href":"https:\/\/agora.xtec.cat\/iesacumella\/wp-json\/wp\/v2\/posts\/811\/revisions"}],"wp:featuredmedia":[{"embeddable":true,"href":"https:\/\/agora.xtec.cat\/iesacumella\/wp-json\/wp\/v2\/media\/795"}],"wp:attachment":[{"href":"https:\/\/agora.xtec.cat\/iesacumella\/wp-json\/wp\/v2\/media?parent=811"}],"wp:term":[{"taxonomy":"category","embeddable":true,"href":"https:\/\/agora.xtec.cat\/iesacumella\/wp-json\/wp\/v2\/categories?post=811"},{"taxonomy":"post_tag","embeddable":true,"href":"https:\/\/agora.xtec.cat\/iesacumella\/wp-json\/wp\/v2\/tags?post=811"}],"curies":[{"name":"wp","href":"https:\/\/api.w.org\/{rel}","templated":true}]}}