{"id":8030,"date":"2021-09-03T12:06:01","date_gmt":"2021-09-03T10:06:01","guid":{"rendered":"https:\/\/agora.xtec.cat\/iesacumella\/?p=8030"},"modified":"2021-11-05T23:29:21","modified_gmt":"2021-11-05T22:29:21","slug":"lliurament-notes-avaluacio-extraordinaria-1r-batxillerat","status":"publish","type":"post","link":"https:\/\/agora.xtec.cat\/iesacumella\/portada\/general\/lliurament-notes-avaluacio-extraordinaria-1r-batxillerat\/","title":{"rendered":"Lliurament notes avaluaci\u00f3 extraordin\u00e0ria 1r Batxillerat"},"content":{"rendered":"<p>Informem als alumnes que s&#8217;han presentat a les proves extraordin\u00e0ries de 1r Batxillerat 202-21, que el lliurament de notes es realitzar\u00e0 el proper <strong>dimecres 8 de setembre<\/strong>.<\/p>\n<p>L&#8217;horari pels alumnes d&#8217;horari di\u00fcrn \u00e9s de 11 a 12h. L&#8217;horari pels alumnes del torn nocturn \u00e9s de 16 a 17h.<\/p>\n","protected":false},"excerpt":{"rendered":"<p>Informem als alumnes que s&#8217;han presentat a les proves extraordin\u00e0ries de 1r Batxillerat 202-21, que el lliurament de notes es realitzar\u00e0 el proper dimecres 8 de setembre.<br \/>\nL&#8217;horari pels alumnes d&#8217;horari di\u00fcrn \u00e9s de 11 a 12h. L&#8217;horari pels alumnes del torn nocturn \u00e9s de 16&hellip;  <a href=\"https:\/\/agora.xtec.cat\/iesacumella\/portada\/general\/lliurament-notes-avaluacio-extraordinaria-1r-batxillerat\/\" title=\"Read Lliurament notes avaluaci\u00f3 extraordin\u00e0ria 1r Batxillerat\">Llegeix m\u00e9s\u00bb<\/a><\/p>\n","protected":false},"author":1,"featured_media":0,"comment_status":"closed","ping_status":"closed","sticky":false,"template":"","format":"standard","meta":{"_bbp_topic_count":0,"_bbp_reply_count":0,"_bbp_total_topic_count":0,"_bbp_total_reply_count":0,"_bbp_voice_count":0,"_bbp_anonymous_reply_count":0,"_bbp_topic_count_hidden":0,"_bbp_reply_count_hidden":0,"_bbp_forum_subforum_count":0,"footnotes":""},"categories":[1],"tags":[],"class_list":["post-8030","post","type-post","status-publish","format-standard","hentry","category-general"],"post_mailing_queue_ids":[],"_links":{"self":[{"href":"https:\/\/agora.xtec.cat\/iesacumella\/wp-json\/wp\/v2\/posts\/8030","targetHints":{"allow":["GET"]}}],"collection":[{"href":"https:\/\/agora.xtec.cat\/iesacumella\/wp-json\/wp\/v2\/posts"}],"about":[{"href":"https:\/\/agora.xtec.cat\/iesacumella\/wp-json\/wp\/v2\/types\/post"}],"author":[{"embeddable":true,"href":"https:\/\/agora.xtec.cat\/iesacumella\/wp-json\/wp\/v2\/users\/1"}],"replies":[{"embeddable":true,"href":"https:\/\/agora.xtec.cat\/iesacumella\/wp-json\/wp\/v2\/comments?post=8030"}],"version-history":[{"count":2,"href":"https:\/\/agora.xtec.cat\/iesacumella\/wp-json\/wp\/v2\/posts\/8030\/revisions"}],"predecessor-version":[{"id":8032,"href":"https:\/\/agora.xtec.cat\/iesacumella\/wp-json\/wp\/v2\/posts\/8030\/revisions\/8032"}],"wp:attachment":[{"href":"https:\/\/agora.xtec.cat\/iesacumella\/wp-json\/wp\/v2\/media?parent=8030"}],"wp:term":[{"taxonomy":"category","embeddable":true,"href":"https:\/\/agora.xtec.cat\/iesacumella\/wp-json\/wp\/v2\/categories?post=8030"},{"taxonomy":"post_tag","embeddable":true,"href":"https:\/\/agora.xtec.cat\/iesacumella\/wp-json\/wp\/v2\/tags?post=8030"}],"curies":[{"name":"wp","href":"https:\/\/api.w.org\/{rel}","templated":true}]}}