{"id":7971,"date":"2021-06-17T13:00:26","date_gmt":"2021-06-17T11:00:26","guid":{"rendered":"http:\/\/agora.xtec.cat\/iesacumella\/?p=7971"},"modified":"2021-06-17T13:01:03","modified_gmt":"2021-06-17T11:01:03","slug":"rajoles-hidrauliques","status":"publish","type":"post","link":"https:\/\/agora.xtec.cat\/iesacumella\/portada\/rajoles-hidrauliques\/","title":{"rendered":"Rajoles hidr\u00e0uliques"},"content":{"rendered":"<p>&#8220;Rajoles hidr\u00e0uliques&#8221; \u00e9s un projecte de disseny de rajoles iniciat pels alumnes de 1r d&#8217;ESO del curs 2019-2020, ajornat per la pand\u00e8mia i realitzat pel mateix alumnat (ja a 2n d&#8217;ESO) durant el curs actual.<\/p>\n<p>La proposta ha consistit en dissenyar unes rajoles amb inspiraci\u00f3 modernista, tot aplicant els tra\u00e7ats de geometria plana apresos durant el curs (construcci\u00f3 de pol\u00edgons inscrits i tra\u00e7ats b\u00e0sics com mediatrius i Tales), per despr\u00e9s traspassar aquests dissenys a una rajola real, com ho feien els artesans que fabricaven (i fabriquen) rajoles hidr\u00e0uliques.<\/p>\n<p>La t\u00e8cnica de realitzaci\u00f3 de la rajola real es diu \u201ccorda seca\u201d, i per realitzar-la els alumnes han comptat amb l\u2019ajuda de la Coral i la Cristina, del taller de cer\u00e0mica \u201cEl Rajol\u201d, que els han prove\u00eft dels materials i els coneixements per traspassar els dissenys a les rajoles. Un cop fetes, se les han emportat i retornat a l\u2019institut, despr\u00e9s de passar pel forn a m\u00e9s de 1000 graus de temperatura.<\/p>\n<p>Si les voleu veure en directe podeu passar pel vest\u00edbul de l&#8217;institut!<\/p>\n<p><a href=\"https:\/\/agora.xtec.cat\/iesacumella\/wp-content\/uploads\/usu1642\/2021\/06\/DSC02646.jpg\"><img loading=\"lazy\" decoding=\"async\" class=\"alignnone size-medium wp-image-7973\" src=\"https:\/\/agora.xtec.cat\/iesacumella\/wp-content\/uploads\/usu1642\/2021\/06\/DSC02646-300x169.jpg\" alt=\"\" width=\"300\" height=\"169\" srcset=\"https:\/\/agora.xtec.cat\/iesacumella\/wp-content\/uploads\/usu1642\/2021\/06\/DSC02646-300x169.jpg 300w, https:\/\/agora.xtec.cat\/iesacumella\/wp-content\/uploads\/usu1642\/2021\/06\/DSC02646-768x432.jpg 768w, https:\/\/agora.xtec.cat\/iesacumella\/wp-content\/uploads\/usu1642\/2021\/06\/DSC02646-1024x576.jpg 1024w\" sizes=\"auto, (max-width: 300px) 100vw, 300px\" \/><\/a> <a href=\"https:\/\/agora.xtec.cat\/iesacumella\/wp-content\/uploads\/usu1642\/2021\/06\/DSC02655.jpg\"><img loading=\"lazy\" decoding=\"async\" class=\"alignnone size-medium wp-image-7972\" src=\"https:\/\/agora.xtec.cat\/iesacumella\/wp-content\/uploads\/usu1642\/2021\/06\/DSC02655-300x169.jpg\" alt=\"\" width=\"300\" height=\"169\" srcset=\"https:\/\/agora.xtec.cat\/iesacumella\/wp-content\/uploads\/usu1642\/2021\/06\/DSC02655-300x169.jpg 300w, https:\/\/agora.xtec.cat\/iesacumella\/wp-content\/uploads\/usu1642\/2021\/06\/DSC02655-768x432.jpg 768w, https:\/\/agora.xtec.cat\/iesacumella\/wp-content\/uploads\/usu1642\/2021\/06\/DSC02655-1024x576.jpg 1024w\" sizes=\"auto, (max-width: 300px) 100vw, 300px\" \/><\/a> <a href=\"https:\/\/agora.xtec.cat\/iesacumella\/wp-content\/uploads\/usu1642\/2021\/06\/DSC02649.jpg\"><img loading=\"lazy\" decoding=\"async\" class=\"alignnone size-medium wp-image-7974\" src=\"https:\/\/agora.xtec.cat\/iesacumella\/wp-content\/uploads\/usu1642\/2021\/06\/DSC02649-300x169.jpg\" alt=\"\" width=\"300\" height=\"169\" srcset=\"https:\/\/agora.xtec.cat\/iesacumella\/wp-content\/uploads\/usu1642\/2021\/06\/DSC02649-300x169.jpg 300w, https:\/\/agora.xtec.cat\/iesacumella\/wp-content\/uploads\/usu1642\/2021\/06\/DSC02649-768x432.jpg 768w, https:\/\/agora.xtec.cat\/iesacumella\/wp-content\/uploads\/usu1642\/2021\/06\/DSC02649-1024x576.jpg 1024w\" sizes=\"auto, (max-width: 300px) 100vw, 300px\" \/><\/a><\/p>\n","protected":false},"excerpt":{"rendered":"<p>&#8220;Rajoles hidr\u00e0uliques&#8221; \u00e9s un projecte de disseny de rajoles iniciat pels alumnes de 1r d&#8217;ESO del curs 2019-2020, ajornat per la pand\u00e8mia i realitzat pel mateix alumnat (ja a 2n d&#8217;ESO) durant el curs actual.<br \/>\nLa proposta ha consistit en dissenyar unes rajoles amb inspiraci\u00f3 modernista,&hellip;  <a href=\"https:\/\/agora.xtec.cat\/iesacumella\/portada\/rajoles-hidrauliques\/\" title=\"Read Rajoles hidr\u00e0uliques\">Llegeix m\u00e9s\u00bb<\/a><\/p>\n","protected":false},"author":1,"featured_media":7972,"comment_status":"closed","ping_status":"closed","sticky":false,"template":"","format":"standard","meta":{"_bbp_topic_count":0,"_bbp_reply_count":0,"_bbp_total_topic_count":0,"_bbp_total_reply_count":0,"_bbp_voice_count":0,"_bbp_anonymous_reply_count":0,"_bbp_topic_count_hidden":0,"_bbp_reply_count_hidden":0,"_bbp_forum_subforum_count":0,"footnotes":""},"categories":[126,29,124],"tags":[],"class_list":["post-7971","post","type-post","status-publish","format-standard","has-post-thumbnail","hentry","category-2n-eso","category-portada","category-visual-i-plastica"],"post_mailing_queue_ids":[],"_links":{"self":[{"href":"https:\/\/agora.xtec.cat\/iesacumella\/wp-json\/wp\/v2\/posts\/7971","targetHints":{"allow":["GET"]}}],"collection":[{"href":"https:\/\/agora.xtec.cat\/iesacumella\/wp-json\/wp\/v2\/posts"}],"about":[{"href":"https:\/\/agora.xtec.cat\/iesacumella\/wp-json\/wp\/v2\/types\/post"}],"author":[{"embeddable":true,"href":"https:\/\/agora.xtec.cat\/iesacumella\/wp-json\/wp\/v2\/users\/1"}],"replies":[{"embeddable":true,"href":"https:\/\/agora.xtec.cat\/iesacumella\/wp-json\/wp\/v2\/comments?post=7971"}],"version-history":[{"count":1,"href":"https:\/\/agora.xtec.cat\/iesacumella\/wp-json\/wp\/v2\/posts\/7971\/revisions"}],"predecessor-version":[{"id":7977,"href":"https:\/\/agora.xtec.cat\/iesacumella\/wp-json\/wp\/v2\/posts\/7971\/revisions\/7977"}],"wp:featuredmedia":[{"embeddable":true,"href":"https:\/\/agora.xtec.cat\/iesacumella\/wp-json\/wp\/v2\/media\/7972"}],"wp:attachment":[{"href":"https:\/\/agora.xtec.cat\/iesacumella\/wp-json\/wp\/v2\/media?parent=7971"}],"wp:term":[{"taxonomy":"category","embeddable":true,"href":"https:\/\/agora.xtec.cat\/iesacumella\/wp-json\/wp\/v2\/categories?post=7971"},{"taxonomy":"post_tag","embeddable":true,"href":"https:\/\/agora.xtec.cat\/iesacumella\/wp-json\/wp\/v2\/tags?post=7971"}],"curies":[{"name":"wp","href":"https:\/\/api.w.org\/{rel}","templated":true}]}}