{"id":7963,"date":"2021-06-08T10:54:29","date_gmt":"2021-06-08T08:54:29","guid":{"rendered":"http:\/\/agora.xtec.cat\/iesacumella\/?p=7963"},"modified":"2021-06-17T13:02:25","modified_gmt":"2021-06-17T11:02:25","slug":"festival-fire","status":"publish","type":"post","link":"https:\/\/agora.xtec.cat\/iesacumella\/portada\/festival-fire\/","title":{"rendered":"Festival FIRE"},"content":{"rendered":"<p>Aquest dijous 3 de juny, els alumnes de 1r de batxillerat\u00a0hem\u00a0pogut gaudir de la Mostra internacional de tem\u00e0tica LGBT\u00a0de Barcelona del festival FIRE a l&#8217;institut franc\u00e8s.\u00a0<span style=\"color: #000000;\">Aquest festival aborda la diversitat afectiva en el sentit m\u00e9s ampli a trav\u00e9s d\u2019una acurada selecci\u00f3 de llargmetratges, documentals i curtmetratges,\u00a0<\/span>amb hist\u00f2ries i testimonis de persones lliures, creadors que trenquen barreres i lluitadors pels drets humans que ajuden amb l\u2019amor a construir un m\u00f3n m\u00e9s just i m\u00e9s lliure.\u00a0<span style=\"color: #000000;\">Cinema de qualitat, pel\u00b7l\u00edcules d\u2019autor i enfocament educatiu s\u00f3n els seus principals senyals d\u2019identitat.<\/span><\/p>\n<p><a href=\"https:\/\/agora.xtec.cat\/iesacumella\/wp-content\/uploads\/usu1642\/2021\/06\/20210603_105255.jpg\"><img loading=\"lazy\" decoding=\"async\" class=\"alignnone size-medium wp-image-7964\" src=\"https:\/\/agora.xtec.cat\/iesacumella\/wp-content\/uploads\/usu1642\/2021\/06\/20210603_105255-300x142.jpg\" alt=\"\" width=\"300\" height=\"142\" srcset=\"https:\/\/agora.xtec.cat\/iesacumella\/wp-content\/uploads\/usu1642\/2021\/06\/20210603_105255-300x142.jpg 300w, https:\/\/agora.xtec.cat\/iesacumella\/wp-content\/uploads\/usu1642\/2021\/06\/20210603_105255-768x363.jpg 768w, https:\/\/agora.xtec.cat\/iesacumella\/wp-content\/uploads\/usu1642\/2021\/06\/20210603_105255-1024x485.jpg 1024w, https:\/\/agora.xtec.cat\/iesacumella\/wp-content\/uploads\/usu1642\/2021\/06\/20210603_105255.jpg 2016w\" sizes=\"auto, (max-width: 300px) 100vw, 300px\" \/><\/a> <a href=\"https:\/\/agora.xtec.cat\/iesacumella\/wp-content\/uploads\/usu1642\/2021\/06\/20210603_094200.jpg\"><img loading=\"lazy\" decoding=\"async\" class=\"alignnone size-medium wp-image-7965\" src=\"https:\/\/agora.xtec.cat\/iesacumella\/wp-content\/uploads\/usu1642\/2021\/06\/20210603_094200-300x142.jpg\" alt=\"\" width=\"300\" height=\"142\" srcset=\"https:\/\/agora.xtec.cat\/iesacumella\/wp-content\/uploads\/usu1642\/2021\/06\/20210603_094200-300x142.jpg 300w, https:\/\/agora.xtec.cat\/iesacumella\/wp-content\/uploads\/usu1642\/2021\/06\/20210603_094200-768x363.jpg 768w, https:\/\/agora.xtec.cat\/iesacumella\/wp-content\/uploads\/usu1642\/2021\/06\/20210603_094200-1024x485.jpg 1024w, https:\/\/agora.xtec.cat\/iesacumella\/wp-content\/uploads\/usu1642\/2021\/06\/20210603_094200.jpg 2016w\" sizes=\"auto, (max-width: 300px) 100vw, 300px\" \/><\/a><\/p>\n","protected":false},"excerpt":{"rendered":"<p>Aquest dijous 3 de juny, els alumnes de 1r de batxillerat\u00a0hem\u00a0pogut gaudir de la Mostra internacional de tem\u00e0tica LGBT\u00a0de Barcelona del festival FIRE a l&#8217;institut franc\u00e8s.\u00a0Aquest festival aborda la diversitat afectiva en el sentit m\u00e9s ampli a trav\u00e9s d\u2019una acurada selecci\u00f3 de llargmetratges, documentals i&hellip;  <a href=\"https:\/\/agora.xtec.cat\/iesacumella\/portada\/festival-fire\/\" title=\"Read Festival FIRE\">Llegeix m\u00e9s\u00bb<\/a><\/p>\n","protected":false},"author":1,"featured_media":7964,"comment_status":"closed","ping_status":"closed","sticky":false,"template":"","format":"standard","meta":{"_bbp_topic_count":0,"_bbp_reply_count":0,"_bbp_total_topic_count":0,"_bbp_total_reply_count":0,"_bbp_voice_count":0,"_bbp_anonymous_reply_count":0,"_bbp_topic_count_hidden":0,"_bbp_reply_count_hidden":0,"_bbp_forum_subforum_count":0,"footnotes":""},"categories":[145,29],"tags":[],"class_list":["post-7963","post","type-post","status-publish","format-standard","has-post-thumbnail","hentry","category-batxillerat-diurn","category-portada"],"post_mailing_queue_ids":[],"_links":{"self":[{"href":"https:\/\/agora.xtec.cat\/iesacumella\/wp-json\/wp\/v2\/posts\/7963","targetHints":{"allow":["GET"]}}],"collection":[{"href":"https:\/\/agora.xtec.cat\/iesacumella\/wp-json\/wp\/v2\/posts"}],"about":[{"href":"https:\/\/agora.xtec.cat\/iesacumella\/wp-json\/wp\/v2\/types\/post"}],"author":[{"embeddable":true,"href":"https:\/\/agora.xtec.cat\/iesacumella\/wp-json\/wp\/v2\/users\/1"}],"replies":[{"embeddable":true,"href":"https:\/\/agora.xtec.cat\/iesacumella\/wp-json\/wp\/v2\/comments?post=7963"}],"version-history":[{"count":1,"href":"https:\/\/agora.xtec.cat\/iesacumella\/wp-json\/wp\/v2\/posts\/7963\/revisions"}],"predecessor-version":[{"id":7966,"href":"https:\/\/agora.xtec.cat\/iesacumella\/wp-json\/wp\/v2\/posts\/7963\/revisions\/7966"}],"wp:featuredmedia":[{"embeddable":true,"href":"https:\/\/agora.xtec.cat\/iesacumella\/wp-json\/wp\/v2\/media\/7964"}],"wp:attachment":[{"href":"https:\/\/agora.xtec.cat\/iesacumella\/wp-json\/wp\/v2\/media?parent=7963"}],"wp:term":[{"taxonomy":"category","embeddable":true,"href":"https:\/\/agora.xtec.cat\/iesacumella\/wp-json\/wp\/v2\/categories?post=7963"},{"taxonomy":"post_tag","embeddable":true,"href":"https:\/\/agora.xtec.cat\/iesacumella\/wp-json\/wp\/v2\/tags?post=7963"}],"curies":[{"name":"wp","href":"https:\/\/api.w.org\/{rel}","templated":true}]}}