{"id":7919,"date":"2021-05-30T17:21:34","date_gmt":"2021-05-30T15:21:34","guid":{"rendered":"http:\/\/agora.xtec.cat\/iesacumella\/?p=7919"},"modified":"2021-06-17T13:01:43","modified_gmt":"2021-06-17T11:01:43","slug":"treball-de-sintesi","status":"publish","type":"post","link":"https:\/\/agora.xtec.cat\/iesacumella\/portada\/treball-de-sintesi\/","title":{"rendered":"Treball de s\u00edntesi"},"content":{"rendered":"<p>En el marc de les col\u00f2nies pedag\u00f2giques, aquesta setmana tot el nivell de 1r d&#8217;ESO ha conegut el bressol de la nostra cultura cl\u00e0ssica aprofitant el treball de s\u00edntesi. Un treball de s\u00edntesi \u00e9s un conjunt d&#8217;activitats d&#8217;ensenyament i aprenentatge, fetes en equip, per desenvolupar les compet\u00e8ncies i comprovar si s&#8217;ha aconseguit que l&#8217;alumnat sigui capa\u00e7 d&#8217;aplicar les compet\u00e8ncies b\u00e0siques treballades en les diferents mat\u00e8ries durant el curs per resoldre q\u00fcestions relacionades amb la vida pr\u00e0ctica.<\/p>\n<p>Enguany el treball de s\u00edntesi duu el nom \u00abl&#8217;Escala Grega\u00bb i les activitats s&#8217;han desenvolupat en dos llocs: a Granollers i a l&#8217;Escala. La sortida principal ha estat la visita a les Ru\u00efnes d&#8217;Emp\u00faries i els participants s&#8217;han allotjat en bungalows d&#8217;un c\u00e0mping a l&#8217;Escala. La tem\u00e0tica del projecte ha girat entorn de l&#8217;Antiga Gr\u00e8cia, aix\u00ed que l&#8217;alumnat, en format de grups que representava una polis grega, ha descobert els principis de la geometria aplicada i l&#8217;alfabet grec, ha pogut fabricar una clepsidra (rellotge d&#8217;aigua), ha conegut com va n\u00e9ixer la democr\u00e0cia a les \u00e0gores, ha representat un escena mitol\u00f2gica amb m\u00e0scares com es feia en el teatre grec, ha organitzat uns jocs esportius per a la resta de les polis participants, ha compost un himne per a les Olimp\u00edades i han pogut con\u00e8ixer les constel\u00b7lacions i les estrelles amb noms d&#8217;origen grec. La valoraci\u00f3 de l&#8217;alumnat i del professorat \u00e9s molt positiva perqu\u00e8 han apr\u00e8s en un espai diferent, l&#8217;experi\u00e8ncia ha estat molt vivencial i han pogut conviure amb els seus companys i companyes durant 3 dies. Esperem repetir el proper curs.<\/p>\n<p><a href=\"https:\/\/agora.xtec.cat\/iesacumella\/wp-content\/uploads\/usu1642\/2021\/05\/Jocs-esportius.jpg\"><img loading=\"lazy\" decoding=\"async\" class=\"alignnone size-medium wp-image-7921\" src=\"https:\/\/agora.xtec.cat\/iesacumella\/wp-content\/uploads\/usu1642\/2021\/05\/Jocs-esportius-300x207.jpg\" alt=\"\" width=\"300\" height=\"207\" srcset=\"https:\/\/agora.xtec.cat\/iesacumella\/wp-content\/uploads\/usu1642\/2021\/05\/Jocs-esportius-300x207.jpg 300w, https:\/\/agora.xtec.cat\/iesacumella\/wp-content\/uploads\/usu1642\/2021\/05\/Jocs-esportius-768x529.jpg 768w, https:\/\/agora.xtec.cat\/iesacumella\/wp-content\/uploads\/usu1642\/2021\/05\/Jocs-esportius-1024x706.jpg 1024w, https:\/\/agora.xtec.cat\/iesacumella\/wp-content\/uploads\/usu1642\/2021\/05\/Jocs-esportius.jpg 1116w\" sizes=\"auto, (max-width: 300px) 100vw, 300px\" \/><\/a> <a href=\"https:\/\/agora.xtec.cat\/iesacumella\/wp-content\/uploads\/usu1642\/2021\/05\/Jocs-esportius1.jpg\"><img loading=\"lazy\" decoding=\"async\" class=\"size-medium wp-image-7922 alignnone\" src=\"https:\/\/agora.xtec.cat\/iesacumella\/wp-content\/uploads\/usu1642\/2021\/05\/Jocs-esportius1-300x155.jpg\" alt=\"\" width=\"300\" height=\"155\" srcset=\"https:\/\/agora.xtec.cat\/iesacumella\/wp-content\/uploads\/usu1642\/2021\/05\/Jocs-esportius1-300x155.jpg 300w, https:\/\/agora.xtec.cat\/iesacumella\/wp-content\/uploads\/usu1642\/2021\/05\/Jocs-esportius1-768x397.jpg 768w, https:\/\/agora.xtec.cat\/iesacumella\/wp-content\/uploads\/usu1642\/2021\/05\/Jocs-esportius1-1024x530.jpg 1024w, https:\/\/agora.xtec.cat\/iesacumella\/wp-content\/uploads\/usu1642\/2021\/05\/Jocs-esportius1.jpg 1469w\" sizes=\"auto, (max-width: 300px) 100vw, 300px\" \/><\/a> <a href=\"https:\/\/agora.xtec.cat\/iesacumella\/wp-content\/uploads\/usu1642\/2021\/05\/Saltar-a-corda.jpg\"><img loading=\"lazy\" decoding=\"async\" class=\"size-medium wp-image-7923 alignnone\" src=\"https:\/\/agora.xtec.cat\/iesacumella\/wp-content\/uploads\/usu1642\/2021\/05\/Saltar-a-corda-300x175.jpg\" alt=\"\" width=\"300\" height=\"175\" srcset=\"https:\/\/agora.xtec.cat\/iesacumella\/wp-content\/uploads\/usu1642\/2021\/05\/Saltar-a-corda-300x175.jpg 300w, https:\/\/agora.xtec.cat\/iesacumella\/wp-content\/uploads\/usu1642\/2021\/05\/Saltar-a-corda-768x447.jpg 768w, https:\/\/agora.xtec.cat\/iesacumella\/wp-content\/uploads\/usu1642\/2021\/05\/Saltar-a-corda-1024x597.jpg 1024w, https:\/\/agora.xtec.cat\/iesacumella\/wp-content\/uploads\/usu1642\/2021\/05\/Saltar-a-corda.jpg 1531w\" sizes=\"auto, (max-width: 300px) 100vw, 300px\" \/><\/a><\/p>\n<p><a href=\"https:\/\/agora.xtec.cat\/iesacumella\/wp-content\/uploads\/usu1642\/2021\/05\/Treball-en-el-bungalow.jpg\"><img loading=\"lazy\" decoding=\"async\" class=\"size-medium wp-image-7925 alignnone\" src=\"https:\/\/agora.xtec.cat\/iesacumella\/wp-content\/uploads\/usu1642\/2021\/05\/Treball-en-el-bungalow-300x255.jpg\" alt=\"\" width=\"300\" height=\"255\" srcset=\"https:\/\/agora.xtec.cat\/iesacumella\/wp-content\/uploads\/usu1642\/2021\/05\/Treball-en-el-bungalow-300x255.jpg 300w, https:\/\/agora.xtec.cat\/iesacumella\/wp-content\/uploads\/usu1642\/2021\/05\/Treball-en-el-bungalow-768x652.jpg 768w, https:\/\/agora.xtec.cat\/iesacumella\/wp-content\/uploads\/usu1642\/2021\/05\/Treball-en-el-bungalow-1024x869.jpg 1024w, https:\/\/agora.xtec.cat\/iesacumella\/wp-content\/uploads\/usu1642\/2021\/05\/Treball-en-el-bungalow.jpg 1099w\" sizes=\"auto, (max-width: 300px) 100vw, 300px\" \/><\/a> <a href=\"https:\/\/agora.xtec.cat\/iesacumella\/wp-content\/uploads\/usu1642\/2021\/05\/Treball-en-el-bungalow1.jpg\"><img loading=\"lazy\" decoding=\"async\" class=\"size-medium wp-image-7926 alignnone\" src=\"https:\/\/agora.xtec.cat\/iesacumella\/wp-content\/uploads\/usu1642\/2021\/05\/Treball-en-el-bungalow1-300x235.jpg\" alt=\"\" width=\"300\" height=\"235\" srcset=\"https:\/\/agora.xtec.cat\/iesacumella\/wp-content\/uploads\/usu1642\/2021\/05\/Treball-en-el-bungalow1-300x235.jpg 300w, https:\/\/agora.xtec.cat\/iesacumella\/wp-content\/uploads\/usu1642\/2021\/05\/Treball-en-el-bungalow1-768x601.jpg 768w, https:\/\/agora.xtec.cat\/iesacumella\/wp-content\/uploads\/usu1642\/2021\/05\/Treball-en-el-bungalow1-1024x801.jpg 1024w, https:\/\/agora.xtec.cat\/iesacumella\/wp-content\/uploads\/usu1642\/2021\/05\/Treball-en-el-bungalow1.jpg 1327w\" sizes=\"auto, (max-width: 300px) 100vw, 300px\" \/><\/a> <a href=\"https:\/\/agora.xtec.cat\/iesacumella\/wp-content\/uploads\/usu1642\/2021\/05\/Treball-en-el-bungalow2.jpg\"><img loading=\"lazy\" decoding=\"async\" class=\"size-medium wp-image-7927 alignnone\" src=\"https:\/\/agora.xtec.cat\/iesacumella\/wp-content\/uploads\/usu1642\/2021\/05\/Treball-en-el-bungalow2-300x212.jpg\" alt=\"\" width=\"300\" height=\"212\" srcset=\"https:\/\/agora.xtec.cat\/iesacumella\/wp-content\/uploads\/usu1642\/2021\/05\/Treball-en-el-bungalow2-300x212.jpg 300w, https:\/\/agora.xtec.cat\/iesacumella\/wp-content\/uploads\/usu1642\/2021\/05\/Treball-en-el-bungalow2-768x543.jpg 768w, https:\/\/agora.xtec.cat\/iesacumella\/wp-content\/uploads\/usu1642\/2021\/05\/Treball-en-el-bungalow2-1024x724.jpg 1024w, https:\/\/agora.xtec.cat\/iesacumella\/wp-content\/uploads\/usu1642\/2021\/05\/Treball-en-el-bungalow2.jpg 1121w\" sizes=\"auto, (max-width: 300px) 100vw, 300px\" \/><\/a><\/p>\n<p><a href=\"https:\/\/agora.xtec.cat\/iesacumella\/wp-content\/uploads\/usu1642\/2021\/05\/Visita-Ru\u00efnes.jpg\"><img loading=\"lazy\" decoding=\"async\" class=\"size-medium wp-image-7928 alignnone\" src=\"https:\/\/agora.xtec.cat\/iesacumella\/wp-content\/uploads\/usu1642\/2021\/05\/Visita-Ru\u00efnes-300x181.jpg\" alt=\"\" width=\"300\" height=\"181\" srcset=\"https:\/\/agora.xtec.cat\/iesacumella\/wp-content\/uploads\/usu1642\/2021\/05\/Visita-Ru\u00efnes-300x181.jpg 300w, https:\/\/agora.xtec.cat\/iesacumella\/wp-content\/uploads\/usu1642\/2021\/05\/Visita-Ru\u00efnes-768x465.jpg 768w, https:\/\/agora.xtec.cat\/iesacumella\/wp-content\/uploads\/usu1642\/2021\/05\/Visita-Ru\u00efnes-1024x620.jpg 1024w, https:\/\/agora.xtec.cat\/iesacumella\/wp-content\/uploads\/usu1642\/2021\/05\/Visita-Ru\u00efnes.jpg 1605w\" sizes=\"auto, (max-width: 300px) 100vw, 300px\" \/><\/a> <a href=\"https:\/\/agora.xtec.cat\/iesacumella\/wp-content\/uploads\/usu1642\/2021\/05\/Visita-Ru\u00efnes1.jpg\"><img loading=\"lazy\" decoding=\"async\" class=\"size-medium wp-image-7929 alignnone\" src=\"https:\/\/agora.xtec.cat\/iesacumella\/wp-content\/uploads\/usu1642\/2021\/05\/Visita-Ru\u00efnes1-300x174.jpg\" alt=\"\" width=\"300\" height=\"174\" srcset=\"https:\/\/agora.xtec.cat\/iesacumella\/wp-content\/uploads\/usu1642\/2021\/05\/Visita-Ru\u00efnes1-300x174.jpg 300w, https:\/\/agora.xtec.cat\/iesacumella\/wp-content\/uploads\/usu1642\/2021\/05\/Visita-Ru\u00efnes1-768x446.jpg 768w, https:\/\/agora.xtec.cat\/iesacumella\/wp-content\/uploads\/usu1642\/2021\/05\/Visita-Ru\u00efnes1-1024x595.jpg 1024w, https:\/\/agora.xtec.cat\/iesacumella\/wp-content\/uploads\/usu1642\/2021\/05\/Visita-Ru\u00efnes1.jpg 1772w\" sizes=\"auto, (max-width: 300px) 100vw, 300px\" \/><\/a> <a href=\"https:\/\/agora.xtec.cat\/iesacumella\/wp-content\/uploads\/usu1642\/2021\/05\/Visita-Ru\u00efnes2.jpg\"><img loading=\"lazy\" decoding=\"async\" class=\"size-medium wp-image-7930 alignnone\" src=\"https:\/\/agora.xtec.cat\/iesacumella\/wp-content\/uploads\/usu1642\/2021\/05\/Visita-Ru\u00efnes2-300x170.jpg\" alt=\"\" width=\"300\" height=\"170\" srcset=\"https:\/\/agora.xtec.cat\/iesacumella\/wp-content\/uploads\/usu1642\/2021\/05\/Visita-Ru\u00efnes2-300x170.jpg 300w, https:\/\/agora.xtec.cat\/iesacumella\/wp-content\/uploads\/usu1642\/2021\/05\/Visita-Ru\u00efnes2-768x436.jpg 768w, https:\/\/agora.xtec.cat\/iesacumella\/wp-content\/uploads\/usu1642\/2021\/05\/Visita-Ru\u00efnes2-1024x582.jpg 1024w, https:\/\/agora.xtec.cat\/iesacumella\/wp-content\/uploads\/usu1642\/2021\/05\/Visita-Ru\u00efnes2.jpg 1832w\" sizes=\"auto, (max-width: 300px) 100vw, 300px\" \/><\/a><\/p>\n<p><a href=\"https:\/\/agora.xtec.cat\/iesacumella\/wp-content\/uploads\/usu1642\/2021\/05\/Visita-Ru\u00efnes3.jpg\"><img loading=\"lazy\" decoding=\"async\" class=\"size-medium wp-image-7931 alignnone\" src=\"https:\/\/agora.xtec.cat\/iesacumella\/wp-content\/uploads\/usu1642\/2021\/05\/Visita-Ru\u00efnes3-300x275.jpg\" alt=\"\" width=\"300\" height=\"275\" srcset=\"https:\/\/agora.xtec.cat\/iesacumella\/wp-content\/uploads\/usu1642\/2021\/05\/Visita-Ru\u00efnes3-300x275.jpg 300w, https:\/\/agora.xtec.cat\/iesacumella\/wp-content\/uploads\/usu1642\/2021\/05\/Visita-Ru\u00efnes3-768x705.jpg 768w, https:\/\/agora.xtec.cat\/iesacumella\/wp-content\/uploads\/usu1642\/2021\/05\/Visita-Ru\u00efnes3-1024x940.jpg 1024w, https:\/\/agora.xtec.cat\/iesacumella\/wp-content\/uploads\/usu1642\/2021\/05\/Visita-Ru\u00efnes3.jpg 1071w\" sizes=\"auto, (max-width: 300px) 100vw, 300px\" \/><\/a> <a href=\"https:\/\/agora.xtec.cat\/iesacumella\/wp-content\/uploads\/usu1642\/2021\/05\/Torre-Montg\u00f3.jpg\"><img loading=\"lazy\" decoding=\"async\" class=\"size-medium wp-image-7924 alignnone\" src=\"https:\/\/agora.xtec.cat\/iesacumella\/wp-content\/uploads\/usu1642\/2021\/05\/Torre-Montg\u00f3-225x300.jpg\" alt=\"\" width=\"225\" height=\"300\" srcset=\"https:\/\/agora.xtec.cat\/iesacumella\/wp-content\/uploads\/usu1642\/2021\/05\/Torre-Montg\u00f3-225x300.jpg 225w, https:\/\/agora.xtec.cat\/iesacumella\/wp-content\/uploads\/usu1642\/2021\/05\/Torre-Montg\u00f3-768x1024.jpg 768w, https:\/\/agora.xtec.cat\/iesacumella\/wp-content\/uploads\/usu1642\/2021\/05\/Torre-Montg\u00f3.jpg 1200w\" sizes=\"auto, (max-width: 225px) 100vw, 225px\" \/><\/a><\/p>\n","protected":false},"excerpt":{"rendered":"<p>En el marc de les col\u00f2nies pedag\u00f2giques, aquesta setmana tot el nivell de 1r d&#8217;ESO ha conegut el bressol de la nostra cultura cl\u00e0ssica aprofitant el treball de s\u00edntesi. Un treball de s\u00edntesi \u00e9s un conjunt d&#8217;activitats d&#8217;ensenyament i aprenentatge, fetes en equip, per desenvolupar&hellip;  <a href=\"https:\/\/agora.xtec.cat\/iesacumella\/portada\/treball-de-sintesi\/\" title=\"Read Treball de s\u00edntesi\">Llegeix m\u00e9s\u00bb<\/a><\/p>\n","protected":false},"author":1,"featured_media":7927,"comment_status":"closed","ping_status":"closed","sticky":false,"template":"","format":"standard","meta":{"_bbp_topic_count":0,"_bbp_reply_count":0,"_bbp_total_topic_count":0,"_bbp_total_reply_count":0,"_bbp_voice_count":0,"_bbp_anonymous_reply_count":0,"_bbp_topic_count_hidden":0,"_bbp_reply_count_hidden":0,"_bbp_forum_subforum_count":0,"footnotes":""},"categories":[125,29],"tags":[],"class_list":["post-7919","post","type-post","status-publish","format-standard","has-post-thumbnail","hentry","category-1r-eso","category-portada"],"post_mailing_queue_ids":[],"_links":{"self":[{"href":"https:\/\/agora.xtec.cat\/iesacumella\/wp-json\/wp\/v2\/posts\/7919","targetHints":{"allow":["GET"]}}],"collection":[{"href":"https:\/\/agora.xtec.cat\/iesacumella\/wp-json\/wp\/v2\/posts"}],"about":[{"href":"https:\/\/agora.xtec.cat\/iesacumella\/wp-json\/wp\/v2\/types\/post"}],"author":[{"embeddable":true,"href":"https:\/\/agora.xtec.cat\/iesacumella\/wp-json\/wp\/v2\/users\/1"}],"replies":[{"embeddable":true,"href":"https:\/\/agora.xtec.cat\/iesacumella\/wp-json\/wp\/v2\/comments?post=7919"}],"version-history":[{"count":3,"href":"https:\/\/agora.xtec.cat\/iesacumella\/wp-json\/wp\/v2\/posts\/7919\/revisions"}],"predecessor-version":[{"id":7940,"href":"https:\/\/agora.xtec.cat\/iesacumella\/wp-json\/wp\/v2\/posts\/7919\/revisions\/7940"}],"wp:featuredmedia":[{"embeddable":true,"href":"https:\/\/agora.xtec.cat\/iesacumella\/wp-json\/wp\/v2\/media\/7927"}],"wp:attachment":[{"href":"https:\/\/agora.xtec.cat\/iesacumella\/wp-json\/wp\/v2\/media?parent=7919"}],"wp:term":[{"taxonomy":"category","embeddable":true,"href":"https:\/\/agora.xtec.cat\/iesacumella\/wp-json\/wp\/v2\/categories?post=7919"},{"taxonomy":"post_tag","embeddable":true,"href":"https:\/\/agora.xtec.cat\/iesacumella\/wp-json\/wp\/v2\/tags?post=7919"}],"curies":[{"name":"wp","href":"https:\/\/api.w.org\/{rel}","templated":true}]}}